{"id":13537,"date":"2019-03-26T23:12:39","date_gmt":"2019-03-26T21:12:39","guid":{"rendered":"http:\/\/www.friedenkoeln.de\/?p=13537"},"modified":"2019-03-27T12:16:55","modified_gmt":"2019-03-27T10:16:55","slug":"koelner-oberbuergermeisterin-henriette-reker-gruesst-abruestungsbefuerworterinnen-in-buechel","status":"publish","type":"post","link":"https:\/\/www.friedenkoeln.de\/?p=13537","title":{"rendered":"K\u00f6lner Oberb\u00fcrgermeisterin Henriette Reker gr\u00fc\u00dft Abr\u00fcstungsbef\u00fcrworter*innen in B\u00fcchel"},"content":{"rendered":"<div class=\"page\" title=\"Page 1\">\n<div class=\"layoutArea\">\n<div class=\"column\">\n<p><em>Zum heutigen Auftakt der zwanzigw\u00f6chigen Aktionspr\u00e4senz am Atombombenstandort B\u00fcchel der Kampagne &#8222;B\u00fcchel ist \u00fcberall &#8211; Atomwaffenfrei jetzt!&#8220; unterst\u00fctzte die Oberb\u00fcrgermeisterin der Stadt K\u00f6ln, Henriette Reker, die Bem\u00fchungen f\u00fcr den Abzug und die Abr\u00fcstung der Atomwaffen durch ein Gru\u00dfwort:<\/em><\/p>\n<hr \/>\n<p>Sehr geehrte Damen und Herren,<\/p>\n<p>ich bedauere es, heute nicht pers\u00f6nlich zu Ihnen sprechen zu k\u00f6nnen. Dennoch m\u00f6chte ich mir die Gelegenheit nicht entgehen lassen, bei dieser wichtigen Veranstaltung einige Worte an Sie zu richten.<\/p>\n<p>Mit der Auftaktveranstaltung der 20 Aktionswochen gegen Atombomben setzen Sie alle ein wichtiges Zeichen. Sie demonstrieren f\u00fcr den Weltfrieden ohne Gewalt und ohne Waffen.<\/p>\n<p>Die Stadt K\u00f6ln ist seit 1985 Mitglied im Netzwerk \u201eMayors for Peace\u201c. Und als Oberb\u00fcrgermeisterin f\u00fcr den Frieden m\u00f6chte ich, dass sich die B\u00fcrgerinnen und B\u00fcrger in ihren St\u00e4dten sicher f\u00fchlen. Das betrifft nicht nur die Stadt K\u00f6ln. Die Sicherheit von B\u00fcrgerinnen und B\u00fcrgern muss im ganzen Land gew\u00e4hrleistet sein. Aus diesem Grund hat die Stadt K\u00f6ln am 05. M\u00e4rz den ICAN-St\u00e4dteappell unterzeichnet und die Bundesregierung damit aufgefordert, sich dem Vertrag zum Verbot von Atomwaffen anzuschlie\u00dfen.<\/p>\n<p>Die Fehler der Vergangenheit, die Verbrechen gegen die Menschheit durch den Einsatz von Atomwaffen, d\u00fcrfen nicht wiederholt werden. Sp\u00e4testens seit 1945, mit den Abw\u00fcrfen von Atombomben auf Hiroshima und Nagasaki und in Anbetracht der Aussetzung des INF-Vertrags durch Russland und die USA, ist es unsere Pflicht, uns miteinander f\u00fcr den Frieden einzusetzen.<\/p>\n<div id=\"attachment_13539\" style=\"width: 454px\" class=\"wp-caption alignleft\"><img loading=\"lazy\" decoding=\"async\" aria-describedby=\"caption-attachment-13539\" class=\" wp-image-13539\" src=\"http:\/\/www.friedenkoeln.de\/wp-content\/uploads\/2019\/03\/55939779_2220212171358243_5233767655650885632_n.jpg\" alt=\"Zwei Frauen und ein Mann stehen winterlich gekleidet nebeneinander; im Hintergrund zahlreiche bunt gestreifte Friedensfahnen und die blauwei\u00dfe Fahne der DFG-VK.\" width=\"444\" height=\"296\" srcset=\"https:\/\/www.friedenkoeln.de\/wp-content\/uploads\/2019\/03\/55939779_2220212171358243_5233767655650885632_n.jpg 960w, https:\/\/www.friedenkoeln.de\/wp-content\/uploads\/2019\/03\/55939779_2220212171358243_5233767655650885632_n-150x100.jpg 150w, https:\/\/www.friedenkoeln.de\/wp-content\/uploads\/2019\/03\/55939779_2220212171358243_5233767655650885632_n-768x512.jpg 768w\" sizes=\"auto, (max-width: 444px) 100vw, 444px\" \/><p id=\"caption-attachment-13539\" class=\"wp-caption-text\">Michael S\u00fcnner (rechts) berichtet vom Hiroshima-Nagasaki-Arbeitskreis und den kommunalpolitischen Friedensaktivit\u00e4ten in K\u00f6ln, und eine Teilnehmerin der Jugenddelegation zur UN verliest das Gru\u00dfwort der K\u00f6lner Oberb\u00fcrgermeisterin Henriette Reker beim Auftakt der Aktionspr\u00e4sens am 26.3.19 in B\u00fcchel. Foto: B\u00fcchel ist \u00fcberall &#8211; atomwaffenfrei jetzt!<\/p><\/div>\n<p>Mit Aktionen f\u00fcr die weltweite Abschaffung von Atomwaffen, f\u00fcr eine Abr\u00fcstung und gegen Kriegseins\u00e4tze und R\u00fcstungsexporte setzen Sie ein Zeichen f\u00fcr den Weltfrieden! Daf\u00fcr herzlichen Dank!<\/p>\n<p>Ich w\u00fcnsche Ihnen allen erfolgreiche Aktionswochen in B\u00fcchel. Herzliche Gr\u00fc\u00dfe aus K\u00f6ln<br \/>\nIhre<\/p>\n<p>Henriette Reker<br \/>\nOberb\u00fcrgermeisterin der Stadt K\u00f6ln<\/p>\n<\/div>\n<\/div>\n<\/div>\n<p>&nbsp;<\/p>\n<p>&nbsp;<\/p>\n<p>&nbsp;<\/p>\n<p>&nbsp;<\/p>\n<p>&nbsp;<\/p>\n<hr \/>\n<p><em>Korrektur der Bildunterschrift am 27.3.2019, 11:15.<\/em><\/p>\n","protected":false},"excerpt":{"rendered":"<p>Zum heutigen Auftakt der zwanzigw\u00f6chigen Aktionspr\u00e4senz am Atombombenstandort B\u00fcchel der Kampagne &#8222;B\u00fcchel ist \u00fcberall &#8211; Atomwaffenfrei jetzt!&#8220; unterst\u00fctzte die Oberb\u00fcrgermeisterin der Stadt K\u00f6ln, Henriette Reker, die Bem\u00fchungen f\u00fcr den Abzug und die Abr\u00fcstung der&#46;&#46;&#46;<\/p>\n","protected":false},"author":110,"featured_media":0,"comment_status":"open","ping_status":"open","sticky":false,"template":"","format":"standard","meta":{"footnotes":""},"categories":[111],"tags":[33,112,61],"class_list":["post-13537","post","type-post","status-publish","format-standard","hentry","category-rede","tag-atomwaffen","tag-atomwaffenverbotsvertrag","tag-kommunale-friedensarbeit"],"_links":{"self":[{"href":"https:\/\/www.friedenkoeln.de\/index.php?rest_route=\/wp\/v2\/posts\/13537","targetHints":{"allow":["GET"]}}],"collection":[{"href":"https:\/\/www.friedenkoeln.de\/index.php?rest_route=\/wp\/v2\/posts"}],"about":[{"href":"https:\/\/www.friedenkoeln.de\/index.php?rest_route=\/wp\/v2\/types\/post"}],"author":[{"embeddable":true,"href":"https:\/\/www.friedenkoeln.de\/index.php?rest_route=\/wp\/v2\/users\/110"}],"replies":[{"embeddable":true,"href":"https:\/\/www.friedenkoeln.de\/index.php?rest_route=%2Fwp%2Fv2%2Fcomments&post=13537"}],"version-history":[{"count":6,"href":"https:\/\/www.friedenkoeln.de\/index.php?rest_route=\/wp\/v2\/posts\/13537\/revisions"}],"predecessor-version":[{"id":13544,"href":"https:\/\/www.friedenkoeln.de\/index.php?rest_route=\/wp\/v2\/posts\/13537\/revisions\/13544"}],"wp:attachment":[{"href":"https:\/\/www.friedenkoeln.de\/index.php?rest_route=%2Fwp%2Fv2%2Fmedia&parent=13537"}],"wp:term":[{"taxonomy":"category","embeddable":true,"href":"https:\/\/www.friedenkoeln.de\/index.php?rest_route=%2Fwp%2Fv2%2Fcategories&post=13537"},{"taxonomy":"post_tag","embeddable":true,"href":"https:\/\/www.friedenkoeln.de\/index.php?rest_route=%2Fwp%2Fv2%2Ftags&post=13537"}],"curies":[{"name":"wp","href":"https:\/\/api.w.org\/{rel}","templated":true}]}}