{"id":13604,"date":"2019-04-01T00:07:23","date_gmt":"2019-03-31T22:07:23","guid":{"rendered":"http:\/\/www.friedenkoeln.de\/?p=13604"},"modified":"2019-04-01T00:08:08","modified_gmt":"2019-03-31T22:08:08","slug":"goldene-kampfdrohne-als-kunstobjekt-fuer-den-oeffentlichen-raum","status":"publish","type":"post","link":"https:\/\/www.friedenkoeln.de\/?p=13604","title":{"rendered":"Goldene Kampfdrohne als Kunstobjekt f\u00fcr den \u00d6ffentlichen Raum?"},"content":{"rendered":"<div id=\"attachment_13609\" style=\"width: 436px\" class=\"wp-caption alignright\"><img loading=\"lazy\" decoding=\"async\" aria-describedby=\"caption-attachment-13609\" class=\" wp-image-13609\" src=\"http:\/\/www.friedenkoeln.de\/wp-content\/uploads\/2019\/03\/1024px-K\u00f6ln_Zeughaus_Fl\u00fcgelauto_von_HA_Schuld_1991_168.jpg\" alt=\"Zwischen B\u00e4umen hindurch ist das goldene gefl\u00fcgelte Auto auf einem Backsteinturm zu sehen.\" width=\"426\" height=\"283\" srcset=\"https:\/\/www.friedenkoeln.de\/wp-content\/uploads\/2019\/03\/1024px-K\u00f6ln_Zeughaus_Fl\u00fcgelauto_von_HA_Schuld_1991_168.jpg 1024w, https:\/\/www.friedenkoeln.de\/wp-content\/uploads\/2019\/03\/1024px-K\u00f6ln_Zeughaus_Fl\u00fcgelauto_von_HA_Schuld_1991_168-150x100.jpg 150w, https:\/\/www.friedenkoeln.de\/wp-content\/uploads\/2019\/03\/1024px-K\u00f6ln_Zeughaus_Fl\u00fcgelauto_von_HA_Schuld_1991_168-768x511.jpg 768w\" sizes=\"auto, (max-width: 426px) 100vw, 426px\" \/><p id=\"caption-attachment-13609\" class=\"wp-caption-text\">Fl\u00fcgelauto von HA Schult, K\u00f6ln, Zeughaus, 1991. Foto (25.9.2011): Michael Kramer (CC BY-SA 3.0)<\/p><\/div>\n<p><em>K\u00f6ln<\/em>. Wie aus Kreisen st\u00e4dtischer Angestellter zu erfahren war, soll das goldene Fl\u00fcgelauto von HA Schult, das auf dem Dach des K\u00f6lner Stadtmuseums steht, in K\u00fcrze durch eine goldene Kampfdrohne\u00a0ersetzt werden. Wer genau hinter der Schenkung des spektakul\u00e4ren Kunstobjekts f\u00fcr den \u00d6ffentlichen Raum steht, ist noch nicht bekannt. Die DFG-VK Gruppe K\u00f6ln vermutet, dass die Aktion mit dem Deutschen Zentrum f\u00fcr Luft- und Raumfahrt (DLR) in K\u00f6ln-Porz zusammenh\u00e4ngt. Das <a href=\"http:\/\/www.friedenkoeln.de\/?p=13340\">DLR koordiniert die Entwicklung der europ\u00e4ischen Gro\u00dfdrohne<\/a>; dem Verein, der wenig \u00fcber seine R\u00fcstungsforschung publiziert, f\u00e4llt wohl auch die Aufgabe zu, der skeptischen Bev\u00f6lkerung zu erkl\u00e4ren, weshalb sie f\u00fcr das R\u00fcstungsprogramm mutma\u00dflich Dutzende Milliarden Euro Steuergelder aufbringen soll. Seit den Enth\u00fcllungen von Edward Snowden und anderen Insidern \u00fcber die Einbindung Ramsteins in den US-Drohnenkrieg <a href=\"https:\/\/www.heise.de\/tp\/features\/Countdown-fuer-Kampfdrohnen-4036570.html\">lehnt die Mehrheit der Bev\u00f6lkerung Kampfdrohnen<\/a> ab.<span class=\"Apple-converted-space\">\u00a0<\/span><\/p>\n<p>In ihrer <a href=\"http:\/\/www.friedenkoeln.de\/?p=13340\">Rede am 27.1.2019<\/a> hatte Stefanie Intveen, eine Sprecherin der DFG-VK Gruppe K\u00f6ln, die Aufr\u00fcstungspl\u00e4ne skizziert:<\/p>\n<blockquote><p>Im April 2018 haben Airbus und der franz\u00f6sische Konzern Dassault Aviation vereinbart, ein so genanntes \u201e<b>Future Combat Air System (FCAS)<\/b>\u201c zu entwickeln. Darunter ist ein System von Flugzeugen, Drohnen, Drohnenschw\u00e4rmen und Marschflugk\u00f6rpern zu verstehen, das gemeinsam angreifen kann; es soll m\u00f6glich sein, das Ganze mit Satelliten, NATO-Systemen und land- und seegest\u00fctzten Waffensystemen zu verbinden.<\/p>\n<p>Die beteiligten Konzerne peilen damit enorme Ums\u00e4tze an. Das Handelsblatt nannte Zahlen: die Branche sch\u00e4tze, dass der Verkauf des Future Combat Air System Ums\u00e4tze in H\u00f6he von 500 Milliarden Euro bringen werde.\u00a0Genau zu diesem Future Combat Air System schlossen das <b>DLR und die Airbus-R\u00fcstungssparte Airbus Defence and Space <\/b>am 16. Oktober 2018 eine Rahmenvereinbarung, n\u00e4mlich zur f\u00fcr die Entwicklung der \u201eKampfflugzeuge der n\u00e4chsten Generation\u201c und eines \u201eLuftkampfsystems der Zukunft (FCAS)\u201c.<\/p><\/blockquote>\n<p>Es ist gut vorstellbar, dass bei diesen finanziellen Gr\u00f6\u00dfenordnungen ein Kunst-Sponsoring f\u00fcr die Stadt K\u00f6ln nicht weiter ins Gewicht f\u00e4llt. Markus Fr\u00f6hlich, einer der Sprecher der DFG-VK Gruppe K\u00f6ln, sagt dazu:<\/p>\n<blockquote><p>Das Ganze ist v\u00f6llig verr\u00fcckt &#8211; die K\u00f6lner B\u00fcrger*innen werden der R\u00fcstungsindustrie und dem DLR nicht auf den Leim gehen. Dieser Schuss geht nach hinten los!<\/p><\/blockquote>\n<p>Eine Stellungnahme von HA Schult war bisher nicht zu erhalten.<\/p>\n","protected":false},"excerpt":{"rendered":"<p>K\u00f6ln. Wie aus Kreisen st\u00e4dtischer Angestellter zu erfahren war, soll das goldene Fl\u00fcgelauto von HA Schult, das auf dem Dach des K\u00f6lner Stadtmuseums steht, in K\u00fcrze durch eine goldene Kampfdrohne\u00a0ersetzt werden. Wer genau hinter&#46;&#46;&#46;<\/p>\n","protected":false},"author":110,"featured_media":0,"comment_status":"open","ping_status":"open","sticky":false,"template":"","format":"standard","meta":{"footnotes":""},"categories":[105],"tags":[44,39,9,130,41,62],"class_list":["post-13604","post","type-post","status-publish","format-standard","hentry","category-bericht","tag-drohnen","tag-kampfdrohnen","tag-frieden-und-kunst","tag-ruestungsindustrie","tag-satire","tag-wissenschaft"],"_links":{"self":[{"href":"https:\/\/www.friedenkoeln.de\/index.php?rest_route=\/wp\/v2\/posts\/13604","targetHints":{"allow":["GET"]}}],"collection":[{"href":"https:\/\/www.friedenkoeln.de\/index.php?rest_route=\/wp\/v2\/posts"}],"about":[{"href":"https:\/\/www.friedenkoeln.de\/index.php?rest_route=\/wp\/v2\/types\/post"}],"author":[{"embeddable":true,"href":"https:\/\/www.friedenkoeln.de\/index.php?rest_route=\/wp\/v2\/users\/110"}],"replies":[{"embeddable":true,"href":"https:\/\/www.friedenkoeln.de\/index.php?rest_route=%2Fwp%2Fv2%2Fcomments&post=13604"}],"version-history":[{"count":7,"href":"https:\/\/www.friedenkoeln.de\/index.php?rest_route=\/wp\/v2\/posts\/13604\/revisions"}],"predecessor-version":[{"id":13612,"href":"https:\/\/www.friedenkoeln.de\/index.php?rest_route=\/wp\/v2\/posts\/13604\/revisions\/13612"}],"wp:attachment":[{"href":"https:\/\/www.friedenkoeln.de\/index.php?rest_route=%2Fwp%2Fv2%2Fmedia&parent=13604"}],"wp:term":[{"taxonomy":"category","embeddable":true,"href":"https:\/\/www.friedenkoeln.de\/index.php?rest_route=%2Fwp%2Fv2%2Fcategories&post=13604"},{"taxonomy":"post_tag","embeddable":true,"href":"https:\/\/www.friedenkoeln.de\/index.php?rest_route=%2Fwp%2Fv2%2Ftags&post=13604"}],"curies":[{"name":"wp","href":"https:\/\/api.w.org\/{rel}","templated":true}]}}