{"id":13614,"date":"2019-04-07T18:38:55","date_gmt":"2019-04-07T16:38:55","guid":{"rendered":"http:\/\/www.friedenkoeln.de\/?p=13614"},"modified":"2019-04-07T18:38:55","modified_gmt":"2019-04-07T16:38:55","slug":"stefanie-intveen-bei-pulse-of-europe-koeln-zivile-sicherheitspolitik-statt-aufruestung-der-eu","status":"publish","type":"post","link":"https:\/\/www.friedenkoeln.de\/?p=13614","title":{"rendered":"Stefanie Intveen bei Pulse of Europe K\u00f6ln: Zivile Sicherheitspolitik statt Aufr\u00fcstung der EU!"},"content":{"rendered":"<p><em>&#8222;Pulse of Europe&#8220; lud am 7.4.2019 zum Thema \u201eFrieden ist kein Naturgesetz\u201c auf den Roncalliplatz K\u00f6ln ein. Nach einem Gru\u00dfwort von\u00a0Oberb\u00fcrgermeisterin Henriette Reker und den angek\u00fcndigten\u00a0Redebeitr\u00e4gen von Daniela Teske (St\u00e4dtepartnerschaft K\u00f6ln-Turin) und\u00a0Wittich Rossmann (DGB K\u00f6ln und &#8222;Abr\u00fcsten statt Aufr\u00fcsten!&#8220;) sprach u. a. Stefanie Intveen (DFG-VK Gruppe K\u00f6ln). Es folgt das Skript ihrer Rede.<\/em><\/p>\n<hr \/>\n<p>Liebe Mitstreiterinnen und Mitstreiter,<span class=\"Apple-converted-space\">\u00a0<\/span><\/p>\n<p>\u201eFrieden ist kein Naturgesetz\u201c. Ich komme gerade von einer Tagung \u00fcber die Ukraine und stehe noch unter diesem Eindruck. Im Osten der Ukraine herrscht Krieg, und auf der Tagung war das sehr pr\u00e4sent.<\/p>\n<p>Frieden ist das Ergebnis von geduldiger und dauerhafter Arbeit miteinander. Frieden muss mit m\u00f6glichen Gegnern gemacht werden, mit denjenigen, die Angst einfl\u00f6\u00dfen. Vielen in Europa fl\u00f6\u00dft Russland Angst ein, manche haben Angst vor China, einige auch vor den USA.<\/p>\n<div id=\"attachment_13623\" style=\"width: 331px\" class=\"wp-caption alignright\"><img loading=\"lazy\" decoding=\"async\" aria-describedby=\"caption-attachment-13623\" class=\" wp-image-13623\" src=\"http:\/\/www.friedenkoeln.de\/wp-content\/uploads\/2019\/04\/fullsizeoutput_d77.jpeg\" alt=\"Eine Menge mit blauen EU-Flaggen schaut bei strahlendem Sonnenschein Richtung B\u00fchne, welche mit dem R\u00fccken am Seitenportal des K\u00f6lner Doms steht. Auf der B\u00fchne aus der Ferne winzig die Oberb\u00fcrgermeisterin. \" width=\"321\" height=\"428\" srcset=\"https:\/\/www.friedenkoeln.de\/wp-content\/uploads\/2019\/04\/fullsizeoutput_d77.jpeg 2945w, https:\/\/www.friedenkoeln.de\/wp-content\/uploads\/2019\/04\/fullsizeoutput_d77-112x150.jpeg 112w, https:\/\/www.friedenkoeln.de\/wp-content\/uploads\/2019\/04\/fullsizeoutput_d77-768x1024.jpeg 768w\" sizes=\"auto, (max-width: 321px) 100vw, 321px\" \/><p id=\"caption-attachment-13623\" class=\"wp-caption-text\">Oberb\u00fcrgermeisterin Henriette Reker auf der B\u00fchne von Pulse of Europe, 7.4.2019 Roncalliplatz K\u00f6ln. Foto: Stefanie Intveen<\/p><\/div>\n<p>In der Friedensbewegung sprechen wir vom &#8222;positiven&#8220; oder vom &#8222;gerechten&#8220; Frieden. Ein gerechter Friede entsteht, wenn Vertrauen herrscht, wenn man keine Angst vor dem anderen hat und alle sich &#8211; wenigstens einigerma\u00dfen &#8211; fair behandelt f\u00fchlen. Der gerechte Friede ist ein vern\u00fcnftiges Leitbild f\u00fcr die Politik. Man muss sich nicht lieben, aber man muss versuchen, die Welt aus dem Blickwinkel des Gegners zu betrachten. Gef\u00fchle spielen eine gro\u00dfe Rolle. Die Angst der Menschen in Polen und den baltischen Staaten vor Russland dient als Begr\u00fcndung f\u00fcr die Aufr\u00fcstung der NATO-Staaten.<\/p>\n<p>Der ber\u00fchmte Clausewitz hat erkl\u00e4rt, Krieg sei ein Mittel, das einem politischen Zweck dienen solle. Zur Friedenssicherung empfahl er milit\u00e4rische Abschreckung. Nach zwei furchtbaren Weltkriegen, die mit industriellen Methoden gef\u00fchrt wurden, Europa verw\u00fcsteten und zig Millionen Tote, Verwundete und Vertriebene hervorbrachten, f\u00e4llt es schwer, diese 200 Jahre alten Ideen einfach so hinzunehmen. Die oberste Maxime muss es doch sein, milit\u00e4rische Gewalt unbedingt zu verhindern. Abschreckung ist im Zeitalter der Atomwaffen, der elektronischen Kriegf\u00fchrung, des Cyber-Kriegs zu riskant.<span class=\"Apple-converted-space\">\u00a0<\/span><\/p>\n<p>Wir wissen heute ziemlich genau, wie man milit\u00e4rische Konflikte mit zivilen Methoden vermeiden kann. Das Wissen muss den Regierungen und Parlamenten zur Verf\u00fcgung stehen, wenn es darauf ankommt. F\u00fcr Diplomatie, Vorbeugung von Gewalt und vertrauensbildende Ma\u00dfnahmen m\u00fcssen dauerhaft gen\u00fcgend Mittel bereitstehen.<\/p>\n<p>Wenn die EU und die EU-Mitglieder nun in die F\u00fchrbarkeit von Kriegen investieren, wie wir immer h\u00e4ufiger in unserer Presse lesen, dann fehlen Geld und Ressourcen f\u00fcr die zivile Sicherheitspolitik. Es gibt ein Risiko der sich selbst erf\u00fcllenden Prophezeiung: die Angst vor milit\u00e4rischen Konflikten f\u00fchrt dazu, dass man &#8211; nach Clausewitz &#8211; auf Aufr\u00fcstung und Abschreckung setzt; das gibt dem milit\u00e4rischen Denken in den Regierungen einen gr\u00f6\u00dferen Raum; zivile Methoden der Konfliktregelung werden untersch\u00e4tzt oder vergessen; und dann steigt das Kriegsrisiko tats\u00e4chlich.<\/p>\n<div id=\"attachment_13619\" style=\"width: 365px\" class=\"wp-caption alignright\"><img loading=\"lazy\" decoding=\"async\" aria-describedby=\"caption-attachment-13619\" class=\" wp-image-13619\" src=\"http:\/\/www.friedenkoeln.de\/wp-content\/uploads\/2019\/04\/55823787_3014303601916860_9084573962456793088_n.jpg\" alt=\"Veranstaltungsbanner auf blauem Grund mit gelben Europasternchen und gelber und wei\u00dfer Schrift.\" width=\"355\" height=\"197\" srcset=\"https:\/\/www.friedenkoeln.de\/wp-content\/uploads\/2019\/04\/55823787_3014303601916860_9084573962456793088_n.jpg 810w, https:\/\/www.friedenkoeln.de\/wp-content\/uploads\/2019\/04\/55823787_3014303601916860_9084573962456793088_n-150x83.jpg 150w, https:\/\/www.friedenkoeln.de\/wp-content\/uploads\/2019\/04\/55823787_3014303601916860_9084573962456793088_n-768x427.jpg 768w\" sizes=\"auto, (max-width: 355px) 100vw, 355px\" \/><p id=\"caption-attachment-13619\" class=\"wp-caption-text\">&#8222;Frieden ist kein Naturgesetz&#8220;. Motto der Veranstaltung von Pulse of Europe am 7.4.2019 in K\u00f6ln.<\/p><\/div>\n<p>Die Organisation f\u00fcr Sicherheit und Zusammenarbeit in Europa hat Methoden, Erfahrungen und Personal, das sich mit solchen zivilen Methoden auskennt. Es gibt eingespielte Fr\u00fchwarnsysteme und Gespr\u00e4chskan\u00e4le. Sicherheitspolitik in Europa sollte daher vor allem Sache der OSZE sein &#8211; auch weil die USA und Russland hier Mitglieder sind. Die Europ\u00e4ische Union und ihre Mitgliedstaaten k\u00f6nnen die OSZE st\u00e4rken &#8211; als gemeinschaftlichen Ort der Konfliktregelung auf unserem Kontinent.<span class=\"Apple-converted-space\">\u00a0<\/span><\/p>\n<p>Wir lehnen daher die geplanten Milliardeninvestitionen f\u00fcr die europ\u00e4ische R\u00fcstungsindustrie und Milit\u00e4reins\u00e4tze der EU ab. Der sogenannte Europ\u00e4ische Verteidigungsfonds und PESCO, der Keim einer EU-Armee, schaden der Sicherheit in Europa. Der Vertrag von Lissabon verbietet die Finanzierung von R\u00fcstungsprojekten und Milit\u00e4reins\u00e4tzen aus dem Gemeinschaftshaushalt der Europ\u00e4ischen Union. Wir erwarten, dass sich das Europ\u00e4ische Parlament gegen die Aufr\u00fcstung der EU einsetzt.<\/p>\n<p>Der indische Politiker Mahatma Ghandi erkl\u00e4rte seine gewaltfreie Methode so: ihr Wesen bestehe darin, Feindschaften zu vernichten und nicht die Feinde selbst. Wir Europ\u00e4erinnen und Europ\u00e4er k\u00f6nnen daran mitwirken.<span class=\"Apple-converted-space\">\u00a0<\/span><\/p>\n<p>Vielen Dank f\u00fcr Ihre Geduld, und ich w\u00fcnsche Ihnen einen sch\u00f6nen Sonntag.<\/p>\n<hr \/>\n<div id=\"attachment_13626\" style=\"width: 351px\" class=\"wp-caption alignright\"><img loading=\"lazy\" decoding=\"async\" aria-describedby=\"caption-attachment-13626\" class=\" wp-image-13626\" src=\"http:\/\/www.friedenkoeln.de\/wp-content\/uploads\/2019\/04\/fullsizeoutput_d79.jpeg\" alt=\"Ein kleiner Infotisch mit Transparenten und der DFG-VK-Flagge. Dahinter die B\u00fchne von Pulse of Europe und das Seitenportal des K\u00f6lner Doms.\" width=\"341\" height=\"266\" srcset=\"https:\/\/www.friedenkoeln.de\/wp-content\/uploads\/2019\/04\/fullsizeoutput_d79.jpeg 3550w, https:\/\/www.friedenkoeln.de\/wp-content\/uploads\/2019\/04\/fullsizeoutput_d79-150x117.jpeg 150w, https:\/\/www.friedenkoeln.de\/wp-content\/uploads\/2019\/04\/fullsizeoutput_d79-768x599.jpeg 768w\" sizes=\"auto, (max-width: 341px) 100vw, 341px\" \/><p id=\"caption-attachment-13626\" class=\"wp-caption-text\">Infostand des K\u00f6lner Friedensforums zu &#8222;Abr\u00fcsten statt aufr\u00fcsten&#8220; vor Veranstaltungsbeginn bei Pulse of Europe, 7.4.2019 Roncalliplatz K\u00f6ln. Foto: Stefanie Intveen<\/p><\/div>\n<p><em>Empfehlungen:<\/em><\/p>\n<p><em>Ostersamstag, 20.4.2019, 11:00 Uhr, Bahnhofsvorplatz K\u00f6ln: Auftakt des Ostermarsches Rhein-Ruhr<\/em><\/p>\n<p><em>F\u00fcr &#8222;<a href=\"https:\/\/abruesten.jetzt\">Abr\u00fcsten statt aufr\u00fcsten<\/a>&#8220; unterzeichnen!<\/em><\/p>\n","protected":false},"excerpt":{"rendered":"<p>&#8222;Pulse of Europe&#8220; lud am 7.4.2019 zum Thema \u201eFrieden ist kein Naturgesetz\u201c auf den Roncalliplatz K\u00f6ln ein. Nach einem Gru\u00dfwort von\u00a0Oberb\u00fcrgermeisterin Henriette Reker und den angek\u00fcndigten\u00a0Redebeitr\u00e4gen von Daniela Teske (St\u00e4dtepartnerschaft K\u00f6ln-Turin) und\u00a0Wittich Rossmann (DGB&#46;&#46;&#46;<\/p>\n","protected":false},"author":110,"featured_media":0,"comment_status":"open","ping_status":"open","sticky":false,"template":"","format":"standard","meta":{"footnotes":""},"categories":[111],"tags":[144,4],"class_list":["post-13614","post","type-post","status-publish","format-standard","hentry","category-rede","tag-sicherheitspolitik","tag-zivile-konfliktloesung"],"_links":{"self":[{"href":"https:\/\/www.friedenkoeln.de\/index.php?rest_route=\/wp\/v2\/posts\/13614","targetHints":{"allow":["GET"]}}],"collection":[{"href":"https:\/\/www.friedenkoeln.de\/index.php?rest_route=\/wp\/v2\/posts"}],"about":[{"href":"https:\/\/www.friedenkoeln.de\/index.php?rest_route=\/wp\/v2\/types\/post"}],"author":[{"embeddable":true,"href":"https:\/\/www.friedenkoeln.de\/index.php?rest_route=\/wp\/v2\/users\/110"}],"replies":[{"embeddable":true,"href":"https:\/\/www.friedenkoeln.de\/index.php?rest_route=%2Fwp%2Fv2%2Fcomments&post=13614"}],"version-history":[{"count":10,"href":"https:\/\/www.friedenkoeln.de\/index.php?rest_route=\/wp\/v2\/posts\/13614\/revisions"}],"predecessor-version":[{"id":13629,"href":"https:\/\/www.friedenkoeln.de\/index.php?rest_route=\/wp\/v2\/posts\/13614\/revisions\/13629"}],"wp:attachment":[{"href":"https:\/\/www.friedenkoeln.de\/index.php?rest_route=%2Fwp%2Fv2%2Fmedia&parent=13614"}],"wp:term":[{"taxonomy":"category","embeddable":true,"href":"https:\/\/www.friedenkoeln.de\/index.php?rest_route=%2Fwp%2Fv2%2Fcategories&post=13614"},{"taxonomy":"post_tag","embeddable":true,"href":"https:\/\/www.friedenkoeln.de\/index.php?rest_route=%2Fwp%2Fv2%2Ftags&post=13614"}],"curies":[{"name":"wp","href":"https:\/\/api.w.org\/{rel}","templated":true}]}}