{"id":13630,"date":"2019-04-14T07:00:15","date_gmt":"2019-04-14T05:00:15","guid":{"rendered":"http:\/\/www.friedenkoeln.de\/?p=13630"},"modified":"2019-04-12T19:01:38","modified_gmt":"2019-04-12T17:01:38","slug":"koelner-buendnis-gegen-rekrutierung-minderjaehriger-durch-die-bundeswehr-besucht-stroeer-gruppe-in-koeln","status":"publish","type":"post","link":"https:\/\/www.friedenkoeln.de\/?p=13630","title":{"rendered":"K\u00f6lner B\u00fcndnis gegen Rekrutierung Minderj\u00e4hriger durch die Bundeswehr besucht Str\u00f6er Gruppe in K\u00f6ln"},"content":{"rendered":"<div id=\"attachment_13666\" style=\"width: 450px\" class=\"wp-caption alignright\"><img loading=\"lazy\" decoding=\"async\" aria-describedby=\"caption-attachment-13666\" class=\" wp-image-13666\" src=\"http:\/\/www.friedenkoeln.de\/wp-content\/uploads\/2019\/04\/fullsizeoutput_d7a.jpeg\" alt=\"Ein Mann in Motorradkleidung und eine Frau in dunkelblauem Kurzmantel und Stiefeln vor der r\u00f6tlichen Fassade eines B\u00fcrogeb\u00e4udes mit wei\u00dfer Firmenaufschrift &quot;Str\u00f6er&quot;. Im Hintergrund \u00dcberwachungskameras, Wiese und ein bl\u00fchender Busch.\" width=\"440\" height=\"368\" srcset=\"https:\/\/www.friedenkoeln.de\/wp-content\/uploads\/2019\/04\/fullsizeoutput_d7a.jpeg 1035w, https:\/\/www.friedenkoeln.de\/wp-content\/uploads\/2019\/04\/fullsizeoutput_d7a-150x126.jpeg 150w, https:\/\/www.friedenkoeln.de\/wp-content\/uploads\/2019\/04\/fullsizeoutput_d7a-768x643.jpeg 768w\" sizes=\"auto, (max-width: 440px) 100vw, 440px\" \/><p id=\"caption-attachment-13666\" class=\"wp-caption-text\">Florian Bechtel und Stefanie Intveen vor dem Hauptsitz der Str\u00f6er Gruppe in K\u00f6ln-S\u00fcrth am 3.4.2019. Foto: privat.<\/p><\/div>\n<p>Das K\u00f6lner Aktionsb\u00fcndnis gegen die Rekrutierung Minderj\u00e4hriger durch die Bundeswehr \u00fcbergab der in K\u00f6ln-S\u00fcrth ans\u00e4ssigen Str\u00f6er Gruppe am 3. April 2019 einen <a href=\"http:\/\/www.friedenkoeln.de\/wp-content\/uploads\/2019\/04\/2019-04-01_Brief_an_stroeer.pdf\">Brief<\/a>, in dem es von der Unternehmensgruppe forderte,\u00a0Werbung der Bundeswehr, die sich gezielt an Minderj\u00e4hrige richtet, aus ihren Dienstleistungen auszuschlie\u00dfen. Florian Bechtel und Stefanie Intveen, die den Brief im Auftrag des B\u00fcndnisses \u00fcberreichten, erl\u00e4uterten die Forderungen des Aktionsb\u00fcndnisses ausf\u00fchrlich in einem Gespr\u00e4ch mit einem Unternehmensvertreter.<\/p>\n<p>Str\u00f6er beschreibt sich auf der Unternehmenswebsite als &#8222;ein f\u00fchrender deutscher Au\u00dfenwerber&#8220;. Der Konzernumsatz betrug 2018 1,6 Mrd. Euro und das Jahresergebnis 0,2 Mrd. Euro. In K\u00f6ln waren 2018 Gro\u00dfplakate der Bundeswehr auf Werbefl\u00e4chen\u00a0von Str\u00f6er aufgefallen, welche sich in unmittelbarer Umgebung von Schulen befanden und eindeutig schulpflichtige Jugendliche ansprachen.<\/p>\n<p>Das K\u00f6lner Aktionsb\u00fcndnis hat sich 2018 gegr\u00fcndet, um vorwiegend in K\u00f6ln und Umgebung seinen zwei Forderungen Nachdruck zu verleihen:<\/p>\n<ol>\n<li>Mindestalter f\u00fcr die Rekrutierung von Soldat*innen der Bundeswehr auf 18 Jahre anheben;<\/li>\n<li>Werbung der Bundeswehr, die sich gezielt an Minderj\u00e4hrige richtet, stoppen.<\/li>\n<\/ol>\n<p>Das K\u00f6lner B\u00fcndnis arbeitet mit landes- und bundesweiten Kampagnenorganisationen (beispielsweise <a href=\"https:\/\/unter18nie.de\">Unter 18 nie! Keine Minderj\u00e4hrigen in der Bundeswehr<\/a>)\u00a0zusammen. Zu seinen Mitgliedsorganisationen z\u00e4hlen bisher:<\/p>\n<ul>\n<li><a href=\"https:\/\/www.friedenkoeln.de\/\">Deutsche Friedensgesellschaft \u2013 Vereinigte KriegsdienstgegnerInnen e. V. (DFG-VK) Gruppe K\u00f6ln<\/a><\/li>\n<li><a href=\"http:\/\/www.esr-online.de\/\">Evangelische Sch\u00fcler*- und Sch\u00fclerinnen*arbeit im Rheinland e.V., K\u00f6ln<\/a><\/li>\n<li><a href=\"https:\/\/koeln.gew-nrw.de\/index.html\">Gewerkschaft Erziehung und Wissenschaft (GEW), Stadtverband K\u00f6ln<\/a><\/li>\n<li><a href=\"https:\/\/www.koeln.paxchristi.de\/\">Pax Christi K\u00f6ln<\/a><\/li>\n<li><a href=\"https:\/\/quaeker.org\/bezirke\/rhein-ruhr\/\">Religi\u00f6se Gesellschaft der Freunde (Qu\u00e4ker), Bezirk Rhein-Ruhr<\/a><\/li>\n<li><a href=\"https:\/\/www.tdh-ag.de\/koeln.html\"><u>terre des hommes (tdh) Ortsgruppe K\u00f6ln<\/u><\/a><\/li>\n<\/ul>\n<div id=\"attachment_13634\" style=\"width: 750px\" class=\"wp-caption aligncenter\"><img loading=\"lazy\" decoding=\"async\" aria-describedby=\"caption-attachment-13634\" class=\" wp-image-13634\" src=\"http:\/\/www.friedenkoeln.de\/wp-content\/uploads\/2019\/04\/IMG_1251-2.jpg\" alt=\"Seitlich rechts das Plakat mit der Haltestelle und links ein Teil der Peter-Ustinov-Realschule.\" width=\"740\" height=\"555\" srcset=\"https:\/\/www.friedenkoeln.de\/wp-content\/uploads\/2019\/04\/IMG_1251-2.jpg 4032w, https:\/\/www.friedenkoeln.de\/wp-content\/uploads\/2019\/04\/IMG_1251-2-150x113.jpg 150w, https:\/\/www.friedenkoeln.de\/wp-content\/uploads\/2019\/04\/IMG_1251-2-768x576.jpg 768w\" sizes=\"auto, (max-width: 740px) 100vw, 740px\" \/><p id=\"caption-attachment-13634\" class=\"wp-caption-text\">Gezielte Bundeswehr-Werbung f\u00fcr Jugendliche: &#8222;Kameradschaft ist bei uns Pflichtfach&#8220;. Str\u00f6er-Werbefl\u00e4che an Stra\u00dfenbahnhaltestelle Neusser Stra\u00dfe \/ G\u00fcrtel in K\u00f6ln am 26.4.2018. Foto: Stefanie Intveen<\/p><\/div>\n","protected":false},"excerpt":{"rendered":"<p>Das K\u00f6lner Aktionsb\u00fcndnis gegen die Rekrutierung Minderj\u00e4hriger durch die Bundeswehr \u00fcbergab der in K\u00f6ln-S\u00fcrth ans\u00e4ssigen Str\u00f6er Gruppe am 3. April 2019 einen Brief, in dem es von der Unternehmensgruppe forderte,\u00a0Werbung der Bundeswehr, die sich&#46;&#46;&#46;<\/p>\n","protected":false},"author":110,"featured_media":0,"comment_status":"open","ping_status":"open","sticky":false,"template":"","format":"standard","meta":{"footnotes":""},"categories":[105],"tags":[],"class_list":["post-13630","post","type-post","status-publish","format-standard","hentry","category-bericht"],"_links":{"self":[{"href":"https:\/\/www.friedenkoeln.de\/index.php?rest_route=\/wp\/v2\/posts\/13630","targetHints":{"allow":["GET"]}}],"collection":[{"href":"https:\/\/www.friedenkoeln.de\/index.php?rest_route=\/wp\/v2\/posts"}],"about":[{"href":"https:\/\/www.friedenkoeln.de\/index.php?rest_route=\/wp\/v2\/types\/post"}],"author":[{"embeddable":true,"href":"https:\/\/www.friedenkoeln.de\/index.php?rest_route=\/wp\/v2\/users\/110"}],"replies":[{"embeddable":true,"href":"https:\/\/www.friedenkoeln.de\/index.php?rest_route=%2Fwp%2Fv2%2Fcomments&post=13630"}],"version-history":[{"count":10,"href":"https:\/\/www.friedenkoeln.de\/index.php?rest_route=\/wp\/v2\/posts\/13630\/revisions"}],"predecessor-version":[{"id":13681,"href":"https:\/\/www.friedenkoeln.de\/index.php?rest_route=\/wp\/v2\/posts\/13630\/revisions\/13681"}],"wp:attachment":[{"href":"https:\/\/www.friedenkoeln.de\/index.php?rest_route=%2Fwp%2Fv2%2Fmedia&parent=13630"}],"wp:term":[{"taxonomy":"category","embeddable":true,"href":"https:\/\/www.friedenkoeln.de\/index.php?rest_route=%2Fwp%2Fv2%2Fcategories&post=13630"},{"taxonomy":"post_tag","embeddable":true,"href":"https:\/\/www.friedenkoeln.de\/index.php?rest_route=%2Fwp%2Fv2%2Ftags&post=13630"}],"curies":[{"name":"wp","href":"https:\/\/api.w.org\/{rel}","templated":true}]}}