{"id":13642,"date":"2019-04-12T15:25:38","date_gmt":"2019-04-12T13:25:38","guid":{"rendered":"http:\/\/www.friedenkoeln.de\/?p=13642"},"modified":"2019-04-12T15:25:38","modified_gmt":"2019-04-12T13:25:38","slug":"mitmachen-ein-europa-fuer-alle-demo-am-19-5-2019-in-koeln-friedensgruppen-ergaenzen-aufruf-um-friedenskapitel","status":"publish","type":"post","link":"https:\/\/www.friedenkoeln.de\/?p=13642","title":{"rendered":"Mitmachen: Ein Europa f\u00fcr Alle! Demo am 19.5.2019 in K\u00f6ln &#8211; Friedensgruppen erg\u00e4nzen Aufruf um &#8222;Friedenskapitel&#8220;"},"content":{"rendered":"<div class=\"ce_text\">\n<div class=\"ce_text block\">\n<div align=\"left\"><\/div>\n<div align=\"left\">\n<div id=\"attachment_12673\" style=\"width: 309px\" class=\"wp-caption alignright\"><img loading=\"lazy\" decoding=\"async\" aria-describedby=\"caption-attachment-12673\" class=\" wp-image-12673\" src=\"http:\/\/www.friedenkoeln.de\/wp-content\/uploads\/2018\/08\/HDH_kriegistmies-ausschnitt_afghanistanprotest1_10_20111206_2016795088.jpg\" alt=\"Ein selbstgemaltes Demo-Schild mit der obigen Aufschrift.\" width=\"299\" height=\"224\" srcset=\"https:\/\/www.friedenkoeln.de\/wp-content\/uploads\/2018\/08\/HDH_kriegistmies-ausschnitt_afghanistanprotest1_10_20111206_2016795088.jpg 320w, https:\/\/www.friedenkoeln.de\/wp-content\/uploads\/2018\/08\/HDH_kriegistmies-ausschnitt_afghanistanprotest1_10_20111206_2016795088-150x113.jpg 150w\" sizes=\"auto, (max-width: 299px) 100vw, 299px\" \/><p id=\"caption-attachment-12673\" class=\"wp-caption-text\">&#8222;Krieg is mies &#8211; I love Peace!&#8220; Foto (Ausschnitt): privat<\/p><\/div>\n<p><em>A<\/em><em>m 19. Mai 2019 findet in sieben St\u00e4dten Deutschlands, darunter K\u00f6ln, Gro\u00dfdemonstrationen &#8222;<a href=\"https:\/\/www.ein-europa-fuer-alle.de\/aufruf\">Ein Europa f\u00fcr Alle: Deine Stimme gegen Nationalismus!<\/a>&#8220; statt.\u00a0<\/em><em style=\"font-size: 16px;\">Gemeinsam mit weiteren Friedensorganisationen und -gruppen haben wir den <strong>Aufruf zur K\u00f6lner Demo<\/strong>\u00a0in Absprache mit dem hiesigen Tr\u00e4gerkreis <strong>um einen Abschnitt zu &#8222;Frieden, Abr\u00fcstung und Zivile Konfliktbearbeitung&#8220; erg\u00e4nzt<\/strong> (siehe unten den erg\u00e4nzten Text des Aufrufs).<\/em><\/p>\n<\/div>\n<div align=\"left\"><\/div>\n<div align=\"left\"><\/div>\n<div align=\"left\"><em>Daher freuen wir uns auf alle, die daf\u00fcr eintreten m\u00f6chten, dass die Europ\u00e4ische Union eine Kraft des Friedens wird: kommt <\/em><em><strong>am 19. Mai 2019 um 11:00 Uhr auf den Roncalliplatz K\u00f6ln <\/strong><\/em><em><strong>und bildet mit uns einen &#8222;Friedensblock&#8220;\u00a0<\/strong><\/em><em>f\u00fcr den Sternmarsch zur Deutzer Werft! Haltet Ausschau nach Friedensfahnen und bringt selbst welche mit! Mit dabei auch unser DFG-VK-Friedensbulli!<\/em><\/div>\n<\/div>\n<\/div>\n<div align=\"left\">\n<hr \/>\n<\/div>\n<p><em><img loading=\"lazy\" decoding=\"async\" class=\"wp-image-13654 alignleft\" src=\"http:\/\/www.friedenkoeln.de\/wp-content\/uploads\/2019\/04\/EU-Alle-aufkleber_K.jpg\" alt=\"Eine dicke dunkelblaue Eins, auf der der Demo-Slogan steht, auf wei\u00dfem Grund. Weitere Angaben zu Ort und Zeit sind kleiner in roter SChrift auf wei\u00dfem Grund gedruckt.\" width=\"229\" height=\"318\" srcset=\"https:\/\/www.friedenkoeln.de\/wp-content\/uploads\/2019\/04\/EU-Alle-aufkleber_K.jpg 431w, https:\/\/www.friedenkoeln.de\/wp-content\/uploads\/2019\/04\/EU-Alle-aufkleber_K-108x150.jpg 108w\" sizes=\"auto, (max-width: 229px) 100vw, 229px\" \/><\/em><\/p>\n<div align=\"left\">Die Europawahl am 26. Mai 2019 ist eine Richtungsentscheidung \u00fcber die Zukunft der Europ\u00e4ischen Union. Nationalisten und Rechtsextreme wollen mit ihr das Ende der EU einl\u00e4uten und Nationalismus wieder gro\u00df schreiben. Ihr Ziel: Mit weit mehr Abgeordneten als bisher ins Europaparlament einzuziehen. Wir alle sind gefragt, den Vormarsch der Nationalisten zu verhindern!<\/div>\n<div align=\"left\">\n<div id=\"c12\" class=\"frame frame-background-none frame-space-before- frame-space-after- frame-space-after-none frame-space-before-none\">\n<div class=\"frame-container\">\n<div class=\"row\">\n<div class=\"col-lg-9 \">\n<p>Wir halten dagegen, wenn Menschenverachtung und Rassismus gesellschaftsf\u00e4hig gemacht, Hass und Ressentiments gegen Fl\u00fcchtlinge und Minderheiten gesch\u00fcrt werden. Wir lassen nicht zu, wenn Rechtsstaat und unabh\u00e4ngige Gerichte angegriffen, Menschen- und Freiheitsrechte eingeschr\u00e4nkt und das Asylrecht abgeschafft werden sollen. Deshalb appellieren wir an alle B\u00fcrger*innen Europas: Geht am 26. Mai w\u00e4hlen \u2013 tretet ein gegen Nationalismus und Rassismus: F\u00fcr ein demokratisches, friedliches und solidarisches Europa!<\/p>\n<p>In Zeiten nationaler Alleing\u00e4nge ist es wichtiger denn je, dass wir uns als solidarische Gesellschaft f\u00fcr ein Europa einsetzen, das Demokratie und Rechtsstaatlichkeit \u00fcber Grenzen hinweg verwirklicht und sich \u00fcber Nationalismus und Abschottung hinwegsetzt. Gemeinsam sagen wir: Die EU muss sich \u00e4ndern, wenn sie eine Zukunft haben will. Wir streiten gemeinsam f\u00fcr unsere Vision eines anderen Europas.<\/p>\n<p>Unser Europa der Zukunft&#8230;<\/p>\n<ul class=\"list-normal\">\n<li><strong>verteidigt Humanit\u00e4t und Menschenrechte.<\/strong> Statt seine Grenzen zur Festung auszubauen und Menschen im Mittelmeer ertrinken zu lassen, garantiert es sichere Fluchtwege, das Recht auf Asyl und faire Asylverfahren f\u00fcr Schutzsuchende.<\/li>\n<li><strong>steht f\u00fcr Demokratie, Vielfalt und Meinungsfreiheit.<\/strong> Statt vor allem auf m\u00e4chtige Wirtschaftslobbys h\u00f6rt es auf die Stimmen seiner B\u00fcrger*innen. Es verteidigt den Rechtsstaat, wird demokratischer und gibt dem Europaparlament mehr Einfluss. Es f\u00f6rdert Toleranz und gew\u00e4hrleistet die Vielfalt an Lebensentw\u00fcrfen, Geschlechtergerechtigkeit, die Freiheit von Kunst, Kultur und Presse sowie eine lebendige Zivilgesellschaft.<\/li>\n<li><strong>garantiert soziale Gerechtigkeit. \u200b<\/strong>Statt Privatisierung, Deregulierung und neoliberale Handelsabkommen voranzutreiben, wird es ein Gegengewicht zum massiven Einfluss der Konzerne. Es baut auf Solidarit\u00e4t und sichert Arbeitnehmer*innenrechte. Allen Menschen wird das Recht auf Bildung, Wohnen, medizinische Versorgung und soziale Absicherung sowie ein Leben frei von Armut garantiert. Europa muss hier seiner Verantwortung gerecht werden &#8211; bei uns und weltweit.<\/li>\n<li><strong>treibt einen grundlegenden \u00f6kologischen Wandel und die L\u00f6sung der Klimakrise voran.<\/strong> \u200bStatt auf fossile und nukleare Energien setzt es auf erneuerbare Energien. Es erm\u00f6glicht eine b\u00e4uerliche, klimagerechte Landwirtschaft. Gleichzeitig sorgt es daf\u00fcr, dass der Wandel sozial abgefedert und gute Arbeit geschaffen wird.<\/li>\n<li>\n<div align=\"left\"><strong>steht f\u00fcr Frieden, Abr\u00fcstung und Zivile Konfliktbearbeitung.\u00a0<\/strong>Statt durch neue Waffenprojekte oder eine EU-Armee die Militarisierung Europas voranzutreiben, setzt es auf kooperative Sicherheitssysteme und st\u00e4rkt die Instrumente Ziviler Konfliktbearbeitung. Der UN-Atomwaffen-Verbotsvertrag wird unterst\u00fctzt. Es baut auf seine St\u00e4rke als Vermittlerin in Konflikten und als B\u00fcndnis f\u00fcr Frieden durch Zusammenarbeit in der Welt. Es beendet den Export von R\u00fcstungsg\u00fctern in Krisen- und Konfliktregionen. Der Europ\u00e4ische Verteidigungsfonds zur F\u00f6rderung von R\u00fcstungsg\u00fctern wird aufgel\u00f6st.<\/div>\n<\/li>\n<\/ul>\n<h4>Am Sonntag, den 19. Mai 2019 gehen europaweit zehntausende Menschen gleichzeitig auf die Stra\u00dfe! F\u00fcr die Zukunft Europas, gegen Nationalismus!<\/h4>\n<div id=\"attachment_13655\" style=\"width: 4274px\" class=\"wp-caption aligncenter\"><img loading=\"lazy\" decoding=\"async\" aria-describedby=\"caption-attachment-13655\" class=\"wp-image-13655 size-full\" src=\"http:\/\/www.friedenkoeln.de\/wp-content\/uploads\/2019\/04\/DSC_0072.jpg\" alt=\"Ein dicht gedr\u00e4ngter Kreis von Menschen, die einer Rednerin zuh\u00f6ren. Friedensfahnen und Transparente im Hintergrund.\" width=\"4264\" height=\"2842\" srcset=\"https:\/\/www.friedenkoeln.de\/wp-content\/uploads\/2019\/04\/DSC_0072.jpg 4264w, https:\/\/www.friedenkoeln.de\/wp-content\/uploads\/2019\/04\/DSC_0072-150x100.jpg 150w, https:\/\/www.friedenkoeln.de\/wp-content\/uploads\/2019\/04\/DSC_0072-768x512.jpg 768w\" sizes=\"auto, (max-width: 4264px) 100vw, 4264px\" \/><p id=\"caption-attachment-13655\" class=\"wp-caption-text\">Abr\u00fcsten statt Aufr\u00fcsten. Kundgebung am 3.11.2018 auf dem Wallrafplatz, K\u00f6ln. Foto: Stefanie Intveen<\/p><\/div>\n<\/div>\n<\/div>\n<\/div>\n<\/div>\n<\/div>\n","protected":false},"excerpt":{"rendered":"<p>Am 19. Mai 2019 findet in sieben St\u00e4dten Deutschlands, darunter K\u00f6ln, Gro\u00dfdemonstrationen &#8222;Ein Europa f\u00fcr Alle: Deine Stimme gegen Nationalismus!&#8220; statt.\u00a0Gemeinsam mit weiteren Friedensorganisationen und -gruppen haben wir den Aufruf zur K\u00f6lner Demo\u00a0in Absprache&#46;&#46;&#46;<\/p>\n","protected":false},"author":110,"featured_media":0,"comment_status":"open","ping_status":"open","sticky":false,"template":"","format":"standard","meta":{"footnotes":""},"categories":[116],"tags":[42,112,40,74,110,99,36,3,29,4],"class_list":["post-13642","post","type-post","status-publish","format-standard","hentry","category-aufruf","tag-abruestung","tag-atomwaffenverbotsvertrag","tag-demokratie","tag-eu","tag-klima","tag-menschenrechte","tag-oekologie-und-frieden","tag-pazifismus","tag-solidaritat","tag-zivile-konfliktloesung"],"_links":{"self":[{"href":"https:\/\/www.friedenkoeln.de\/index.php?rest_route=\/wp\/v2\/posts\/13642","targetHints":{"allow":["GET"]}}],"collection":[{"href":"https:\/\/www.friedenkoeln.de\/index.php?rest_route=\/wp\/v2\/posts"}],"about":[{"href":"https:\/\/www.friedenkoeln.de\/index.php?rest_route=\/wp\/v2\/types\/post"}],"author":[{"embeddable":true,"href":"https:\/\/www.friedenkoeln.de\/index.php?rest_route=\/wp\/v2\/users\/110"}],"replies":[{"embeddable":true,"href":"https:\/\/www.friedenkoeln.de\/index.php?rest_route=%2Fwp%2Fv2%2Fcomments&post=13642"}],"version-history":[{"count":16,"href":"https:\/\/www.friedenkoeln.de\/index.php?rest_route=\/wp\/v2\/posts\/13642\/revisions"}],"predecessor-version":[{"id":13660,"href":"https:\/\/www.friedenkoeln.de\/index.php?rest_route=\/wp\/v2\/posts\/13642\/revisions\/13660"}],"wp:attachment":[{"href":"https:\/\/www.friedenkoeln.de\/index.php?rest_route=%2Fwp%2Fv2%2Fmedia&parent=13642"}],"wp:term":[{"taxonomy":"category","embeddable":true,"href":"https:\/\/www.friedenkoeln.de\/index.php?rest_route=%2Fwp%2Fv2%2Fcategories&post=13642"},{"taxonomy":"post_tag","embeddable":true,"href":"https:\/\/www.friedenkoeln.de\/index.php?rest_route=%2Fwp%2Fv2%2Ftags&post=13642"}],"curies":[{"name":"wp","href":"https:\/\/api.w.org\/{rel}","templated":true}]}}