{"id":13672,"date":"2019-04-13T07:00:18","date_gmt":"2019-04-13T05:00:18","guid":{"rendered":"https:\/\/www.friedenkoeln.de\/?p=13672"},"modified":"2019-04-12T18:55:59","modified_gmt":"2019-04-12T16:55:59","slug":"guido-gruenewald-erinnert-an-den-botschafter-der-hibakusha-dr-shuntaro-hida-aus-hiroshima","status":"publish","type":"post","link":"https:\/\/www.friedenkoeln.de\/?p=13672","title":{"rendered":"Guido Gr\u00fcnewald erinnert an den &#8222;Botschafter&#8220; der Hibakusha, Dr. Shuntaro Hida aus Hiroshima"},"content":{"rendered":"<div class=\"page\" title=\"Page 1\">\n<div class=\"layoutArea\">\n<div class=\"column\">\n<p><em>Von Guido Gr\u00fcnewald.<\/em> Hida Shuntaro (so die korrekte japanische Schreibweise) wurde am 1. Januar 1917 in Hiroshima geboren und starb am 20. M\u00e4rz 2017 in Saitama.* Er \u00fcberlebte als junger Milit\u00e4rarzt den Abwurf der Atombombe in der N\u00e4he Hiroshimas, kehrte kurzzeitig in die Stadt zur\u00fcck und musste in seiner \u2013 im sechs Kilometer entfernten Dorf Hesaka errichteten \u2013 Nothilfestation weitgehend hilflos zusehen, wie viele Verletzte in den folgenden Wochen an einer scheinbar unerkl\u00e4rlichen Krankheit starben.<\/p>\n<p>Dr. Hida beschloss, sich um das Leid der \u00dcberlebenden (Hibakusha = Menschen, die an der Bombe leiden) zu k\u00fcmmern. Er wurde f\u00fcr viele von ihnen zum Vertrauensarzt und erforschte als erster wissenschaftlich das alte Konzept der Burabura-Krankheit (Hauptsymptom anhaltende M\u00fcdigkeit) im Zusammenhang mit der Strahlung, der die Hibakusha ausgesetzt waren. 2005 trat er als Zeitzeuge in der BBC-Dokumentation &#8222;Hiroshima&#8220; und im Dokumentarfilm &#8222;White Light\/Black Rain&#8220; des US-Fernsehsenders HBO auf.<\/p>\n<p>Schon w\u00e4hrend des Medizinstudiums hatte Dr. Hida mit Kommilitonen am Sonntag in einer Kindertagesst\u00e4tte kostenlos arme Kinder behandelt. Auf direkten Befehl des Erziehungsministers musste er diese T\u00e4tigkeit aufgeben, weil \u2013 so der Minister \u2013 solch liberale Tendenzen im Krieg (1932 Besetzung der Mandschurei und Ausrufung des Satellitenstaats Mandschuko, Juli 1937 Invasion in China) nicht gestattet seien. Dr. Hida war 1953 Gr\u00fcndungsmitglied der Japanischen Vereinigung demokratischer medizinischer Einrichtungen (Min\u2019iren), die heute in ganz Japan \u00fcber 600 Krankenh\u00e4user und Polikliniken, 80 Zahnkliniken und zahlreiche Pflegeheime betreibt. Die Einrichtungen haben einen guten Ruf, da bei ihnen die Patienten im Mittelpunkt stehen. 1950 hatte Dr. Hida im Bezirk Suginami (Tokio) die Nishi-Ogikubo-Klinik gegr\u00fcndet und als Direktor geleitet. 1953 verlegte er seinen Wohnsitz nach Gyoda (Pr\u00e4fektur Saitama) und gr\u00fcndete dort die Gyoda-Kyoritsu-Klinik, die er ebenfalls leitete. 1978 wurde er Direktor des damals neu gegr\u00fcndeten Gesundheitsberatungszentrums f\u00fcr Hibakusha, das Nihon Hidankyo (der Vereinigung der \u00dcberlebenden) angeschlossen ist.<\/p>\n<div id=\"attachment_13679\" style=\"width: 401px\" class=\"wp-caption alignright\"><img loading=\"lazy\" decoding=\"async\" aria-describedby=\"caption-attachment-13679\" class=\" wp-image-13679\" src=\"https:\/\/www.friedenkoeln.de\/wp-content\/uploads\/2019\/04\/Erinnerungen-an-Dr-Shuntaro-Hida_Guido-Gr\u00fcnewald_20190200_S1.jpg\" alt=\"Ein einfaches gelbliches Papier-Cover mit dem Schwarz-wei\u00df-Portr\u00e4t eines freundlichen asiatisch aussehenden Herrn mit Brille in Anzug und Krawatte\" width=\"391\" height=\"553\" srcset=\"https:\/\/www.friedenkoeln.de\/wp-content\/uploads\/2019\/04\/Erinnerungen-an-Dr-Shuntaro-Hida_Guido-Gr\u00fcnewald_20190200_S1.jpg 4231w, https:\/\/www.friedenkoeln.de\/wp-content\/uploads\/2019\/04\/Erinnerungen-an-Dr-Shuntaro-Hida_Guido-Gr\u00fcnewald_20190200_S1-106x150.jpg 106w, https:\/\/www.friedenkoeln.de\/wp-content\/uploads\/2019\/04\/Erinnerungen-an-Dr-Shuntaro-Hida_Guido-Gr\u00fcnewald_20190200_S1-768x1087.jpg 768w\" sizes=\"auto, (max-width: 391px) 100vw, 391px\" \/><p id=\"caption-attachment-13679\" class=\"wp-caption-text\">Titelseite der 2019 von Guido Gr\u00fcnewald herausgegebenen Sammlung \u00fcber Dr. Shuntaro Hida<\/p><\/div>\n<p>Dr. Hida hatte w\u00e4hrend seines Studiums die deutsche Sprache gelernt und sie niemals ganz vergessen. Als er ab Mitte der 1970er Jahre begann, als \u201eBotschafter\u201c der Hibakusha insAusland zu reisen, war Deutschland neben den USA f\u00fcr ihn ein bevorzugtes Reiseziel. Mindestens neun Vortragsreisen hat Dr. Hida in Deutschland absolviert; mehrere davon habe ich koordiniert. Die deutsche Friedensbewegung, vor allem die Deutsche Friedensgesellschaft &#8211; Vereinigte KriegsdienstgegnerInnen (DFG-VK), hat Hida-san viel zu verdanken. Er hat nicht nur auf unnachahmliche Weise die Botschaft der Hibakusha \u2013 Hiroshima und Nagasaki d\u00fcrfen sich niemals wiederholen, alle Atomwaffen m\u00fcssen beseitigt werden \u2013 mit tiefem Ernst und gro\u00dfer Leidenschaft verbreitet, sondern auch mit seiner Lebensfreude und dem stets pr\u00e4senten Humor vorgelebt, \u00fcber welche Kraft und welches Potential Menschen trotz aller Leiden verf\u00fcgen. Nie werde ich den gemeinsamen Besuch mit Prof. Satoru Konishi und Rechtsanwalt Masanori Ikeda im Kurort Hakone vergessen oder die Abende, an denen Hida-san deutsche Volkslieder von mir h\u00f6ren wollte und sie selbst sang. Als wir im August 2015 letztmals in Hiroshima zusammentrafen, freute er sich sichtlich.<\/p>\n<p>Der zweite Todestag von Dr. Hida n\u00e4hert sich. Die gesammelten Berichte tragen hoffentlich dazu bei, dass einerseits die Erinnerung an sein Leben und Wirken fortlebt und andererseits sein Verm\u00e4chtnis \u2013 die Beseitigung aller Atomwaffen \u2013 von den Nachfolgenden verwirklicht wird.<\/p>\n<p>* Weitere Informationen zu Dr. Hidas Leben finden sich in seinen Erinnerungen \u201eDer Tag, an dem Hiroshima verschwand. Erinnerungen eines japanischen Milit\u00e4rarztes\u201c, Bremen 1989 und in meiner biographischen Skizze Hida-sans in diesem Buch<\/p>\n<hr \/>\n<p><em>Der vorstehende Text ist das Vorwort des von Guido Gr\u00fcnewald herausgegebenen Bandes &#8222;<a href=\"https:\/\/www.friedenkoeln.de\/wp-content\/uploads\/2019\/04\/Erinnerungen-an-Dr-Shuntaro-Hida_Guido-Gr\u00fcnewald_20190200.pdf\">Dr. Shuntaro Hida (1917 &#8211; 2017). \u00dcberlebender des Atombombenabwurfs auf Hiroshima, Vertrauensarzt vieler Hibakusha, lebenlanger Mahner und K\u00e4mpfer f\u00fcr Gerechtigkeit und Frieden. Erinnerungen von deutschen, franz\u00f6sischen und schwedischen FreundInnen<\/a>&#8222;, Bonn 2019.<\/em><\/p>\n<p><em>Dr. Guido Gr\u00fcnewald ist Friedenshistoriker und seit 1985 internationaler Sprecher der DFG-VK.<\/em><\/p>\n<\/div>\n<\/div>\n<\/div>\n","protected":false},"excerpt":{"rendered":"<p>Von Guido Gr\u00fcnewald. Hida Shuntaro (so die korrekte japanische Schreibweise) wurde am 1. Januar 1917 in Hiroshima geboren und starb am 20. M\u00e4rz 2017 in Saitama.* Er \u00fcberlebte als junger Milit\u00e4rarzt den Abwurf der&#46;&#46;&#46;<\/p>\n","protected":false},"author":110,"featured_media":0,"comment_status":"open","ping_status":"open","sticky":false,"template":"","format":"standard","meta":{"footnotes":""},"categories":[105],"tags":[33,45],"class_list":["post-13672","post","type-post","status-publish","format-standard","hentry","category-bericht","tag-atomwaffen","tag-geschichte"],"_links":{"self":[{"href":"https:\/\/www.friedenkoeln.de\/index.php?rest_route=\/wp\/v2\/posts\/13672","targetHints":{"allow":["GET"]}}],"collection":[{"href":"https:\/\/www.friedenkoeln.de\/index.php?rest_route=\/wp\/v2\/posts"}],"about":[{"href":"https:\/\/www.friedenkoeln.de\/index.php?rest_route=\/wp\/v2\/types\/post"}],"author":[{"embeddable":true,"href":"https:\/\/www.friedenkoeln.de\/index.php?rest_route=\/wp\/v2\/users\/110"}],"replies":[{"embeddable":true,"href":"https:\/\/www.friedenkoeln.de\/index.php?rest_route=%2Fwp%2Fv2%2Fcomments&post=13672"}],"version-history":[{"count":6,"href":"https:\/\/www.friedenkoeln.de\/index.php?rest_route=\/wp\/v2\/posts\/13672\/revisions"}],"predecessor-version":[{"id":13680,"href":"https:\/\/www.friedenkoeln.de\/index.php?rest_route=\/wp\/v2\/posts\/13672\/revisions\/13680"}],"wp:attachment":[{"href":"https:\/\/www.friedenkoeln.de\/index.php?rest_route=%2Fwp%2Fv2%2Fmedia&parent=13672"}],"wp:term":[{"taxonomy":"category","embeddable":true,"href":"https:\/\/www.friedenkoeln.de\/index.php?rest_route=%2Fwp%2Fv2%2Fcategories&post=13672"},{"taxonomy":"post_tag","embeddable":true,"href":"https:\/\/www.friedenkoeln.de\/index.php?rest_route=%2Fwp%2Fv2%2Ftags&post=13672"}],"curies":[{"name":"wp","href":"https:\/\/api.w.org\/{rel}","templated":true}]}}