{"id":13757,"date":"2019-04-29T14:25:57","date_gmt":"2019-04-29T12:25:57","guid":{"rendered":"https:\/\/www.friedenkoeln.de\/?p=13757"},"modified":"2019-04-29T15:27:55","modified_gmt":"2019-04-29T13:27:55","slug":"aktionsmahnwache-der-dfg-vk-koeln-am-atombombenstandort-buechel-einladung-cochem-und-buechel-ein-inf-vertrag-retten-atomwaffenstopp-jetzt","status":"publish","type":"post","link":"https:\/\/www.friedenkoeln.de\/?p=13757","title":{"rendered":"Mitmachen: Aktionsmahnwache der DFG-VK K\u00f6ln am Atombombenstandort B\u00fcchel am ersten Maiwochenende"},"content":{"rendered":"<p>Wie bereits <a href=\"https:\/\/www.friedenkoeln.de\/?p=13515\">angek\u00fcndigt<\/a> verbringen wir das verl\u00e4ngerte Wochenende von Samstag, 4.5.2019, bis Montag, 6.5.2019 mit einer Aktionsmahnwache \u00a0in Cochem und B\u00fcchel. Wer kurzfristig mitfahren m\u00f6chte, ist dazu &#8211; nach Anmeldung bei uns &#8211; herzlich willkommen. Auch \u00fcber Tagesg\u00e4ste freuen wir uns!<\/p>\n<div id=\"attachment_12426\" style=\"width: 402px\" class=\"wp-caption alignright\"><img loading=\"lazy\" decoding=\"async\" aria-describedby=\"caption-attachment-12426\" class=\" wp-image-12426\" src=\"https:\/\/www.friedenkoeln.de\/wp-content\/uploads\/2018\/06\/IMG_1346.jpg\" alt=\"Im Hintergrund sind die pr\u00e4chtigen Fachwerkfassaden von B\u00fcrgerh\u00e4usern, die einen Markplatz umfassen. Der Brunnen in der Mitte wird teilweise durch eine davor auf einem Gestell liegende hellgraue torpedof\u00f6rmige Atombombenattrappe verdeckt. An ihr h\u00e4ngt ein Transparent mit der Aufschrift &quot;Atomwaffenfrei jetzt!&quot;\" width=\"392\" height=\"294\" srcset=\"https:\/\/www.friedenkoeln.de\/wp-content\/uploads\/2018\/06\/IMG_1346.jpg 4032w, https:\/\/www.friedenkoeln.de\/wp-content\/uploads\/2018\/06\/IMG_1346-768x576.jpg 768w, https:\/\/www.friedenkoeln.de\/wp-content\/uploads\/2018\/06\/IMG_1346-1024x768.jpg 1024w\" sizes=\"auto, (max-width: 392px) 100vw, 392px\" \/><p id=\"caption-attachment-12426\" class=\"wp-caption-text\">Atombombenattrappe der DFG-VK am 3. Juni 2018 auf dem Marktplatz in Cochem. Foto: Stefanie Intveen<\/p><\/div>\n<p>Wir haben Zimmer im <a href=\"http:\/\/kulturtransistor.de\">Kulturtransistor<\/a>,\u00a0Kail \/ Eifel, reserviert. Da wir uns dort selbst verpflegen, bringen wir Lebensmittel mit (Kontakt: Ariane Dettloff,\u00a0<a href=\"mailto:arianedettloff@ina-koeln.org\">arianedettloff@ina-koeln.org<\/a> , 0221 \/ 315783).<\/p>\n<p>Wer in Fahrgemeinschaften am 4.5.2019, ca. 15:00 Uhr ab K\u00f6ln, mitfahren m\u00f6chte, meldet sich bitte bei Stefanie Intveen,\u00a0<a href=\"mailto:stefanie.intveen@web.de\">stefanie.intveen@web.de<\/a>.<\/p>\n<p>&nbsp;<\/p>\n<p>&nbsp;<\/p>\n<p>&nbsp;<\/p>\n","protected":false},"excerpt":{"rendered":"<p>Wie bereits angek\u00fcndigt verbringen wir das verl\u00e4ngerte Wochenende von Samstag, 4.5.2019, bis Montag, 6.5.2019 mit einer Aktionsmahnwache \u00a0in Cochem und B\u00fcchel. Wer kurzfristig mitfahren m\u00f6chte, ist dazu &#8211; nach Anmeldung bei uns &#8211; herzlich&#46;&#46;&#46;<\/p>\n","protected":false},"author":110,"featured_media":0,"comment_status":"open","ping_status":"open","sticky":false,"template":"","format":"standard","meta":{"footnotes":""},"categories":[2,104],"tags":[33,125],"class_list":["post-13757","post","type-post","status-publish","format-standard","hentry","category-aktionen","category-ankuendigung","tag-atomwaffen","tag-inf-vertrag"],"_links":{"self":[{"href":"https:\/\/www.friedenkoeln.de\/index.php?rest_route=\/wp\/v2\/posts\/13757","targetHints":{"allow":["GET"]}}],"collection":[{"href":"https:\/\/www.friedenkoeln.de\/index.php?rest_route=\/wp\/v2\/posts"}],"about":[{"href":"https:\/\/www.friedenkoeln.de\/index.php?rest_route=\/wp\/v2\/types\/post"}],"author":[{"embeddable":true,"href":"https:\/\/www.friedenkoeln.de\/index.php?rest_route=\/wp\/v2\/users\/110"}],"replies":[{"embeddable":true,"href":"https:\/\/www.friedenkoeln.de\/index.php?rest_route=%2Fwp%2Fv2%2Fcomments&post=13757"}],"version-history":[{"count":5,"href":"https:\/\/www.friedenkoeln.de\/index.php?rest_route=\/wp\/v2\/posts\/13757\/revisions"}],"predecessor-version":[{"id":13762,"href":"https:\/\/www.friedenkoeln.de\/index.php?rest_route=\/wp\/v2\/posts\/13757\/revisions\/13762"}],"wp:attachment":[{"href":"https:\/\/www.friedenkoeln.de\/index.php?rest_route=%2Fwp%2Fv2%2Fmedia&parent=13757"}],"wp:term":[{"taxonomy":"category","embeddable":true,"href":"https:\/\/www.friedenkoeln.de\/index.php?rest_route=%2Fwp%2Fv2%2Fcategories&post=13757"},{"taxonomy":"post_tag","embeddable":true,"href":"https:\/\/www.friedenkoeln.de\/index.php?rest_route=%2Fwp%2Fv2%2Ftags&post=13757"}],"curies":[{"name":"wp","href":"https:\/\/api.w.org\/{rel}","templated":true}]}}