{"id":13794,"date":"2019-05-06T14:07:28","date_gmt":"2019-05-06T12:07:28","guid":{"rendered":"https:\/\/www.friedenkoeln.de\/?p=13794"},"modified":"2019-05-06T14:07:28","modified_gmt":"2019-05-06T12:07:28","slug":"einladung-zur-diskussion-mit-ariane-dettloff-atomwaffen-auf-die-anklagebank","status":"publish","type":"post","link":"https:\/\/www.friedenkoeln.de\/?p=13794","title":{"rendered":"Einladung zur Diskussion mit Ariane Dettloff: Atomwaffen auf die Anklagebank!"},"content":{"rendered":"<p><em>Aufgrund der <a href=\"https:\/\/www.friedenkoeln.de\/?p=13763\">erneuten Aktion Zivilen Ungehorsams\u00a0am Atomwaffenstandort<\/a> und Bundeswehr-Flugplatz B\u00fcchel \/ Eifel, an der am 30. April 2019 \u00a0siebzehn Menschen aus ganz Deutschland teilnahmen, darunter unser Gruppenmitglied Ariane Dettloff, erh\u00e4lt die Vortrags- und Diskussionsveranstaltung mit ihr \u00fcber die &#8222;Prozesskampagne&#8220; besondere Aktualit\u00e4t. Wir laden herzlich zur Teilnahme ein!<\/em><\/p>\n<hr \/>\n<div id=\"attachment_13801\" style=\"width: 340px\" class=\"wp-caption alignleft\"><a href=\"https:\/\/friedensbildungswerk.de\/html\/krieg.html#Atomwaffen\"><img loading=\"lazy\" decoding=\"async\" aria-describedby=\"caption-attachment-13801\" class=\" wp-image-13801\" src=\"https:\/\/www.friedenkoeln.de\/wp-content\/uploads\/2019\/05\/DSC_0115-e1557143854632.jpg\" alt=\"Eine nachdenklich-freundliche \u00e4ltere Dame mit sch\u00f6nen Gesichtsz\u00fcgen und dicken, schulterlangen, in der Mitte gescheitelten wei\u00dfgrauen Haaren, blaugrauem Halstuch und orangefarbenem Shirt vor einem sonnig-fr\u00fchlingshaften Wiesenhintergrund.\" width=\"330\" height=\"495\" srcset=\"https:\/\/www.friedenkoeln.de\/wp-content\/uploads\/2019\/05\/DSC_0115-e1557143854632.jpg 3072w, https:\/\/www.friedenkoeln.de\/wp-content\/uploads\/2019\/05\/DSC_0115-e1557143854632-100x150.jpg 100w, https:\/\/www.friedenkoeln.de\/wp-content\/uploads\/2019\/05\/DSC_0115-e1557143854632-768x1152.jpg 768w, https:\/\/www.friedenkoeln.de\/wp-content\/uploads\/2019\/05\/DSC_0115-e1557143854632-2000x3000.jpg 2000w\" sizes=\"auto, (max-width: 330px) 100vw, 330px\" \/><\/a><p id=\"caption-attachment-13801\" class=\"wp-caption-text\"><a href=\"https:\/\/friedensbildungswerk.de\/html\/krieg.html#Atomwaffen\">Ariane Dettloff, 30.4.2019. Foto: B\u00fcchel17<\/a><\/p><\/div>\n<p><a href=\"https:\/\/friedensbildungswerk.de\/html\/krieg.html#Atomwaffen\"><strong>Mi 8.5.2019 \/ 19:30 \u2013 21:45 Uhr \/ Friedensbildungswerk K\u00f6ln, Obenmarspforten 7-11, 50667 K\u00f6ln<\/strong> \/ Kostenbeitrag erbeten \/ Kurs 79-B5<\/a><\/p>\n<p class=\"contProBody\">Zu siebt haben Friedensaktivist*innen im Juli 2018 die Startbahn der Tornado-Flieger in B\u00fcchel in der Eifel blockiert, um den dort allt\u00e4glich von deutschen SoldatInnen ge\u00fcbten Atomkrieg mit US-amerikanischen B61-Bomben zu behindern. Ariane Dettloff, Mitglied der DFG-VK Gruppe K\u00f6ln war dabei, ebenso wie Mitglieder der IPPNW, der Qu\u00e4ker, des Netzwerks Friedenssteuer und von Pax Christi. Der Amtsrichter verurteilte die zivil Ungehorsamen wegen \u00abHausfriedensbruch\u00bb zu 30 bis 60 Tagess\u00e4tzen. Die \u00abT\u00e4ter*innen\u00bb, die ihrerseits die rechtswidrige Atomwaffenpolitik der Bundesregierung anklagten, gingen in Berufung und verteidigen sich im Sinn des \u00abrechtfertigenden Notstands\u00bb:<\/p>\n<p class=\"contProBody\">Wo Unrecht zu Recht werde, sei Widerstand B\u00fcrgerpflicht. Sie wollen die Obergerichte dazu bringen, die V\u00f6lkerrechtswidrigkeit der Atomwaffenpolitik festzustellen und infolgedessen die Bundesregierung n\u00f6tigen, die \u00abNukleare Teilhabe\u00bb Deutschlands zu beenden und den Bundestagsbeschluss von 2010 f\u00fcr den Abzug der Atomwaffen aus Deutschland endlich umzusetzen. Bis dahin sind weitere Aktionen Zivilen Ungehorsams geplant.<\/p>\n<p class=\"contProBody\">Der Berufungsprozess soll im Sommer in Koblenz stattfinden.<\/p>\n<p class=\"contProBody\">Die Oberb\u00fcrgermeisterin der Stadt K\u00f6ln Henriette Reker hat zu Beginn der B\u00fcchel-Kampagne 2019 ein <a href=\"https:\/\/www.friedenkoeln.de\/wp-content\/uploads\/2019\/05\/Henriette-Reker_Buechel-Grusswort-2019.pdf\">Gru\u00dfwort<\/a> geschrieben.<\/p>\n<div id=\"attachment_13800\" style=\"width: 603px\" class=\"wp-caption alignright\"><img loading=\"lazy\" decoding=\"async\" aria-describedby=\"caption-attachment-13800\" class=\" wp-image-13800\" src=\"https:\/\/www.friedenkoeln.de\/wp-content\/uploads\/2019\/05\/33880411438_2ac87c51b4_o.jpg\" alt=\"Eine Gruppe h\u00e4lt auf einer Fahrpiste Transparente &quot;Frieden schaffen ohne Waffen&quot; und &quot;B\u00fcchel ist \u00fcberall - Atomwaffenfrei jetzt!&quot;. Im Vordergrund sind konventioneller und NATO-Stacheldraht zu sehen.\" width=\"593\" height=\"395\" srcset=\"https:\/\/www.friedenkoeln.de\/wp-content\/uploads\/2019\/05\/33880411438_2ac87c51b4_o.jpg 2560w, https:\/\/www.friedenkoeln.de\/wp-content\/uploads\/2019\/05\/33880411438_2ac87c51b4_o-150x100.jpg 150w, https:\/\/www.friedenkoeln.de\/wp-content\/uploads\/2019\/05\/33880411438_2ac87c51b4_o-768x512.jpg 768w\" sizes=\"auto, (max-width: 593px) 100vw, 593px\" \/><p id=\"caption-attachment-13800\" class=\"wp-caption-text\">&#8222;Frieden schaffen ohne Waffen&#8220; &#8211; Teilnehmer*innen von B\u00fcchel17 auf dem Milit\u00e4rflugplatz B\u00fcchel am 30.4.2019. Foto: B\u00fcchel17<\/p><\/div>\n<p>Ariane Dettloff, Journalistin und Friedensaktivistin, wird die Prozesskampagne der B\u00fcchel-Aktiven vorstellen und die Diskussion dar\u00fcber moderieren.<\/p>\n<p class=\"contProBody\">Eine Veranstaltung in Kooperation mit dem Friedensbildungswerk K\u00f6ln.<\/p>\n","protected":false},"excerpt":{"rendered":"<p>Aufgrund der erneuten Aktion Zivilen Ungehorsams\u00a0am Atomwaffenstandort und Bundeswehr-Flugplatz B\u00fcchel \/ Eifel, an der am 30. April 2019 \u00a0siebzehn Menschen aus ganz Deutschland teilnahmen, darunter unser Gruppenmitglied Ariane Dettloff, erh\u00e4lt die Vortrags- und Diskussionsveranstaltung&#46;&#46;&#46;<\/p>\n","protected":false},"author":110,"featured_media":13801,"comment_status":"open","ping_status":"open","sticky":false,"template":"","format":"standard","meta":{"footnotes":""},"categories":[104],"tags":[33,91,115],"class_list":["post-13794","post","type-post","status-publish","format-standard","has-post-thumbnail","hentry","category-ankuendigung","tag-atomwaffen","tag-voelkerrecht","tag-ziviler-ungehorsam"],"_links":{"self":[{"href":"https:\/\/www.friedenkoeln.de\/index.php?rest_route=\/wp\/v2\/posts\/13794","targetHints":{"allow":["GET"]}}],"collection":[{"href":"https:\/\/www.friedenkoeln.de\/index.php?rest_route=\/wp\/v2\/posts"}],"about":[{"href":"https:\/\/www.friedenkoeln.de\/index.php?rest_route=\/wp\/v2\/types\/post"}],"author":[{"embeddable":true,"href":"https:\/\/www.friedenkoeln.de\/index.php?rest_route=\/wp\/v2\/users\/110"}],"replies":[{"embeddable":true,"href":"https:\/\/www.friedenkoeln.de\/index.php?rest_route=%2Fwp%2Fv2%2Fcomments&post=13794"}],"version-history":[{"count":8,"href":"https:\/\/www.friedenkoeln.de\/index.php?rest_route=\/wp\/v2\/posts\/13794\/revisions"}],"predecessor-version":[{"id":13805,"href":"https:\/\/www.friedenkoeln.de\/index.php?rest_route=\/wp\/v2\/posts\/13794\/revisions\/13805"}],"wp:featuredmedia":[{"embeddable":true,"href":"https:\/\/www.friedenkoeln.de\/index.php?rest_route=\/wp\/v2\/media\/13801"}],"wp:attachment":[{"href":"https:\/\/www.friedenkoeln.de\/index.php?rest_route=%2Fwp%2Fv2%2Fmedia&parent=13794"}],"wp:term":[{"taxonomy":"category","embeddable":true,"href":"https:\/\/www.friedenkoeln.de\/index.php?rest_route=%2Fwp%2Fv2%2Fcategories&post=13794"},{"taxonomy":"post_tag","embeddable":true,"href":"https:\/\/www.friedenkoeln.de\/index.php?rest_route=%2Fwp%2Fv2%2Ftags&post=13794"}],"curies":[{"name":"wp","href":"https:\/\/api.w.org\/{rel}","templated":true}]}}