{"id":13881,"date":"2019-06-20T10:32:53","date_gmt":"2019-06-20T08:32:53","guid":{"rendered":"https:\/\/www.friedenkoeln.de\/?p=13881"},"modified":"2019-06-20T10:32:53","modified_gmt":"2019-06-20T08:32:53","slug":"dfg-vk-fuer-einen-kirchentag-ohne-bundeswehr-werbung","status":"publish","type":"post","link":"https:\/\/www.friedenkoeln.de\/?p=13881","title":{"rendered":"DFG-VK: F\u00fcr einen Kirchentag ohne Bundeswehr-Werbung!"},"content":{"rendered":"<h4>Vom 19. bis 23. Juni 2019 findet in Dortmund der 37. Deutsche Evangelische Kirchentag statt. Die Bundeswehr betreibt dort Lobby-Arbeit und Image-Werbung. Vereinbar mit dem christlichen Glauben ist das nicht. Christ*innen und Friedensaktivist*innen rufen zu Protesten auf.<\/h4>\n<p>Die \u201eDeutsche Friedensgesellschaft \u2013 Vereinigte KriegsdienstgegnerInnen\u201c (DFG-VK) ruft zum Protest gegen die Milit\u00e4r-Werbung auf dem Kirchentag in Dortmund auf.<\/p>\n<blockquote><p>Die Armee wirbt auf dem Kirchentag um Zustimmung f\u00fcr ihre bewaffneten Eins\u00e4tze,<\/p><\/blockquote>\n<p>kritisiert Rainer Schmid von der DFG-VK. Der in diesem Jahr mit dem \u201eAMOS-Preis f\u00fcr Zivilcourage in Kirche und Gesellschaft\u201c ausgezeichnete Friedensaktivist h\u00e4lt milit\u00e4rische Gewalt f\u00fcr unvereinbar mit dem christlichen Glauben:<\/p>\n<blockquote><p>Mit Bezug auf das Kirchentags-Motto \u201aWas f\u00fcr ein Vertrauen\u2018 muss man die Frage stellen: Auf wen oder was vertrauen wir? Vertrauen wir auf Abschreckung, Aufr\u00fcstung, Milit\u00e4r und R\u00fcstung? Oder vertrauen wir auf Vernunft, Dialog, V\u00f6lkerverst\u00e4ndigung, Vertr\u00e4ge und gewaltfreie Verteidigung?<\/p><\/blockquote>\n<p>Die DFG-VK protestiert insbesondere gegen folgenden Bundeswehr-Veranstaltungen:<\/p>\n<ul>\n<li>Im Rahmen des \u201eAbends der Begegnung\u201c am Mittwoch (19.06.2019) soll ab 18.30 Uhr auf dem Platz der alten Synagoge ein Auftritt eines Bundeswehr-Musikkorps stattfinden.<\/li>\n<li>Am Freitag (21.06.2019) findet um 11 Uhr in der Sankt Marienkirche unter der sch\u00f6nf\u00e4rberischen Bezeichnung \u201eBittgottesdienst f\u00fcr den Frieden\u201c ein Milit\u00e4rgottesdienst statt. Mitwirken werden: Milit\u00e4rmusikkorps, Milit\u00e4rpolizei, Milit\u00e4rseelsorge, Milit\u00e4rbischof und hohe Vertreter*innen der Bundeswehr.<\/li>\n<li>Den ganzen Kirchentag \u00fcber wirbt die Milit\u00e4rseelsorge in der Westfalenhalle um Zustimmung f\u00fcr die Bundeswehr und deren Eins\u00e4tze (Halle 7 Stand A08 und in Halle 8 Stand H27, Do.+Fr.+Sa., jeweils 10.30-18.30 Uhr)<\/li>\n<\/ul>\n<p>Die DFG-VK ist selbst mit einem Messestand unter dem Motto \u201eKirche und Milit\u00e4r \u2013 die Zusammenarbeit beenden\u201c in der Westfalenhalle (Halle 4, Nummer B-33. Zeit: Do.+Fr.+Sa. jeweils 10.30-18.30 Uhr) vertreten. Zudem unterst\u00fctzt die Organisation die Menschkette \u201eVertraue dem Frieden und lebe ihn!\u201c, die am 22. Juni durch Dortmund f\u00fchren soll. Weitere Informationen gibt es auf den Websites <a href=\"http:\/\/www.militaerseelsorge-abschaffen.de\/\">www.militaerseelsorge-abschaffen.de<\/a> und <a href=\"http:\/\/www.musiker-gegen-militaermusik.de\/\">www.musiker-gegen-militaermusik.de<\/a>.<\/p>\n<p><b>F\u00fcr Interviews oder bei Nachfragen nehmen Sie bitte jederzeit telefonisch unter 017623575236 oder per E-Mail unter <\/b><a href=\"mailto:svg@dfg-vk.de\"><b>svg@dfg-vk.de<\/b><\/a><b> Kontakt auf!<\/b><\/p>\n<p><i>Deutsche Friedensgesellschaft \u2013 Vereinigte KriegsdienstgegnerInnen, Stuttgart 18. Juni 2019.<\/i><\/p>\n<div id=\"attachment_13884\" style=\"width: 4618px\" class=\"wp-caption alignnone\"><img loading=\"lazy\" decoding=\"async\" aria-describedby=\"caption-attachment-13884\" class=\"size-full wp-image-13884\" src=\"https:\/\/www.friedenkoeln.de\/wp-content\/uploads\/2019\/06\/2018-01-11-12.05.05Soldatengottesdienst-K\u00f6ln_Foto-Stefanie-Intveen.jpg\" alt=\"Ein \u00e4lterer Mann mit dunkler M\u00fctze und einer blau-wei\u00dfen DFG-VK-Fahne mit dem zerbrochenen Gewehr in der Hand spricht mit einem Soldaten in einem langen grauen Mantel und einer wei\u00dfroten M\u00fctze.\" width=\"4608\" height=\"3072\" srcset=\"https:\/\/www.friedenkoeln.de\/wp-content\/uploads\/2019\/06\/2018-01-11-12.05.05Soldatengottesdienst-K\u00f6ln_Foto-Stefanie-Intveen.jpg 4608w, https:\/\/www.friedenkoeln.de\/wp-content\/uploads\/2019\/06\/2018-01-11-12.05.05Soldatengottesdienst-K\u00f6ln_Foto-Stefanie-Intveen-150x100.jpg 150w, https:\/\/www.friedenkoeln.de\/wp-content\/uploads\/2019\/06\/2018-01-11-12.05.05Soldatengottesdienst-K\u00f6ln_Foto-Stefanie-Intveen-768x512.jpg 768w\" sizes=\"auto, (max-width: 4608px) 100vw, 4608px\" \/><p id=\"caption-attachment-13884\" class=\"wp-caption-text\">Michael S\u00fcnner (DFG-VK Gruppe K\u00f6ln) diskutiert nach dem Soldatengottesdienst im K\u00f6lner Dom am 11.1.2018 mit einem Soldaten der Bundeswehr. Foto: Stefanie Intveen<\/p><\/div>\n","protected":false},"excerpt":{"rendered":"<p>Vom 19. bis 23. Juni 2019 findet in Dortmund der 37. Deutsche Evangelische Kirchentag statt. Die Bundeswehr betreibt dort Lobby-Arbeit und Image-Werbung. Vereinbar mit dem christlichen Glauben ist das nicht. Christ*innen und Friedensaktivist*innen rufen&#46;&#46;&#46;<\/p>\n","protected":false},"author":110,"featured_media":0,"comment_status":"open","ping_status":"open","sticky":false,"template":"","format":"standard","meta":{"footnotes":""},"categories":[87],"tags":[48,59,134],"class_list":["post-13881","post","type-post","status-publish","format-standard","hentry","category-pressemitteilung","tag-bundeswehr","tag-kirche","tag-militaerseelsorge"],"_links":{"self":[{"href":"https:\/\/www.friedenkoeln.de\/index.php?rest_route=\/wp\/v2\/posts\/13881","targetHints":{"allow":["GET"]}}],"collection":[{"href":"https:\/\/www.friedenkoeln.de\/index.php?rest_route=\/wp\/v2\/posts"}],"about":[{"href":"https:\/\/www.friedenkoeln.de\/index.php?rest_route=\/wp\/v2\/types\/post"}],"author":[{"embeddable":true,"href":"https:\/\/www.friedenkoeln.de\/index.php?rest_route=\/wp\/v2\/users\/110"}],"replies":[{"embeddable":true,"href":"https:\/\/www.friedenkoeln.de\/index.php?rest_route=%2Fwp%2Fv2%2Fcomments&post=13881"}],"version-history":[{"count":5,"href":"https:\/\/www.friedenkoeln.de\/index.php?rest_route=\/wp\/v2\/posts\/13881\/revisions"}],"predecessor-version":[{"id":13887,"href":"https:\/\/www.friedenkoeln.de\/index.php?rest_route=\/wp\/v2\/posts\/13881\/revisions\/13887"}],"wp:attachment":[{"href":"https:\/\/www.friedenkoeln.de\/index.php?rest_route=%2Fwp%2Fv2%2Fmedia&parent=13881"}],"wp:term":[{"taxonomy":"category","embeddable":true,"href":"https:\/\/www.friedenkoeln.de\/index.php?rest_route=%2Fwp%2Fv2%2Fcategories&post=13881"},{"taxonomy":"post_tag","embeddable":true,"href":"https:\/\/www.friedenkoeln.de\/index.php?rest_route=%2Fwp%2Fv2%2Ftags&post=13881"}],"curies":[{"name":"wp","href":"https:\/\/api.w.org\/{rel}","templated":true}]}}