{"id":13895,"date":"2019-06-30T23:17:39","date_gmt":"2019-06-30T21:17:39","guid":{"rendered":"https:\/\/www.friedenkoeln.de\/?p=13895"},"modified":"2019-06-30T23:17:39","modified_gmt":"2019-06-30T21:17:39","slug":"einladung-nach-der-kuendigung-des-inf-vertrages-neue-atomwaffen-in-europa","status":"publish","type":"post","link":"https:\/\/www.friedenkoeln.de\/?p=13895","title":{"rendered":"Einladung: Nach der K\u00fcndigung des INF-Vertrages \u2013 Neue Atomwaffen in Europa?"},"content":{"rendered":"<div class=\"entry-content clearfix\">\n<p><em>Wir laden herzlich ein: Donnerstag 4. Juli 2019, 18 Uhr, Studienhaus der VHS am Neumarkt, K\u00f6ln.<\/em><\/p>\n<hr \/>\n<h4>F\u00fcr eine neue Entspannungspolitik<\/h4>\n<div id=\"attachment_13398\" style=\"width: 387px\" class=\"wp-caption alignright\"><img loading=\"lazy\" decoding=\"async\" aria-describedby=\"caption-attachment-13398\" class=\" wp-image-13398\" src=\"https:\/\/www.friedenkoeln.de\/wp-content\/uploads\/2019\/02\/INF_inspection_of_Pershing_II_missiles_in_1989_1.jpg\" alt=\"Im Gegenlicht sind zwei teilweise zerlegte Raketen zu sehen, die auf einer weiten verdorrten Ebene liegen. Dazwischen stehen M\u00e4nner mit Soldatenkappen und Schreibzeug.\" width=\"377\" height=\"259\" srcset=\"https:\/\/www.friedenkoeln.de\/wp-content\/uploads\/2019\/02\/INF_inspection_of_Pershing_II_missiles_in_1989_1.jpg 2810w, https:\/\/www.friedenkoeln.de\/wp-content\/uploads\/2019\/02\/INF_inspection_of_Pershing_II_missiles_in_1989_1-150x103.jpg 150w, https:\/\/www.friedenkoeln.de\/wp-content\/uploads\/2019\/02\/INF_inspection_of_Pershing_II_missiles_in_1989_1-768x527.jpg 768w\" sizes=\"auto, (max-width: 377px) 100vw, 377px\" \/><p id=\"caption-attachment-13398\" class=\"wp-caption-text\">Beobachtet von ihren US-amerikanischen Begleitern nehmen sowjetische Inspekteure am 14.1.1989 Daten einer Pershing II auf, die gem\u00e4\u00df INF-Vertrag verschrottet wird. Foto: MSGT Jose Lopez Jr.<\/p><\/div>\n<p>Der Vertrag zur Entfernung atomarer Mittelstreckenraketen aus Europa leistete seit 1987 einen wichtigen Beitrag zu Stabilit\u00e4t und Sicherheit des Kontinents. Seine Aufk\u00fcndigung zum 1.8.2019 \u2013 zun\u00e4chst durch die USA, in Folge auch durch Russland \u2013 wird vermutlich zu neuem atomaren Wettr\u00fcsten f\u00fchren.<span id=\"more-2690\"><\/span> Die Waffen werden modernisiert, die Bedrohungspotenziale weiter vergr\u00f6\u00dfert, die Gefahr eines Atomkriegs wird gr\u00f6\u00dfer. Der Luftwaffenstandort B\u00fcchel soll atomar modernisiert, die Milit\u00e4rbasis Ramstein als Lage- und Kommandozentrum der US-Armee weiter ausgebaut werden.<\/p>\n<p>Welche M\u00f6glichkeiten h\u00e4tte die Bundesregierung jetzt, um eine derartige Eskalation abzuwenden?<\/p>\n<p>Eine Politik der Entspannung gegen\u00fcber Russland wurde in den 90er Jahren auf Eis gelegt. Forschungskapazit\u00e4ten zur Osteuropaforschung wurden abgebaut, Chancen der interkulturellen Begegnung wurden nicht genutzt, ein staatlich gef\u00f6rdertes deutsch-russisches Jugendwerk existiert bis heute nicht. Zwar wurden die Wirtschaftsbeziehungen auf niedrigem Niveau ausgebaut, seit der Krimkrise aber sind die politischen Spannungen deutlich gestiegen. Nicht nur vor dem Hintergrund einer atomaren Aufr\u00fcstung mit all ihren Risiken scheint es dringend geboten, die Entspannungspolitik neu zu begr\u00fcnden.<\/p>\n<p>Welche Schritte sind realistisch? Wo liegen die Widerst\u00e4nde? Was kann die Friedensbewegung dazu beitragen?<\/p>\n<p style=\"text-align: center;\"><strong>Dar\u00fcber sprechen und diskutieren:<\/strong><\/p>\n<p><strong>Regina Hagen,<\/strong> Verantwortliche Redakteurin der Zeitschrift \u201eWissenschaft und Frieden\u201c, Sprecherin der Kampagne \u201eB\u00fcchel ist \u00fcberall\u201c<\/p>\n<p><strong>Kai Ehlers<\/strong> , Russlandkorrespondent<\/p>\n<p style=\"text-align: center;\"><strong>Donnerstag 4. Juli 2019,18 Uhr im Studienhaus der VHS am Neumarkt, <\/strong><\/p>\n<p style=\"text-align: center;\"><strong>Raum 006, C\u00e4cilienstra\u00dfe 35, 50667 K\u00f6ln<\/strong><\/p>\n<p style=\"text-align: center;\">Es laden ein: K\u00f6lner Friedensforum, pax christi- Gruppe K\u00f6ln, DFG-VK K\u00f6ln, Friedensbildungswerk K\u00f6ln, VHS K\u00f6ln<\/p>\n<p><strong>Spenden f\u00fcr unsere Arbeit:<\/strong><\/p>\n<p>F\u00f6rderverein K\u00f6lner Friedensforum e. V.,\u00a0SPARDA Bank West, IBAN: DE09 3706 0590 0004 1572 30<\/p>\n<\/div>\n","protected":false},"excerpt":{"rendered":"<p>Wir laden herzlich ein: Donnerstag 4. Juli 2019, 18 Uhr, Studienhaus der VHS am Neumarkt, K\u00f6ln. F\u00fcr eine neue Entspannungspolitik Der Vertrag zur Entfernung atomarer Mittelstreckenraketen aus Europa leistete seit 1987 einen wichtigen Beitrag&#46;&#46;&#46;<\/p>\n","protected":false},"author":110,"featured_media":0,"comment_status":"open","ping_status":"open","sticky":false,"template":"","format":"standard","meta":{"footnotes":""},"categories":[104],"tags":[42,33,98,125],"class_list":["post-13895","post","type-post","status-publish","format-standard","hentry","category-ankuendigung","tag-abruestung","tag-atomwaffen","tag-entspannungspolitik","tag-inf-vertrag"],"_links":{"self":[{"href":"https:\/\/www.friedenkoeln.de\/index.php?rest_route=\/wp\/v2\/posts\/13895","targetHints":{"allow":["GET"]}}],"collection":[{"href":"https:\/\/www.friedenkoeln.de\/index.php?rest_route=\/wp\/v2\/posts"}],"about":[{"href":"https:\/\/www.friedenkoeln.de\/index.php?rest_route=\/wp\/v2\/types\/post"}],"author":[{"embeddable":true,"href":"https:\/\/www.friedenkoeln.de\/index.php?rest_route=\/wp\/v2\/users\/110"}],"replies":[{"embeddable":true,"href":"https:\/\/www.friedenkoeln.de\/index.php?rest_route=%2Fwp%2Fv2%2Fcomments&post=13895"}],"version-history":[{"count":6,"href":"https:\/\/www.friedenkoeln.de\/index.php?rest_route=\/wp\/v2\/posts\/13895\/revisions"}],"predecessor-version":[{"id":13901,"href":"https:\/\/www.friedenkoeln.de\/index.php?rest_route=\/wp\/v2\/posts\/13895\/revisions\/13901"}],"wp:attachment":[{"href":"https:\/\/www.friedenkoeln.de\/index.php?rest_route=%2Fwp%2Fv2%2Fmedia&parent=13895"}],"wp:term":[{"taxonomy":"category","embeddable":true,"href":"https:\/\/www.friedenkoeln.de\/index.php?rest_route=%2Fwp%2Fv2%2Fcategories&post=13895"},{"taxonomy":"post_tag","embeddable":true,"href":"https:\/\/www.friedenkoeln.de\/index.php?rest_route=%2Fwp%2Fv2%2Ftags&post=13895"}],"curies":[{"name":"wp","href":"https:\/\/api.w.org\/{rel}","templated":true}]}}