{"id":13909,"date":"2019-07-10T13:03:56","date_gmt":"2019-07-10T11:03:56","guid":{"rendered":"https:\/\/www.friedenkoeln.de\/?p=13909"},"modified":"2019-07-10T13:03:56","modified_gmt":"2019-07-10T11:03:56","slug":"dfg-vk-die-afd-steht-fuer-aufruestung-und-militarismus","status":"publish","type":"post","link":"https:\/\/www.friedenkoeln.de\/?p=13909","title":{"rendered":"DFG-VK: Die AfD steht f\u00fcr Aufr\u00fcstung und Militarismus"},"content":{"rendered":"<div title=\"Page 1\"><em>Pressemitteilung der DFG-VK<\/em><\/div>\n<hr \/>\n<p><em>Stuttgart, 9. Juli 2019.<\/em> Die \u201eDeutsche Friedensgesellschaft \u2013 Vereinigte KriegsdienstgegnerInnen\u201c (DFG-VK) warnt vor der\u201eAlternative f\u00fcr Deutschland\u201c (AfD): Die menschenfeindliche Partei wolle die Armee weiter aufr\u00fcsten und das Land militarisieren. Die DFG-VK fordert hingegen mit dem Slogan \u201eGrenzen \u00f6ffnen f\u00fcr Menschen \u2013 Grenzen schlie\u00dfen f\u00fcr Waffen!\u201c aktive Fl\u00fcchtlingshilfe und einen R\u00fcstungsexportstopp.<\/p>\n<div class=\"layoutArea\">\n<div class=\"column\">\n<div id=\"attachment_9207\" style=\"width: 403px\" class=\"wp-caption alignright\"><img loading=\"lazy\" decoding=\"async\" aria-describedby=\"caption-attachment-9207\" class=\" wp-image-9207\" src=\"https:\/\/www.friedenkoeln.de\/wp-content\/uploads\/2014\/10\/Ostermarsch-2016-Grenzen.jpeg\" alt=\"Zwei junge Leute halten ein Transparent mit dieser Aufschrift.\" width=\"393\" height=\"239\" srcset=\"https:\/\/www.friedenkoeln.de\/wp-content\/uploads\/2014\/10\/Ostermarsch-2016-Grenzen.jpeg 1280w, https:\/\/www.friedenkoeln.de\/wp-content\/uploads\/2014\/10\/Ostermarsch-2016-Grenzen-1024x622.jpeg 1024w\" sizes=\"auto, (max-width: 393px) 100vw, 393px\" \/><p id=\"caption-attachment-9207\" class=\"wp-caption-text\">&#8222;Grenzen \u00f6ffnen f\u00fcr Menschen &#8211; Grenzen schlie\u00dfen f\u00fcr Waffen!&#8220;. Ostermarsch-Auftakt K\u00f6ln 2016<\/p><\/div>\n<p>Die Bundestagsfraktion der \u201eAlternative f\u00fcr Deutschland\u201c hat vor kurzem ein Strategiepapier zur Bundeswehr herausgeben. Darin wird deutlich, wof\u00fcr die Partei in Fragen des Milit\u00e4rs steht: Die AfD m\u00f6chte die Bundeswehr bef\u00e4higen, weltweit Eins\u00e4tze durchzuf\u00fchren. Dazu will sie noch mehr Geld ins Milit\u00e4r pumpen und auch alle NATO-Verpflichtungen erf\u00fcllen. Zudem soll die Wehrpflicht wieder eingef\u00fchrt und ein Reservistenkorps, bestehend aus 50.000 Mann, gebildet werden. Insgesamt soll die Bundeswehr auf 230.000 Soldatinnen und Soldaten aufgestockt werden. Beim Traditionsverst\u00e4ndnis der deutschen Armee hei\u00dft es in dem AfD-Papier:<\/p>\n<blockquote><p>Die Bundeswehr ist Teil einer Jahrhunderte alten deutschen Milit\u00e4rtradition.<\/p><\/blockquote>\n<p>Um die Aufr\u00fcstung und Militarisierung mit dem R\u00fcckhalt der Bev\u00f6lkerung durchzuf\u00fchren, soll es etwa eine Milit\u00e4rparade am \u201eTag der Deutschen Einheit\u201c und eine noch intensivere Einbindung von Soldatinnen und Soldaten an Schulen geben, hei\u00dft es in dem Papier. Proteste gegen das Milit\u00e4r sollen hingegen bestraft werden.<\/p>\n<p>Die DFG-VK lehnt alle diese Vorschl\u00e4ge und Forderungen mit Nachdruck ab:<\/p>\n<blockquote><p>Das Strategiepapier zeigt, dass die AfD keinen Frieden will,<\/p><\/blockquote>\n<p>so Michael Schulze von Gla\u00dfer, politischer Gesch\u00e4ftsf\u00fchrer der DFG- VK auch im Namen des Bundessprecher*innenkreises der Friedensorganisation.<\/p>\n<blockquote><p>Die AfD steht aber nicht nur f\u00fcr Aufr\u00fcstung und Militarismus, sondern ist eine zutiefst rassistische undmenschenfeindliche Partei,<\/p><\/blockquote>\n<p>erkl\u00e4rt Schulze von Gla\u00dfer mit Blick etwa auf \u00c4u\u00dferungen der AfD- F\u00fchrung weiter. Dabei habe die AfD nicht einmal Skrupel, sich positiv auf die kriegerische deutsche Geschichte, die Millionen Tote zum Opfer hatte und hat, zu beziehen.<\/p>\n<blockquote><p>Wir in der DFG-VK setzen uns f\u00fcr Abr\u00fcstung und ein friedliches Zusammenleben aller Menschen ein,<\/p><\/blockquote>\n<p>erkl\u00e4rt Schulze von Gla\u00dfer weiter. Hass und Gewalt erteilt die Friedensorganisation eine klare Absage.<\/p>\n<p>Die DFG-VK ist offizielle Unterst\u00fctzerin der Initiative \u201eSeebr\u00fccke \u2013 Schafft sichere H\u00e4fen\u201c, die sich f\u00fcr die Aufnahme von Gefl\u00fcchteten einsetzt. Zahlreiche Ortsgruppen und Mitglieder engagieren sich lokal in der Fl\u00fcchtlingshilfe (Videos <a href=\"https:\/\/www.youtube.com\/watch?v=1xrvotnKgEY\">hier<\/a>, <a href=\"https:\/\/www.youtube.com\/watch?v=h5GfBy9gFQ8\">hier<\/a> und <a href=\"https:\/\/www.youtube.com\/watch?v=O3zT0paMaGE\">hier<\/a>). Mit ihrer friedenspolitischen Arbeit \u2013 etwa dem Einsatz gegen R\u00fcstungsexporte \u2013 versucht die DFG-VK zudem, Fluchtursachen zu bek\u00e4mpfen.<\/p>\n<blockquote><p>Wir fordern einen v\u00f6lligen Stopp des Waffenhandels. Denn wer \u2013 wie die Bundesregierung \u2013Waffenexporte in Krisen- und Kriegsgebiete genehmigt, der tr\u00e4gt dazu bei, dass Menschen vor demEinsatz deutscher Waffen fliehen m\u00fcssen,<\/p><\/blockquote>\n<p>kritisiert DFG-VK-Bundessprecher und R\u00fcstungsexperte J\u00fcrgen Gr\u00e4sslin.<\/p>\n<blockquote><p>Waffenhandel ist ein Fluchtgrund. Unser Slogan dagegen lautet: \u201aGrenzen \u00f6ffnen f\u00fcr Menschen \u2013 Grenzen schlie\u00dfen f\u00fcr Waffen!\u2018,<\/p><\/blockquote>\n<p>so Gr\u00e4sslin, der auch Sprecher der Kampagne \u201eAktionAufschrei \u2013 Stoppt den Waffenhandel!\u201c ist.<\/p>\n<hr \/>\n<p><em>F\u00fcr Interviews oder bei Nachfragen nehmen Sie bitte jederzeit telefonisch unter 017623575236 oder per E-Mail unter svg@dfg-vk.de Kontakt auf!<\/em><\/p>\n<p><em>Deutsche Friedensgesellschaft \u2013 Vereinigte KriegsdienstgegnerInnen, Stuttgart 9. Juli 2019.<\/em><\/p>\n<\/div>\n<\/div>\n","protected":false},"excerpt":{"rendered":"<p>Pressemitteilung der DFG-VK Stuttgart, 9. Juli 2019. Die \u201eDeutsche Friedensgesellschaft \u2013 Vereinigte KriegsdienstgegnerInnen\u201c (DFG-VK) warnt vor der\u201eAlternative f\u00fcr Deutschland\u201c (AfD): Die menschenfeindliche Partei wolle die Armee weiter aufr\u00fcsten und das Land militarisieren. Die DFG-VK&#46;&#46;&#46;<\/p>\n","protected":false},"author":110,"featured_media":0,"comment_status":"open","ping_status":"open","sticky":false,"template":"","format":"standard","meta":{"footnotes":""},"categories":[87],"tags":[153,48,117,127,43,37,65],"class_list":["post-13909","post","type-post","status-publish","format-standard","hentry","category-pressemitteilung","tag-aufruestung","tag-bundeswehr","tag-flucht","tag-militarisierung","tag-rassismus","tag-ruestungsexporte","tag-schule"],"_links":{"self":[{"href":"https:\/\/www.friedenkoeln.de\/index.php?rest_route=\/wp\/v2\/posts\/13909","targetHints":{"allow":["GET"]}}],"collection":[{"href":"https:\/\/www.friedenkoeln.de\/index.php?rest_route=\/wp\/v2\/posts"}],"about":[{"href":"https:\/\/www.friedenkoeln.de\/index.php?rest_route=\/wp\/v2\/types\/post"}],"author":[{"embeddable":true,"href":"https:\/\/www.friedenkoeln.de\/index.php?rest_route=\/wp\/v2\/users\/110"}],"replies":[{"embeddable":true,"href":"https:\/\/www.friedenkoeln.de\/index.php?rest_route=%2Fwp%2Fv2%2Fcomments&post=13909"}],"version-history":[{"count":7,"href":"https:\/\/www.friedenkoeln.de\/index.php?rest_route=\/wp\/v2\/posts\/13909\/revisions"}],"predecessor-version":[{"id":13916,"href":"https:\/\/www.friedenkoeln.de\/index.php?rest_route=\/wp\/v2\/posts\/13909\/revisions\/13916"}],"wp:attachment":[{"href":"https:\/\/www.friedenkoeln.de\/index.php?rest_route=%2Fwp%2Fv2%2Fmedia&parent=13909"}],"wp:term":[{"taxonomy":"category","embeddable":true,"href":"https:\/\/www.friedenkoeln.de\/index.php?rest_route=%2Fwp%2Fv2%2Fcategories&post=13909"},{"taxonomy":"post_tag","embeddable":true,"href":"https:\/\/www.friedenkoeln.de\/index.php?rest_route=%2Fwp%2Fv2%2Ftags&post=13909"}],"curies":[{"name":"wp","href":"https:\/\/api.w.org\/{rel}","templated":true}]}}