{"id":14021,"date":"2019-08-14T14:02:06","date_gmt":"2019-08-14T12:02:06","guid":{"rendered":"https:\/\/www.friedenkoeln.de\/?p=14021"},"modified":"2019-08-30T12:43:39","modified_gmt":"2019-08-30T10:43:39","slug":"einladung-koelner-kundgebung-zum-antikriegstag-2019-abruesten-statt-aufruesten","status":"publish","type":"post","link":"https:\/\/www.friedenkoeln.de\/?p=14021","title":{"rendered":"Einladung: K\u00f6lner Kundgebung zum Antikriegstag 2019 &#8211; Abr\u00fcsten statt aufr\u00fcsten!"},"content":{"rendered":"<h2>Orts\u00e4nderung &#8211; wichtiger Hinweis: die Kundgebung findet am 31.8.2019, 14:00 Uhr, auf dem Alter Markt (nicht: Wallrafplatz) in K\u00f6ln statt. Wir bitten um Beachtung und Verst\u00e4ndnis.<\/h2>\n<p><em>Wir laden herzlich ein:<\/em><\/p>\n<h4 style=\"text-align: center;\">am Samstag, den 31. August 2019<br clear=\"none\" \/>um 14:00 Uhr auf dem Wallrafplatz, K\u00f6ln<\/h4>\n<p>Mit Musik von <strong>Rolly und Benjamin Brings<\/strong> sowie von <strong>Markus Fr\u00f6hlich<\/strong> und mit Reden von:<\/p>\n<ul>\n<li><b>Wolfgang Uellenberg-van Dawen<\/b><\/li>\n<li><b>Eva-Maria Zimmermann<\/b> (GEW-Gesch\u00e4ftsf\u00fchrerin K\u00f6ln)<\/li>\n<li><b>Deutsche Friedensgesellschaft\u00a0\u2013 Vereinigte KriegsdienstgegnerInnen, DFG-VK<\/b><\/li>\n<li><b>Hans M\u00f6rtter<\/b> (Pfarrer der Lutherkirche in der K\u00f6lner S\u00fcdstadt)<\/li>\n<li><b>Reiner Schmidt<\/b> (Interventionistische Linke)<\/li>\n<li><b>Ei-Ichi Kido<\/b> (Politikwissenschaftler an den Universit\u00e4ten Osaka und Bochum)<\/li>\n<li><b>Murat Yilmaz<\/b> (Civaka Azad \u2013 Kurdisches Zentrum f\u00fcr \u00d6ffentlichkeitsarbeit e. V.)<\/li>\n<li><b>Anna &amp; Luzie<\/b> (Fridays for Future)<\/li>\n<\/ul>\n<h1><span style=\"color: #339999;\">Nie wieder Krieg, nie wieder Faschismus, Abr\u00fcsten statt Aufr\u00fcsten!<\/span><\/h1>\n<p>80 Jahre nach dem \u00dcberfall Nazi-Deutschands auf Polen am 1. September 1939 und dem Beginn des Zwei\u00adten Weltkriegs, der \u00fcber 65 Millionen Menschenleben kostete, ist es heute dringender denn je, aus der Geschichte zu lernen und dem Wiedererstarken von Nationalismus, Chauvinismus und Mili\u00adta\u00adris\u00admus entschieden entgegen zu treten. Wenn heute weltweit wieder massiv aufger\u00fcstet wird und hier Faschisten auf offener Stra\u00dfe morden, kommt es auf das gemeinsame Engagement f\u00fcr Abr\u00fcstung und die Verwirklichung einer solidarischen Gesellschaft an.<\/p>\n<p>\u00dcber 150.000 Menschen haben bereits die Kampagne \u201eAbr\u00fcsten statt Aufr\u00fcsten\u201c unterschrieben, die von Friedensbewegung, Deutschem Gewerkschaftsbund und zahlreichen Pers\u00f6nlichkeiten aus Kultur, Po\u00adlitik, Wissenschaft und sozialen Bewegungen initiiert und unterst\u00fctzt wird. Diese Kampagne fordert:<\/p>\n<blockquote><p>Milit\u00e4rische Aufr\u00fcstung stoppen, Spannungen abbauen, ge\u00adgenseitiges Vertrauen aufbauen, Perspektiven f\u00fcr Ent\u00adwick\u00adlung und soziale Sicherheit schaffen, Entspannungs\u00adpo\u00adli\u00adtik auch mit Russland, verhandeln und abr\u00fcsten. (\u2026) Kei\u00adne Erh\u00f6hung der R\u00fcstungsausgaben\u00a0\u2013 Abr\u00fcsten ist das Ge\u00adbot der Stunde.<\/p><\/blockquote>\n<p>Die aktuelle R\u00fcstungsspirale ist verheerend: Im Jahr 2006 betrug der deu\u00adtsche Verteidigungsetat 27,9 Milliarden Euro \u2013 dieses Jahr gibt die Bundesregierung 43,2 Milliarden Euro f\u00fcr Aufr\u00fcstung und Krieg aus. Und wenn es nach den Pl\u00e4nen der neuen Verteidigungsminister\u00adin geht, sollen die j\u00e4hrlichen Milit\u00e4rausgaben in wenigen Jahren ge\u00adm\u00e4\u00df den Vorgaben der NATO (\u201eZwei-Prozent-Ziel\u201c) auf 85 Milliarden Eu\u00adro verdoppelt werden. Sie l\u00e4gen damit deutlich \u00fcber dem R\u00fcstungs\u00adetat Russlands. Mit diesen Geldern soll die Bundeswehr auf 203.000 Mann aufgestockt werden, neue Waffensysteme wie todbringen\u00adde Drohnen sollen beschafft werden. Die hierf\u00fcr geplanten Gel\u00adder aber fehlen im zivilen Bereich.<\/p>\n<p>Wir wollen dieser antisozialen und m\u00f6rderischen Politik einen Riegel vorschieben und setzen uns ein f\u00fcr:<\/p>\n<ul>\n<li>sozialen Aufbau statt Aufr\u00fcstung! \u00d6ffentliche Gelder f\u00fcr eine solidarische Stadt mit Wohnungen f\u00fcr alle, f\u00fcr den Ausbau und die Verbesserung der Besch\u00e4ftigungsverh\u00e4ltnisse in der ambulanten und station\u00e4ren Pflege sowie in den Schulen, f\u00fcr einen kosteng\u00fcnstigen und zuverl\u00e4ssigen \u00f6ffentlichen Nahverkehr f\u00fcr alle, f\u00fcr ein geb\u00fchrenfreies Bildungssystem, f\u00fcr die Finanzierung der dringend notwendigen Energiewende und vieles mehr!<\/li>\n<li>den Stopp von R\u00fcstungsexporten und eine zivile Ausrichtung von Wissenschaft, Arbeit und Handel!<\/li>\n<li>die Beseitigung von Fluchtursachen statt fl\u00fcchtender Menschen. Das Sterben im Mittelmeer, in Lagern in Libyen und an den europ\u00e4ischen Au\u00dfengrenzen muss sofort gestoppt, die Seenotrettung wieder erm\u00f6glicht und sichere Fluchtrouten geschaffen werden!<\/li>\n<\/ul>\n<p>Wir rufen anl\u00e4sslich des Antikriegstags auf zur<\/p>\n<h2>Kundgebung am 31. August 2019 <br clear=\"none\" \/>um 14:00 Uhr auf dem Wallrafplatz<\/h2>\n<p><span style=\"color: #339999;\"><i><b>Es rufen auf:<\/b> Friedensforum K\u00f6ln, Deutsche Friedensgesellschaft\u00a0\u2013 Vereinigte Kriegsdienstgeg\u00adnerInnen (DFG-VK) K\u00f6ln, Vereinigung der Verfolgten des Naziregimes\u00a0\u2013 Bund der Antifaschistinnen und Antifaschisten (VVN-BdA) K\u00f6ln, Friedensinitiative S\u00fclz-Klettenberg, Plenum \u201eFrieden und Frei\u00adheit f\u00fcr die T\u00fcrkei und f\u00fcr Kurdis\u00adtan\u201c, Antimilitaristisches B\u00fcndnis K\u00f6ln, Arbeitskreis Zivilklausel Uni K\u00f6ln, GEW Stadtverband K\u00f6ln.<\/i><\/span><\/p>\n<h4><a class=\"ydp77a81a6fyiv3937901166ydp6433a68ayiv5581375545moz-txt-link-abbreviated\" href=\"http:\/\/www.koelnerfriedensforum.org\/\" target=\"_blank\" rel=\"nofollow noopener noreferrer\" shape=\"rect\">www.koelnerfriedensforum.org<\/a><\/h4>\n<p>___________<\/p>\n<p><em>Hinweis: alle Helfer*innen treffen sich um 12:30 Uhr im Friedensbildungswerk K\u00f6ln.\u00a0<\/em><\/p>\n<p><img loading=\"lazy\" decoding=\"async\" class=\"alignnone size-full wp-image-11443\" src=\"https:\/\/www.friedenkoeln.de\/wp-content\/uploads\/2017\/11\/fullsizeoutput_5cb.jpeg\" alt=\"meergr\u00fcnes Logo der Initiative &quot;Abr\u00fcsten jetzt!&quot; mit der Aufschrift &quot;Abr\u00fcsten statt Aufr\u00fcsten.&quot; Das Wort Aufr\u00fcsten ist in schwarzen d\u00fcnnen Gro\u00dfbuchstaben gedruckt und mit zwei hellen Balken durchkreuzt.\" width=\"1100\" height=\"455\" srcset=\"https:\/\/www.friedenkoeln.de\/wp-content\/uploads\/2017\/11\/fullsizeoutput_5cb.jpeg 1100w, https:\/\/www.friedenkoeln.de\/wp-content\/uploads\/2017\/11\/fullsizeoutput_5cb-768x318.jpeg 768w, https:\/\/www.friedenkoeln.de\/wp-content\/uploads\/2017\/11\/fullsizeoutput_5cb-1024x424.jpeg 1024w\" sizes=\"auto, (max-width: 1100px) 100vw, 1100px\" \/><\/p>\n<p><em>Am 30.8.2019 wurde der Hinweis auf die Orts\u00e4nderung eingef\u00fcgt &#8211; d. Red.<\/em><\/p>\n","protected":false},"excerpt":{"rendered":"<p>Orts\u00e4nderung &#8211; wichtiger Hinweis: die Kundgebung findet am 31.8.2019, 14:00 Uhr, auf dem Alter Markt (nicht: Wallrafplatz) in K\u00f6ln statt. Wir bitten um Beachtung und Verst\u00e4ndnis. Wir laden herzlich ein: am Samstag, den 31.&#46;&#46;&#46;<\/p>\n","protected":false},"author":110,"featured_media":0,"comment_status":"open","ping_status":"open","sticky":false,"template":"","format":"standard","meta":{"footnotes":""},"categories":[2,116],"tags":[42,45,37],"class_list":["post-14021","post","type-post","status-publish","format-standard","hentry","category-aktionen","category-aufruf","tag-abruestung","tag-geschichte","tag-ruestungsexporte"],"_links":{"self":[{"href":"https:\/\/www.friedenkoeln.de\/index.php?rest_route=\/wp\/v2\/posts\/14021","targetHints":{"allow":["GET"]}}],"collection":[{"href":"https:\/\/www.friedenkoeln.de\/index.php?rest_route=\/wp\/v2\/posts"}],"about":[{"href":"https:\/\/www.friedenkoeln.de\/index.php?rest_route=\/wp\/v2\/types\/post"}],"author":[{"embeddable":true,"href":"https:\/\/www.friedenkoeln.de\/index.php?rest_route=\/wp\/v2\/users\/110"}],"replies":[{"embeddable":true,"href":"https:\/\/www.friedenkoeln.de\/index.php?rest_route=%2Fwp%2Fv2%2Fcomments&post=14021"}],"version-history":[{"count":9,"href":"https:\/\/www.friedenkoeln.de\/index.php?rest_route=\/wp\/v2\/posts\/14021\/revisions"}],"predecessor-version":[{"id":14094,"href":"https:\/\/www.friedenkoeln.de\/index.php?rest_route=\/wp\/v2\/posts\/14021\/revisions\/14094"}],"wp:attachment":[{"href":"https:\/\/www.friedenkoeln.de\/index.php?rest_route=%2Fwp%2Fv2%2Fmedia&parent=14021"}],"wp:term":[{"taxonomy":"category","embeddable":true,"href":"https:\/\/www.friedenkoeln.de\/index.php?rest_route=%2Fwp%2Fv2%2Fcategories&post=14021"},{"taxonomy":"post_tag","embeddable":true,"href":"https:\/\/www.friedenkoeln.de\/index.php?rest_route=%2Fwp%2Fv2%2Ftags&post=14021"}],"curies":[{"name":"wp","href":"https:\/\/api.w.org\/{rel}","templated":true}]}}