{"id":14049,"date":"2019-08-26T19:13:01","date_gmt":"2019-08-26T17:13:01","guid":{"rendered":"https:\/\/www.friedenkoeln.de\/?p=14049"},"modified":"2019-08-30T12:43:56","modified_gmt":"2019-08-30T10:43:56","slug":"abruesten-statt-aufruesten-lehren-aus-der-vergangenheit-zum-antikriegstag-buehnenprogramm-in-koeln","status":"publish","type":"post","link":"https:\/\/www.friedenkoeln.de\/?p=14049","title":{"rendered":"Abr\u00fcsten statt aufr\u00fcsten! Lehren aus der Vergangenheit zum Antikriegstag &#8211; B\u00fchnenprogramm in K\u00f6ln"},"content":{"rendered":"<div class=\"page\" title=\"Page 1\">\n<div class=\"layoutArea\">\n<div class=\"column\">\n<h2>Orts\u00e4nderung &#8211; wichtiger Hinweis: die Kundgebung findet am 31.8.2019, 14:00 Uhr, auf dem Alter Markt (nicht: Wallrafplatz) in K\u00f6ln statt. Wir bitten um Beachtung und Verst\u00e4ndnis.<\/h2>\n<p><em>Pressemitteilung des K\u00f6lner B\u00fcndnis &#8222;Abr\u00fcsten statt aufr\u00fcsten&#8220; zum Antikriegstag vom 23.09.2019.<\/em><\/p>\n<\/div>\n<\/div>\n<div class=\"layoutArea\">\n<div class=\"column\">\n<h4>Zivilgesellschaftliche Organisationen fordern Abr\u00fcstung und sozialen Aufbau.<br \/>\nB\u00fchnenprogramm zum Antikriegstag in K\u00f6ln am 31. August 2019<\/h4>\n<h4><img loading=\"lazy\" decoding=\"async\" class=\"alignnone size-full wp-image-11443\" src=\"https:\/\/www.friedenkoeln.de\/wp-content\/uploads\/2017\/11\/fullsizeoutput_5cb.jpeg\" alt=\"meergr\u00fcnes Logo der Initiative &quot;Abr\u00fcsten jetzt!&quot; mit der Aufschrift &quot;Abr\u00fcsten statt Aufr\u00fcsten.&quot; Das Wort Aufr\u00fcsten ist in schwarzen d\u00fcnnen Gro\u00dfbuchstaben gedruckt und mit zwei hellen Balken durchkreuzt.\" width=\"1100\" height=\"455\" srcset=\"https:\/\/www.friedenkoeln.de\/wp-content\/uploads\/2017\/11\/fullsizeoutput_5cb.jpeg 1100w, https:\/\/www.friedenkoeln.de\/wp-content\/uploads\/2017\/11\/fullsizeoutput_5cb-768x318.jpeg 768w, https:\/\/www.friedenkoeln.de\/wp-content\/uploads\/2017\/11\/fullsizeoutput_5cb-1024x424.jpeg 1024w\" sizes=\"auto, (max-width: 1100px) 100vw, 1100px\" \/><\/h4>\n<h4>K\u00f6lner Organisationen aus dem gewerkschaftlichen, pazifistischen und antifaschistischen Bereich rufen mit einem B\u00fchnenprogramm am 31. August 2019 auf dem Wallrafplatz den 80. Jahrestag des NS-deutschen \u00dcberfalls auf Polen und den Beginn des Zweiten Weltkriegs in Erinnerung.<\/h4>\n<p>Peter F\u00f6rster, Mitglied im Arbeitskreis Zivilklausel an der Universit\u00e4t zu K\u00f6ln, erkl\u00e4rt:<\/p>\n<blockquote><p>Menschenverachtende Hetze und milit\u00e4rische Hochr\u00fcstung haben den Boden f\u00fcr den Eroberungskrieg der Nazis bereitet, der in den Zweiten Weltkrieg mit mehr als 65 Millionen Toten gef\u00fchrt hat. Daraus sind heute Schlussfolgerungen zu ziehen \u2013 f\u00fcr Abr\u00fcstung, die St\u00e4rkung sozialstaatlicher Errungenschaften und die Verwirklichung des V\u00f6lkerrechts.<\/p><\/blockquote>\n<p>Die Gesch\u00e4ftsf\u00fchrerin des Stadtverbands K\u00f6ln der Gewerkschaft f\u00fcr Erziehung und Wissenschaft (GEW) Eva-Maria Zimmermann, die als Rednerin an der Veranstaltung teilnehmen wird, erg\u00e4nzt:<\/p>\n<blockquote><p>Angesichts der Tatsache, dass der Bund jetzt schon mehr als doppelt so viel f\u00fcr Verteidigung ausgibt wie f\u00fcr Bildung und Forschung, m\u00f6chte ich mit Nachdruck an die Kampagne &#8222;Abr\u00fcsten statt aufr\u00fcsten!&#8220; erinnern, die wir als GEW und Deutscher Gewerkschaftsbund unterst\u00fctzen. Denn Waffen schaffen keinen Frieden! Statt, wie beim 2%-Ziel vorgesehen, den Verteidigungsetat bis 2024 auf \u00fcber 80 Milliarden Euro ann\u00e4hernd zu verdoppeln, sollte vielmehr in bezahlbaren Wohnraum, einen g\u00fcnstigen, gut ausgebauten und zuverl\u00e4ssigen \u00f6ffentlichen Nahverkehr, in die Energiewende sowie in gute Arbeit und kostenfreie Bildung f\u00fcr alle investiert werden.<\/p><\/blockquote>\n<p>Die Organisatoren fordern, die milit\u00e4rische Aufr\u00fcstung zu beenden und stattdessen \u00f6ffentliche Gelder in die st\u00e4dtische soziale Infrastruktur, die Pflege, die Schulen, den \u00f6ffentlichen Nahverkehr und die Energiewende zu investieren. Sie verlangen, R\u00fcstungsexporte zu stoppen und Wissenschaft, Arbeit und Handel zivil auszurichten. Sie fordern, \u201eFluchtursachen statt fl\u00fcchtender Menschen\u201c zu beseitigen. Das Sterben im Mittelmeer und an den europ\u00e4ischen Au\u00dfengrenzen m\u00fcsse gestoppt, die Seenotrettung wieder erm\u00f6glicht und sichere Fluchtrouten geschaffen werden.<\/p>\n<p>Rolly und Benjamin Brings sowie Markus Fr\u00f6hlich werden f\u00fcr Musik und Gelegenheiten zum Mitsingen sorgen.<\/p>\n<\/div>\n<\/div>\n<\/div>\n<div class=\"page\" title=\"Page 2\">\n<div class=\"layoutArea\">\n<div class=\"column\">\n<p style=\"text-align: center;\"><strong>Nie wieder Krieg, nie wieder Faschismus! Abr\u00fcsten statt aufr\u00fcsten!<\/strong><\/p>\n<p style=\"text-align: center;\"><strong>am Samstag, den 31. August 2019 um 14:00 Uhr auf dem Wallrafplatz<\/strong><\/p>\n<p style=\"text-align: center;\">Mit Musik von <strong>Rolly und Benjamin Brings<\/strong> sowie von <strong>Markus Fr\u00f6hlich<\/strong> und mit Reden von:<\/p>\n<p><strong>Wolfgang Uellenberg-van Dawen<\/strong><\/p>\n<p><strong>Eva-Maria Zimmermann<\/strong> (Gesch\u00e4ftsf\u00fchrerin des Stadtverband K\u00f6ln der GEW)<\/p>\n<p><strong>Hans Decruppe<\/strong> (Deutsche Friedensgesellschaft \u2013 Vereinigte KriegsdienstgegnerInnen)<\/p>\n<p><strong>Hans M\u00f6rtter<\/strong> (Pfarrer der Lutherkirche in der K\u00f6lner S\u00fcdstadt)<\/p>\n<p><strong>Reiner Schmidt<\/strong> (Interventionistische Linke)<\/p>\n<p><strong>Ei-Ichi Kido<\/strong> (Politikwissenschaftler an den Universit\u00e4ten Osaka und Bochum)<\/p>\n<p><strong>Murat Yilmaz<\/strong> (Civaka Azad \u2013 Kurdisches Zentrum f\u00fcr \u00d6ffentlichkeitsarbeit e. V.)<\/p>\n<p><strong>Anna &amp; Luzie<\/strong> (Fridays for Future K\u00f6ln)<\/p>\n<p>Es rufen auf:<br \/>\nFriedensforum K\u00f6ln, Deutsche Friedensgesellschaft \u2013 Vereinigte KriegsdienstgegnerInnen (DFG-VK) K\u00f6ln, Vereinigung der Verfolgten des Naziregimes \u2013 Bund der Antifaschistinnen und Antifaschisten (VVN-BdA) K\u00f6ln, Gewerkschaft Erziehung und Wissenschaft (GEW) Stadtverband K\u00f6ln, Friedensinitiative S\u00fclz-Klettenberg, Plenum \u201eFrieden und Freiheit f\u00fcr die T\u00fcrkei und f\u00fcr Kurdistan\u201c, Antimilitaristisches B\u00fcndnis K\u00f6ln, Arbeitskreis Zivilklausel Uni K\u00f6ln<\/p>\n<p><a href=\"https:\/\/www.friedenkoeln.de\/wp-content\/uploads\/2019\/08\/Flyer_Abr\u00fcsten-statt-aufr\u00fcsten_20190831-K\u00f6ln_final.pdf\">Flyer zur Kundgebung zum Download<\/a><\/p>\n<p>Pressekontakt:<\/p>\n<p>Peter F\u00f6rster, +49 178 3291379<br \/>\n<a href=\"http:\/\/koelnerfriedensforum.org\">K\u00f6lner Friedensforum<\/a><br \/>\nc\/o Friedensbildungswerk K\u00f6ln, Obenmarspforten 7-11, 50667 K\u00f6ln<\/p>\n<p>Hintergrund:<\/p>\n<p><a href=\"https:\/\/www.dgb.de\/themen\/++co++93bae610-b2db-11e9-b0e3-52540088cada\">Aufruf des Deutschen Gewerkschaftsbundes vom 30.7.2019 zum Antikriegstag 2019 \u201eNie wieder Krieg! Nie wieder Faschismus! F\u00fcr Frieden und Abr\u00fcstung!\u201c<\/a><\/p>\n<p><a href=\"http:\/\/www.abruesten.jetzt\">Kampagne \u201eAbr\u00fcsten statt Aufr\u00fcsten!\u201c<\/a><\/p>\n<p><em>Der Beitrag wurde am 30.8.2019 mit dem Hinweis auf die Orts\u00e4nderung erg\u00e4nzt. &#8211; D. Red.<\/em><\/p>\n<\/div>\n<\/div>\n<\/div>\n","protected":false},"excerpt":{"rendered":"<p>Orts\u00e4nderung &#8211; wichtiger Hinweis: die Kundgebung findet am 31.8.2019, 14:00 Uhr, auf dem Alter Markt (nicht: Wallrafplatz) in K\u00f6ln statt. Wir bitten um Beachtung und Verst\u00e4ndnis. Pressemitteilung des K\u00f6lner B\u00fcndnis &#8222;Abr\u00fcsten statt aufr\u00fcsten&#8220; zum&#46;&#46;&#46;<\/p>\n","protected":false},"author":110,"featured_media":0,"comment_status":"open","ping_status":"open","sticky":false,"template":"","format":"standard","meta":{"footnotes":""},"categories":[104,87],"tags":[42,123,146],"class_list":["post-14049","post","type-post","status-publish","format-standard","hentry","category-ankuendigung","category-pressemitteilung","tag-abruestung","tag-faschismus","tag-krieg"],"_links":{"self":[{"href":"https:\/\/www.friedenkoeln.de\/index.php?rest_route=\/wp\/v2\/posts\/14049","targetHints":{"allow":["GET"]}}],"collection":[{"href":"https:\/\/www.friedenkoeln.de\/index.php?rest_route=\/wp\/v2\/posts"}],"about":[{"href":"https:\/\/www.friedenkoeln.de\/index.php?rest_route=\/wp\/v2\/types\/post"}],"author":[{"embeddable":true,"href":"https:\/\/www.friedenkoeln.de\/index.php?rest_route=\/wp\/v2\/users\/110"}],"replies":[{"embeddable":true,"href":"https:\/\/www.friedenkoeln.de\/index.php?rest_route=%2Fwp%2Fv2%2Fcomments&post=14049"}],"version-history":[{"count":10,"href":"https:\/\/www.friedenkoeln.de\/index.php?rest_route=\/wp\/v2\/posts\/14049\/revisions"}],"predecessor-version":[{"id":14095,"href":"https:\/\/www.friedenkoeln.de\/index.php?rest_route=\/wp\/v2\/posts\/14049\/revisions\/14095"}],"wp:attachment":[{"href":"https:\/\/www.friedenkoeln.de\/index.php?rest_route=%2Fwp%2Fv2%2Fmedia&parent=14049"}],"wp:term":[{"taxonomy":"category","embeddable":true,"href":"https:\/\/www.friedenkoeln.de\/index.php?rest_route=%2Fwp%2Fv2%2Fcategories&post=14049"},{"taxonomy":"post_tag","embeddable":true,"href":"https:\/\/www.friedenkoeln.de\/index.php?rest_route=%2Fwp%2Fv2%2Ftags&post=14049"}],"curies":[{"name":"wp","href":"https:\/\/api.w.org\/{rel}","templated":true}]}}