{"id":14105,"date":"2019-09-04T16:14:53","date_gmt":"2019-09-04T14:14:53","guid":{"rendered":"https:\/\/www.friedenkoeln.de\/?p=14105"},"modified":"2019-09-04T16:20:40","modified_gmt":"2019-09-04T14:20:40","slug":"zum-nachhoeren-warum-wir-auf-der-gamescom-waren-interview-mit-stefanie-intveen","status":"publish","type":"post","link":"https:\/\/www.friedenkoeln.de\/?p=14105","title":{"rendered":"Zum Nachh\u00f6ren: Warum wir auf der gamescom waren. Interview mit Stefanie Intveen"},"content":{"rendered":"<p>Gemeinsam mit weiteren Antimilitarist*innen war die DFG-VK Gruppe K\u00f6ln am 21.8.2019 mit einem Infostand vor den Messehallen der gamescom, um dagegen zu protestieren, dass die Bundeswehr auf der Spielemesse um Rekrut*innen wirbt.<\/p>\n<div id=\"attachment_14109\" style=\"width: 452px\" class=\"wp-caption aligncenter\"><img loading=\"lazy\" decoding=\"async\" aria-describedby=\"caption-attachment-14109\" class=\" wp-image-14109\" src=\"https:\/\/www.friedenkoeln.de\/wp-content\/uploads\/2019\/09\/IMG_3941.jpg\" alt=\"\" width=\"442\" height=\"331\" srcset=\"https:\/\/www.friedenkoeln.de\/wp-content\/uploads\/2019\/09\/IMG_3941.jpg 4032w, https:\/\/www.friedenkoeln.de\/wp-content\/uploads\/2019\/09\/IMG_3941-150x113.jpg 150w, https:\/\/www.friedenkoeln.de\/wp-content\/uploads\/2019\/09\/IMG_3941-768x576.jpg 768w\" sizes=\"auto, (max-width: 442px) 100vw, 442px\" \/><p id=\"caption-attachment-14109\" class=\"wp-caption-text\">Am Stand der DFG-VK Gruppe K\u00f6ln beim Eingang Ost der K\u00f6lnMesse am 21.8.2019. V. l. n. r.: Benno Malte Fuchs, zwei coole Herren mit pinken Luftballons &#8222;Bundeswehr &#8211; zum Kotzen.&#8220; Foto: Stefanie Intveen<\/p><\/div>\n<p>Monika Metz, Journalistin des Freien Lokalrundfunk K\u00f6ln (FLoK), sprach dar\u00fcber mit Stefanie Intveen, einer der Sprecher*innen der Gruppe K\u00f6ln. Die Sendung lief am 30.8.2019 auf der Frequenz von Radio K\u00f6ln. Hier ist das Interview zum Nachh\u00f6ren:<\/p>\n<audio class=\"wp-audio-shortcode\" id=\"audio-14105-1\" preload=\"none\" style=\"width: 100%;\" controls=\"controls\"><source type=\"audio\/mpeg\" src=\"https:\/\/www.friedenkoeln.de\/wp-content\/uploads\/2019\/09\/FLoK_h\u00f6rens_gamescom2019_DFG-VK.mp3?_=1\" \/><a href=\"https:\/\/www.friedenkoeln.de\/wp-content\/uploads\/2019\/09\/FLoK_h\u00f6rens_gamescom2019_DFG-VK.mp3\">https:\/\/www.friedenkoeln.de\/wp-content\/uploads\/2019\/09\/FLoK_h\u00f6rens_gamescom2019_DFG-VK.mp3<\/a><\/audio>\n<p><em>Wir bedanken uns herzlich beim FLoK f\u00fcr die Datei! &#8211; D. Red.<\/em><\/p>\n<p><em>Weitere Radiosendungen unter Beteiligung unserer Mitglieder haben wir hier zum Nachh\u00f6ren gesammelt: <a href=\"https:\/\/www.friedenkoeln.de\/?page_id=12685\">Wir sind h\u00f6rbar \u2013 Rundfunksendungen mit Mitgliedern der DFG-VK Gruppe K\u00f6ln<\/a>\u00a0<\/em><\/p>\n","protected":false},"excerpt":{"rendered":"<p>Gemeinsam mit weiteren Antimilitarist*innen war die DFG-VK Gruppe K\u00f6ln am 21.8.2019 mit einem Infostand vor den Messehallen der gamescom, um dagegen zu protestieren, dass die Bundeswehr auf der Spielemesse um Rekrut*innen wirbt. Monika Metz,&#46;&#46;&#46;<\/p>\n","protected":false},"author":110,"featured_media":0,"comment_status":"open","ping_status":"open","sticky":false,"template":"","format":"standard","meta":{"footnotes":""},"categories":[107],"tags":[48,86],"class_list":["post-14105","post","type-post","status-publish","format-standard","hentry","category-kommentar","tag-bundeswehr","tag-videospiele"],"_links":{"self":[{"href":"https:\/\/www.friedenkoeln.de\/index.php?rest_route=\/wp\/v2\/posts\/14105","targetHints":{"allow":["GET"]}}],"collection":[{"href":"https:\/\/www.friedenkoeln.de\/index.php?rest_route=\/wp\/v2\/posts"}],"about":[{"href":"https:\/\/www.friedenkoeln.de\/index.php?rest_route=\/wp\/v2\/types\/post"}],"author":[{"embeddable":true,"href":"https:\/\/www.friedenkoeln.de\/index.php?rest_route=\/wp\/v2\/users\/110"}],"replies":[{"embeddable":true,"href":"https:\/\/www.friedenkoeln.de\/index.php?rest_route=%2Fwp%2Fv2%2Fcomments&post=14105"}],"version-history":[{"count":8,"href":"https:\/\/www.friedenkoeln.de\/index.php?rest_route=\/wp\/v2\/posts\/14105\/revisions"}],"predecessor-version":[{"id":14114,"href":"https:\/\/www.friedenkoeln.de\/index.php?rest_route=\/wp\/v2\/posts\/14105\/revisions\/14114"}],"wp:attachment":[{"href":"https:\/\/www.friedenkoeln.de\/index.php?rest_route=%2Fwp%2Fv2%2Fmedia&parent=14105"}],"wp:term":[{"taxonomy":"category","embeddable":true,"href":"https:\/\/www.friedenkoeln.de\/index.php?rest_route=%2Fwp%2Fv2%2Fcategories&post=14105"},{"taxonomy":"post_tag","embeddable":true,"href":"https:\/\/www.friedenkoeln.de\/index.php?rest_route=%2Fwp%2Fv2%2Ftags&post=14105"}],"curies":[{"name":"wp","href":"https:\/\/api.w.org\/{rel}","templated":true}]}}