{"id":14115,"date":"2019-09-18T12:53:38","date_gmt":"2019-09-18T10:53:38","guid":{"rendered":"https:\/\/www.friedenkoeln.de\/?p=14115"},"modified":"2019-09-18T12:53:38","modified_gmt":"2019-09-18T10:53:38","slug":"nachlese-gewerkschaften-friedensgruppen-fridays-for-future-beim-antikriegstag-in-koeln","status":"publish","type":"post","link":"https:\/\/www.friedenkoeln.de\/?p=14115","title":{"rendered":"Nachlese: Gewerkschaften, Friedensgruppen, Fridays for Future beim Antikriegstag in K\u00f6ln"},"content":{"rendered":"<p><em>Von Stefanie Intveen.<\/em> Das B\u00fchnenprogramm zum <a href=\"https:\/\/www.friedenkoeln.de\/?p=14021\">Antikriegstag in K\u00f6ln<\/a>, das am 31.8.2019 bei gl\u00fchender Sommerhitze auf dem Alter Markt stattfand, zeigte klar:<\/p>\n<div id=\"attachment_14143\" style=\"width: 603px\" class=\"wp-caption alignright\"><img loading=\"lazy\" decoding=\"async\" aria-describedby=\"caption-attachment-14143\" class=\" wp-image-14143\" src=\"https:\/\/www.friedenkoeln.de\/wp-content\/uploads\/2019\/09\/20190831_KRM_1130092.jpg\" alt=\"Auf der kleinen B\u00fchne stehen zwei junge M\u00e4dchen. Dahinter ein t\u00fcrkisfarbenes Transparent &quot;Abr\u00fcsten statt aufr\u00fcsten&quot;\" width=\"593\" height=\"423\" srcset=\"https:\/\/www.friedenkoeln.de\/wp-content\/uploads\/2019\/09\/20190831_KRM_1130092.jpg 2048w, https:\/\/www.friedenkoeln.de\/wp-content\/uploads\/2019\/09\/20190831_KRM_1130092-150x107.jpg 150w, https:\/\/www.friedenkoeln.de\/wp-content\/uploads\/2019\/09\/20190831_KRM_1130092-768x549.jpg 768w\" sizes=\"auto, (max-width: 593px) 100vw, 593px\" \/><p id=\"caption-attachment-14143\" class=\"wp-caption-text\">Anna und Luzie (Fridays for Future) am Mikro, w\u00e4hrend Rolly Brings zuh\u00f6rt und Helfer*innen das passende Transparent zeigen: &#8222;Klimawandel f\u00fchrt zu Krieg!&#8220;. Alter Markt, K\u00f6ln, 31.8.2019. Foto: \u00a9 Klaus Reinhard M\u00fcller (CC BY-SA 4.0).<\/p><\/div>\n<p>Gewerkschaften, Friedensgruppen und die Klimabewegung der Sch\u00fcler*innen\u00a0Fridays for Future ziehen in K\u00f6ln an einem Strang. Sie verlangen gemeinsam ein Ende der Aufr\u00fcstung und statt dessen die zivile Bearbeitung internationaler Konflikte im Geiste der Vereinbarungen \u00fcber die globalen Ziele f\u00fcr eine nachhaltige Entwicklung der Weltgemeinschaft. Aus der Nachkriegsforderung &#8222;Nie wieder Krieg, nie wieder Faschismus!&#8220; leiten sie die Forderung &#8222;Abr\u00fcsten statt Aufr\u00fcsten!&#8220; ab. Dass Luzie und Anna von den Fridays for Future, die eine hervorragende Rede zum Zusammenhang von Klimawandel und Krieg hielten, teilnahmen, sahen alle Gruppen als gro\u00dfe Bereicherung an. Schon beim K\u00f6lner Ostermarsch-Auftakt 2019 hatte <a href=\"https:\/\/www.friedenkoeln.de\/?p=13705\">Lilly von Fridays for Future eine Rede<\/a> beigesteuert.<\/p>\n<p>Markus Fr\u00f6hlich und Rolly und Benjamin Brings sorgten &#8211; wie auch alle Redner*innen ehrenamtlich &#8211; f\u00fcr Musik zum Zuh\u00f6ren und Mitsingen. Geredet haben:<\/p>\n<ul>\n<li>Wolfgang Uellenberg-van Dawen (Vorsitzender des EL-DE-Verein)<\/li>\n<li>Eva-Maria Zimmermann (Gesch\u00e4ftsf\u00fchrerin des Stadtverband K\u00f6ln der GEW)<\/li>\n<li>Hans Decruppe (Deutsche Friedensgesellschaft \u2013 Vereinigte KriegsdienstgegnerInnen)<\/li>\n<li>Anna &amp; Luzie (Fridays for Future)<\/li>\n<li>Ei-Ichi Kido (Politikwissenschaftler an den Universit\u00e4ten Osaka und Bochum)<\/li>\n<li>Murat Yilmaz (Civaka Azad \u2013 Kurdisches Zentrum f\u00fcr \u00d6ffentlichkeitsarbeit e. V.)<\/li>\n<li>Reiner Schmidt<span class=\"Apple-converted-space\">\u00a0(<\/span>Interventionistische Linke)<\/li>\n<\/ul>\n<p>Pfarrer Hans M\u00f6rtter musste leider kurzfristig absagen. Einige Redebeitr\u00e4ge ver\u00f6ffentlichen wir in den n\u00e4chsten Tagen zum Nachlesen.<\/p>\n<hr \/>\n<p>Die zivilgesellschaftliche Zusammenarbeit in K\u00f6ln geht weiter: herzliche Einladung zur Teilnahme am Gobalen Klimastreik am 20.9.2019 in K\u00f6ln.<\/p>\n<p><strong>Antimilitaristische und Friedensgruppen treffen sich ab 10:00 Uhr beim blauen DFG-VK-Bulli am Hans-B\u00f6ckler-Platz, K\u00f6ln.<\/strong><\/p>\n<p><strong>#allef\u00fcrsklima<\/strong><\/p>\n<p><strong>#fridaysforfuture<\/strong><\/p>\n","protected":false},"excerpt":{"rendered":"<p>Von Stefanie Intveen. Das B\u00fchnenprogramm zum Antikriegstag in K\u00f6ln, das am 31.8.2019 bei gl\u00fchender Sommerhitze auf dem Alter Markt stattfand, zeigte klar: Gewerkschaften, Friedensgruppen und die Klimabewegung der Sch\u00fcler*innen\u00a0Fridays for Future ziehen in K\u00f6ln&#46;&#46;&#46;<\/p>\n","protected":false},"author":110,"featured_media":0,"comment_status":"open","ping_status":"open","sticky":false,"template":"","format":"standard","meta":{"footnotes":""},"categories":[105],"tags":[42,45,110],"class_list":["post-14115","post","type-post","status-publish","format-standard","hentry","category-bericht","tag-abruestung","tag-geschichte","tag-klima"],"_links":{"self":[{"href":"https:\/\/www.friedenkoeln.de\/index.php?rest_route=\/wp\/v2\/posts\/14115","targetHints":{"allow":["GET"]}}],"collection":[{"href":"https:\/\/www.friedenkoeln.de\/index.php?rest_route=\/wp\/v2\/posts"}],"about":[{"href":"https:\/\/www.friedenkoeln.de\/index.php?rest_route=\/wp\/v2\/types\/post"}],"author":[{"embeddable":true,"href":"https:\/\/www.friedenkoeln.de\/index.php?rest_route=\/wp\/v2\/users\/110"}],"replies":[{"embeddable":true,"href":"https:\/\/www.friedenkoeln.de\/index.php?rest_route=%2Fwp%2Fv2%2Fcomments&post=14115"}],"version-history":[{"count":10,"href":"https:\/\/www.friedenkoeln.de\/index.php?rest_route=\/wp\/v2\/posts\/14115\/revisions"}],"predecessor-version":[{"id":14145,"href":"https:\/\/www.friedenkoeln.de\/index.php?rest_route=\/wp\/v2\/posts\/14115\/revisions\/14145"}],"wp:attachment":[{"href":"https:\/\/www.friedenkoeln.de\/index.php?rest_route=%2Fwp%2Fv2%2Fmedia&parent=14115"}],"wp:term":[{"taxonomy":"category","embeddable":true,"href":"https:\/\/www.friedenkoeln.de\/index.php?rest_route=%2Fwp%2Fv2%2Fcategories&post=14115"},{"taxonomy":"post_tag","embeddable":true,"href":"https:\/\/www.friedenkoeln.de\/index.php?rest_route=%2Fwp%2Fv2%2Ftags&post=14115"}],"curies":[{"name":"wp","href":"https:\/\/api.w.org\/{rel}","templated":true}]}}