{"id":14122,"date":"2019-09-16T23:07:17","date_gmt":"2019-09-16T21:07:17","guid":{"rendered":"https:\/\/www.friedenkoeln.de\/?p=14122"},"modified":"2019-09-16T23:27:41","modified_gmt":"2019-09-16T21:27:41","slug":"koelner-prominente-gegen-abschiebung-des-kriegsdienstverweigers-ibrahim-cemil-oezdemir-in-die-tuerkei","status":"publish","type":"post","link":"https:\/\/www.friedenkoeln.de\/?p=14122","title":{"rendered":"Prominente gegen Abschiebung des Kriegsdienstverweigers Ibrahim Cemil \u00d6zdemir in die T\u00fcrkei"},"content":{"rendered":"<div dir=\"ltr\">\n<div class=\"gmail_quote\">\n<div dir=\"ltr\">\n<div class=\"gmail_quote\">\n<div dir=\"ltr\">\n<div class=\"gmail_quote\">\n<div dir=\"ltr\">\n<div class=\"gmail_quote\">\n<div dir=\"ltr\">\n<p>Pers\u00f6nlichkeiten des \u00f6ffentlichen Lebens wie Wilfried Schmickler, Do\u011fan Akhanl\u0131 und G\u00fcnter Wallraff, sowie Bundestagsabgeordnete wie Dr. Rolf M\u00fctzenich, Dr. Sahra Wagenknecht oder Sven Lehmann wenden sich in einer gemeinsamen Erkl\u00e4rung gegen die drohende Abschiebung von Ibrahim Cemil \u00d6zdemir. Das Bundesamt f\u00fcr Migration und Fl\u00fcchtlinge (BAMF) hatte in einer Stellungnahme dargelegt, dass Kriegsdienstverweigerung in der T\u00fcrkei kein Abschiebehindernis darstellt.<\/p>\n<p>Dazu sagt Rudi Friedrich von der Kriegsdienstverweigererorganisation \u201eConnection e. V.\u201c:<\/p>\n<blockquote><p>Cemil \u00d6zdemir wurde mitgeteilt, die Bestrafung der Kriegsdienstverweigerung in der T\u00fcrkei stelle eine Ahndung kriminellen Unrechts dar. Er steht damit exemplarisch daf\u00fcr, wie das Bundesamt f\u00fcr Migration und Flucht meint, das Recht auf Kriegsdienstverweigerung negieren zu k\u00f6nnen. Damit ignoriert es die Meinungs- und Gewissensfreiheit und letztlich die Grundlagen des demokratischen Rechtsstaat.<\/p><\/blockquote>\n<p>Ibrahim Cemil \u00d6zdemir erg\u00e4nzt:<\/p>\n<blockquote><p>Das Ministerium behauptet mir gegen\u00fcber, wegen Kriegsdienstverweigerung gibt es in der T\u00fcrkei keine Folter oder unmenschliche Behandlung. Aber ich bin gefoltert worden, die Polizei wollte mich zum Kriegsdienst zwingen. Ich fordere keinen Gefallen vom deutschen Staat, ich fordere Menschenrechte. Die Bundesregierung darf nicht l\u00e4nger Helfer von Erdogan sein.<\/p><\/blockquote>\n<p>&nbsp;<\/p>\n<p>Anlagen:<br \/>\n<a href=\"https:\/\/www.friedenkoeln.de\/wp-content\/uploads\/2019\/09\/Erkl\u00e4rung-gegen-die-Abschiebung-t\u00fcrkischen-Kriegsdienstverweigerers-.pdf\">Erkl\u00e4rung von Pers\u00f6nlichkeiten aus Zivilgesellschaft und Politik: &#8222;F\u00fcr das Recht auf Kriegsdienstverweigerung &#8211; nein zur Abschiebung von Ibrahim Cemil \u00d6zdemir!&#8220;<\/a><\/p>\n<p><a href=\"https:\/\/www.friedenkoeln.de\/wp-content\/uploads\/2019\/09\/Pers\u00f6nliche-Erkl\u00e4rung-Kriegsdienstverweigerung-\u00d6zdemir.pdf\">Pers\u00f6nliche Erkl\u00e4rung von Ibrahim Cemil \u00d6zdemir zur Kriegsdienstverweigerung: &#8222;Es gab nur einen Weg &#8211; nicht Soldat werden!&#8220;<\/a><\/p>\n<div id=\"attachment_14128\" style=\"width: 3400px\" class=\"wp-caption aligncenter\"><img loading=\"lazy\" decoding=\"async\" aria-describedby=\"caption-attachment-14128\" class=\"size-full wp-image-14128\" src=\"https:\/\/www.friedenkoeln.de\/wp-content\/uploads\/2019\/09\/fullsizeoutput_131c.jpeg\" alt=\"Ein j\u00fcngerer Mann mit dicken schwarzen Haaren, die hinten zusammengebunden zu sein scheinen, und schwarzem Vollbart in einem khakifarbenen Hemd mit Blumenmuster h\u00e4lt freundlich l\u00e4chelnd ein selbstgeschriebenes Plakat in die Kamera: &quot;F\u00fcr das Recht auf Kriegsdienstverweigerung in der T\u00fcrkei und \u00fcberall! Zuflucht B\u00f6nen. 15 Uhr&quot;\" width=\"3390\" height=\"2937\" srcset=\"https:\/\/www.friedenkoeln.de\/wp-content\/uploads\/2019\/09\/fullsizeoutput_131c.jpeg 3390w, https:\/\/www.friedenkoeln.de\/wp-content\/uploads\/2019\/09\/fullsizeoutput_131c-150x130.jpeg 150w, https:\/\/www.friedenkoeln.de\/wp-content\/uploads\/2019\/09\/fullsizeoutput_131c-768x665.jpeg 768w\" sizes=\"auto, (max-width: 3390px) 100vw, 3390px\" \/><p id=\"caption-attachment-14128\" class=\"wp-caption-text\">Filmemacher und Kriegsdienstverweigerer Ibrahim Cemil \u00d6zdemir am 1.9.2019 in K\u00f6ln. Foto: privat<\/p><\/div>\n<p>Am 15. September 2019 fand in K\u00f6ln eine Film- und Diskussionsveranstaltung \u201eZwischen den Welten: Verfolgung und Exil \u2013 die Bedeutung und Situation von t\u00fcrkischen Kriegsdienstverweigerern\u201c mit Ibrahim Cemil \u00d6zdemir statt (Veranstaltungsank\u00fcndigung: <a href=\"http:\/\/www.allerweltskino.de\/filmdatenbank\/film.html?FID=6445\" target=\"_blank\" rel=\"noopener noreferrer\">http:\/\/www.allerweltskino.de\/filmdatenbank\/film.html?FID=6445<\/a>)<\/p>\n<\/div>\n<\/div>\n<\/div>\n<\/div>\n<\/div>\n<\/div>\n<\/div>\n<\/div>\n<\/div>\n","protected":false},"excerpt":{"rendered":"<p>Pers\u00f6nlichkeiten des \u00f6ffentlichen Lebens wie Wilfried Schmickler, Do\u011fan Akhanl\u0131 und G\u00fcnter Wallraff, sowie Bundestagsabgeordnete wie Dr. Rolf M\u00fctzenich, Dr. Sahra Wagenknecht oder Sven Lehmann wenden sich in einer gemeinsamen Erkl\u00e4rung gegen die drohende Abschiebung&#46;&#46;&#46;<\/p>\n","protected":false},"author":110,"featured_media":14128,"comment_status":"open","ping_status":"open","sticky":false,"template":"","format":"standard","meta":{"footnotes":""},"categories":[87],"tags":[118,7,99],"class_list":["post-14122","post","type-post","status-publish","format-standard","has-post-thumbnail","hentry","category-pressemitteilung","tag-asyl","tag-kriegsdienstverweigerung-wehrpflicht","tag-menschenrechte"],"_links":{"self":[{"href":"https:\/\/www.friedenkoeln.de\/index.php?rest_route=\/wp\/v2\/posts\/14122","targetHints":{"allow":["GET"]}}],"collection":[{"href":"https:\/\/www.friedenkoeln.de\/index.php?rest_route=\/wp\/v2\/posts"}],"about":[{"href":"https:\/\/www.friedenkoeln.de\/index.php?rest_route=\/wp\/v2\/types\/post"}],"author":[{"embeddable":true,"href":"https:\/\/www.friedenkoeln.de\/index.php?rest_route=\/wp\/v2\/users\/110"}],"replies":[{"embeddable":true,"href":"https:\/\/www.friedenkoeln.de\/index.php?rest_route=%2Fwp%2Fv2%2Fcomments&post=14122"}],"version-history":[{"count":7,"href":"https:\/\/www.friedenkoeln.de\/index.php?rest_route=\/wp\/v2\/posts\/14122\/revisions"}],"predecessor-version":[{"id":14133,"href":"https:\/\/www.friedenkoeln.de\/index.php?rest_route=\/wp\/v2\/posts\/14122\/revisions\/14133"}],"wp:featuredmedia":[{"embeddable":true,"href":"https:\/\/www.friedenkoeln.de\/index.php?rest_route=\/wp\/v2\/media\/14128"}],"wp:attachment":[{"href":"https:\/\/www.friedenkoeln.de\/index.php?rest_route=%2Fwp%2Fv2%2Fmedia&parent=14122"}],"wp:term":[{"taxonomy":"category","embeddable":true,"href":"https:\/\/www.friedenkoeln.de\/index.php?rest_route=%2Fwp%2Fv2%2Fcategories&post=14122"},{"taxonomy":"post_tag","embeddable":true,"href":"https:\/\/www.friedenkoeln.de\/index.php?rest_route=%2Fwp%2Fv2%2Ftags&post=14122"}],"curies":[{"name":"wp","href":"https:\/\/api.w.org\/{rel}","templated":true}]}}