{"id":14180,"date":"2019-09-22T14:06:10","date_gmt":"2019-09-22T12:06:10","guid":{"rendered":"https:\/\/www.friedenkoeln.de\/?p=14180"},"modified":"2019-09-22T14:06:10","modified_gmt":"2019-09-22T12:06:10","slug":"isabelle-casel-bei-allefuersklima-energieverschwendung-durch-militaer-ruestungsindustrie-krieg-stoppen","status":"publish","type":"post","link":"https:\/\/www.friedenkoeln.de\/?p=14180","title":{"rendered":"Isabelle Casel bei #AlleF\u00fcrsKlima: &#8222;Energieverschwendung durch Milit\u00e4r, R\u00fcstungsindustrie, Krieg stoppen!&#8220;"},"content":{"rendered":"<p><i>Ungek\u00fcrzte Fassung der Rede zum K\u00f6lner Klimastreik am 20.9.2019 von Isabelle Casel.<\/i><\/p>\n<div id=\"attachment_14187\" style=\"width: 369px\" class=\"wp-caption alignright\"><img loading=\"lazy\" decoding=\"async\" aria-describedby=\"caption-attachment-14187\" class=\" wp-image-14187\" src=\"https:\/\/www.friedenkoeln.de\/wp-content\/uploads\/2019\/09\/DSC_0323-e1569152419823.jpg\" alt=\"Eine h\u00fcbsche \u00e4ltere Frau mit roten welligen Haaren, einem d\u00fcnnen schwarzen Halsreifen und in heller, gebl\u00fcmter Sommerbluse spricht in ein Mikro.\" width=\"359\" height=\"539\" srcset=\"https:\/\/www.friedenkoeln.de\/wp-content\/uploads\/2019\/09\/DSC_0323-e1569152419823.jpg 3072w, https:\/\/www.friedenkoeln.de\/wp-content\/uploads\/2019\/09\/DSC_0323-e1569152419823-100x150.jpg 100w, https:\/\/www.friedenkoeln.de\/wp-content\/uploads\/2019\/09\/DSC_0323-e1569152419823-768x1152.jpg 768w, https:\/\/www.friedenkoeln.de\/wp-content\/uploads\/2019\/09\/DSC_0323-e1569152419823-2000x3000.jpg 2000w\" sizes=\"auto, (max-width: 359px) 100vw, 359px\" \/><p id=\"caption-attachment-14187\" class=\"wp-caption-text\">Isabelle Casel, Sprecherin der DFG-VK Gruppe K\u00f6ln, bei #AlleF\u00fcrsKlima. Hohenzollernring, K\u00f6ln, 20.9.2019. Foto: Stefanie Intveen<\/p><\/div>\n<p>Ich freue mich total, dass ihr alle da seid! Und, dass die Friedens- und Klimabewegung an diesem Wochenende des Internationalen Weltfriedenstages am 21.9. und des weltweiten Klimastreiks heute zusammenkommt. Wir haben erkannt, dass unsere Ziele thematisch eng miteinander verbunden sind und dass wir sie mit vereinten Kr\u00e4ften erreichen wollen.<\/p>\n<p><strong>Die Klimakrise versch\u00e4rft nicht nur Kriegsursachen und f\u00f6rdert damit Kriege, sondern Krieg, Milit\u00e4r und R\u00fcstungsindustrie geh\u00f6ren zu den Hauptverursachern von Treibhausgasemissionen, Feinstaubbelastungen und Umweltkatastrophen weltweit. Im Kyoto Protokoll und den anderen UN-Klimadokumenten einschlie\u00dflich der Charta von Paris wurde das Milit\u00e4r von den Regierungen, auf Druck der NATO-Staaten, allerdings absichtlich ausgeklammert \u2013 das muss dringend ge\u00e4ndert werden!<\/strong><\/p>\n<p>Staatliche Milit\u00e4rapparate geh\u00f6ren zu den gr\u00f6\u00dften Verbrauchern von Energie und anderen Ressourcen und verschlingen weltweit 1,8 Billionen Dollar an R\u00fcstungsausgaben (fast 2000 Milliarden, eine Zahl mit 12 Nullen). Dabei sind Privat- und S\u00f6ldnerarmeen noch nicht einmal mitgerechnet. Dies ist so eine gewaltige Abzweigung \u00f6ffentlicher Ressourcen \u2013 unserer Steuergelder, die stattdessen unbedingt in erneuerbare Energien und Umweltschutz investiert werden m\u00fcssen!<\/p>\n<p>Die Armeen weltweit verursachen enorme Mengen an klimasch\u00e4dlichen Emissionen: bei der Produktion, dem Handel, Export und Transport von Waffen, bei\u00a0Man\u00f6vern und vor allem durch Kriegseins\u00e4tze selbst und bei anschlie\u00dfenden Besatzungen. Allein 2018 gab es 24 Kriege und bewaffnete Konflikte. Wir fordern daher:<\/p>\n<ul>\n<li>Stopp der R\u00fcstungsexporte, insbesondere an kriegf\u00fchrende Staaten.<br \/>\nVerbot der Lizenzvergabe und der Verlagerung von R\u00fcstungsfirmen ins Ausland.<\/li>\n<li>Festhalten an Grundgesetz und V\u00f6lkerrecht \u2013 keine Kriegsdrohungen, Interventionen und \u201eRegime Changes\u201c oder Beteiligung daran! Von Deutschland darf nie mehr Krieg ausgehen \u2013 keine Auslandseins\u00e4tze der Bundeswehr!<\/li>\n<\/ul>\n<p>Der Treibstoffverbrauch bei Panzern, Kriegsflugzeugen und Kriegsschiffen ist selbst in Friedenszeiten enorm, entsprechend hoch sind auch die Emissionen. Auf mehr als 260 Bundeswehrstandorten wird t\u00e4glich der Krieg einge\u00fcbt, dazu kommen zus\u00e4tzlich die weltweit durchgef\u00fchrten mehr als 160 NATO-Milit\u00e4r\u00fcbungen \u2013 fast jeden zweiten Tag also!<\/p>\n<p>Von anderen Staaten liegen uns keine Zahlen vor, nur schraubt sich die Anzahl der Man\u00f6ver ebenso hoch wie die R\u00fcstungsspirale. Daher brauchen wir eine neue Entspannungspolitik mit Russland, statt Milit\u00e4r\u00fcbungen an den NATO-Ostgrenzen!<\/p>\n<p>Nun kommen ein paar Zahlen, aber bleibt bei mir, das wird super interessant!<\/p>\n<div id=\"attachment_14192\" style=\"width: 366px\" class=\"wp-caption alignleft\"><img loading=\"lazy\" decoding=\"async\" aria-describedby=\"caption-attachment-14192\" class=\" wp-image-14192\" src=\"https:\/\/www.friedenkoeln.de\/wp-content\/uploads\/2019\/09\/DSC_0194.jpg\" alt=\"Ein selbst gemaltes Pappschild mit angedeuteten Verbotsschildern f\u00fcr Flugzeug, Auto und Kohlekraftwerk und Gebotsschildern f\u00fcr Bahn, Fahrrad und Windkraftwerk.\" width=\"356\" height=\"237\" srcset=\"https:\/\/www.friedenkoeln.de\/wp-content\/uploads\/2019\/09\/DSC_0194.jpg 4608w, https:\/\/www.friedenkoeln.de\/wp-content\/uploads\/2019\/09\/DSC_0194-150x100.jpg 150w, https:\/\/www.friedenkoeln.de\/wp-content\/uploads\/2019\/09\/DSC_0194-768x512.jpg 768w\" sizes=\"auto, (max-width: 356px) 100vw, 356px\" \/><p id=\"caption-attachment-14192\" class=\"wp-caption-text\">&#8222;Mach mit!&#8220; bei #AlleF\u00fcrsKlima, Hans-B\u00f6ckler-Platz, K\u00f6ln, 20.9.2019. Foto: Stefanie Intveen<\/p><\/div>\n<p>Der Kampfpanzer Leopard 2 verbraucht auf 100 Kilometer bis zu 530 Liter Diesel. D<a href=\"http:\/\/eurofighter.airpower.at\/technik-daten.htm\">er Kampfjet Eurofighter verbraucht ca. 70-100 Liter Kerosin pro Minute<\/a>und produziert pro Flugstunde 11 Tonnen CO2 -das ist so viel, wie durchschnittlich eine in Deutschland lebende Person im gesamten Jahr. Allein auf der Air Base Ramstein finden j\u00e4hrlich 30.000 Starts und Landungen statt. Daher fordern wir: US-Truppenstationierungsvertrag k\u00fcndigen, keine Steuergelder f\u00fcr US-Milit\u00e4r, keine Kampfjet-\u00dcbungen und keine Beihilfe zu US-Drohnenmorden!<\/p>\n<p>Wer, denkt ihr, ist der weltweit gr\u00f6\u00dfte Einzelverbraucher fossiler Brennstoffe? &#8211; Das Pentagon. Das US-Milit\u00e4r hat mit seinen \u00fcber 1000 Milit\u00e4rst\u00fctzpunkten einen j\u00e4hrlichen CO2 Aussto\u00df von 73 Millionen Tonnen und damit mehr die meisten (140) L\u00e4nder. Allein im Jahr 2017 waren die Treibhausgasemissionen des Pentagons gr\u00f6\u00dfer als die der Industriestaaten D\u00e4nemark oder Schweden.<\/p>\n<p>Auch in Deutschland wird mit den zunehmenden Auslandseins\u00e4tzen, dem angestrebten Ausbau der Streitkr\u00e4fte und der Milit\u00e4rausgaben die Dimension von umweltgef\u00e4hrdender R\u00fcstung schon beim Blick auf den Bundeshaushalt klar: Das Budget f\u00fcr die sogenannte \u201eVerteidigung\u201c erreichte 2019 einen neuen Rekord, indem es sprunghaft von circa 38,5 Milliarden Euro auf 43,2 Milliarden Euro von der Groko aufgestockt wurde. In den kommenden Jahren soll der Milit\u00e4rhaushalt noch bis \u00fcber 85 Milliarden steigen!? Das Budget f\u00fcr Umwelt, Naturschutz und sogenannte nukleare Sicherheit dagegen betr\u00e4gt nur knapp 2,3 Milliarden Euro. (Das ist ein Verh\u00e4ltnis von ca. neunzehn zu eins.)<\/p>\n<p>Es ist zwei Minuten vor Mitternacht auf der Weltuntergangsuhr &#8211; das Gremium von 30 Nobelpreistr\u00e4gern, das j\u00e4hrlich zusammenkommt um die symbolische Uhr zu stellen, warnt drastisch vor der bevorstehenden Gefahr eines Atomkriegs.Atomwaffen sind die existenziellste Herausforderung f\u00fcr die Menschheit, weil sie die Erde zerst\u00f6ren und alles Leben auf einmal ausrotten k\u00f6nnen. Trotz dieser Gefahr wird in der \u00d6ffentlichkeit noch zu wenig \u00fcber die nukleare Abschreckung diskutiert.<\/p>\n<p><strong>Selbst ein begrenzter Atomkrieg<\/strong>, z.B. zwischen Indien und Pakistan w\u00fcrde durch die <strong>enorme Feinstaubbelastung in der Atmosph\u00e4re einen sofortigen radikalen Klimawandel ausl\u00f6sen, nur in die andere Richtung: Nuklearer Winter<\/strong>.<\/p>\n<p>Ru\u00dfpartikel w\u00fcrden die Erdatmosph\u00e4re verdunkeln, die Freisetzung von Stickoxyden und Radikalen w\u00fcrde zu einem enormen Temperatursturz f\u00fchren und die Natur st\u00fcrbe unweigerlich. W\u00fcrde man alle vorhandenen 15.000 Atomwaffen z\u00fcnden, st\u00fcrben 3 Milliarden Menschen sofort, die jeweilige Umgebung st\u00fcnde in Flammen und die Temperatur fiele anschlie\u00dfend auf minus 16 bis 26 Grad &#8211; die Erde w\u00e4re unbewohnbar.<\/p>\n<p>Daher fordern wir:<\/p>\n<ul>\n<li>Deutschland und alle EU L\u00e4nder, die dies noch nicht getan haben, m\u00fcssen dem UN-Atomwaffenverbotsvertrag beitreten. Sofortiger Abzug der US Atomwaffen aus Deutschland (B\u00fcchel) gem\u00e4\u00df Bundestagsbeschluss 2010 und Beendigung der nuklearen Teilhabe Deutschlands, sowie Austritt aus den milit\u00e4rischen Strukturen der NATO.<\/li>\n<li>Der INF Vertrag muss erneuert werden! Keine Stationierung von Atomraketen und nuklear best\u00fcckbarer Marschflugk\u00f6rper in Europa!<\/li>\n<\/ul>\n<p><strong>Kriege waren immer auch Kriege gegen die Natur &#8211; am deutlichsten wahrgenommen beim Atomwaffeneinsatz in Hiroshima und Nagasaki, oder im Vietnamkrieg bei der Entlaubung des Dschungels (\u201eAgent Orange\u201c) und dem Napalm-Einsatz, bei wei\u00dfem Phosphor im irakischen Falludscha oder der Uranmunition in Krieg gegen Jugoslawien.<\/strong><\/p>\n<div id=\"attachment_14191\" style=\"width: 342px\" class=\"wp-caption alignleft\"><img loading=\"lazy\" decoding=\"async\" aria-describedby=\"caption-attachment-14191\" class=\" wp-image-14191\" src=\"https:\/\/www.friedenkoeln.de\/wp-content\/uploads\/2019\/09\/fullsizeoutput_145f.jpeg\" alt=\"Ein M\u00e4dchen zeigt ihr auf Pappe gemaltes Bild mit einem Baum, einer freundlichen Sonne, Blumen und Schmetterlingen. Es sitzt auf dem Scho\u00df seiner Mutter, die in der Sonne zwischen umherlaufenden Menschen auf einem Hocker sitzt.\" width=\"332\" height=\"497\" srcset=\"https:\/\/www.friedenkoeln.de\/wp-content\/uploads\/2019\/09\/fullsizeoutput_145f.jpeg 3072w, https:\/\/www.friedenkoeln.de\/wp-content\/uploads\/2019\/09\/fullsizeoutput_145f-100x150.jpeg 100w, https:\/\/www.friedenkoeln.de\/wp-content\/uploads\/2019\/09\/fullsizeoutput_145f-768x1152.jpeg 768w, https:\/\/www.friedenkoeln.de\/wp-content\/uploads\/2019\/09\/fullsizeoutput_145f-2000x3000.jpeg 2000w\" sizes=\"auto, (max-width: 332px) 100vw, 332px\" \/><p id=\"caption-attachment-14191\" class=\"wp-caption-text\">#AlleF\u00fcrsKlima, Hans-B\u00f6ckler-Platz, K\u00f6ln, 20.9.2019. Foto: Stefanie Intveen<\/p><\/div>\n<p>Was Krieg wirklich bedeutet, wissen vor allem diejenigen, die ihn erlebt haben. Es birgt eine Gefahr in sich, dass viele von ihnen heute nicht mehr leben (wie auch meine Mutter) und nicht mehr mit ihrer unvergleichlichen Gewissheit und Schmerz in ihren Augen vor dieser gr\u00f6\u00dften Katastrophe f\u00fcr Mensch und Umwelt warnen k\u00f6nnen. Meine Mutter musste als kleines Kind erfahren, was Krieg bedeutet. Erst nahmen Soldaten ihr den Vater \u2013 sie hat ihn nie widergesehen, einige Wochen sp\u00e4ter wurde ihre Mutter zur Zwangsarbeit abgef\u00fchrt und noch etwas sp\u00e4ter wurden sie und ihr zwei Jahre alter Bruder mit vorgehaltenen Gewehren aus ihrem Zuhause gezerrt und in ein Vernichtungslager in Mastort gebracht. Sie musste, selbst schwer Skorbut krank vor Unterern\u00e4hrung, zusehen wie ihre kleine Cousine verhungerte, wie ihre Oma fast totgeschlagen wurde, als sie f\u00fcr die Kinder ein paar Kartoffelschalen aus den Abf\u00e4llen der Soldaten stehlen wollte, und wie die noch \u00fcbrigen M\u00e4nner \u00fcber Minenfelder getrieben wurden. Irgendwann konnten sie fliehen, und diese Flucht war auch nicht einfach, aber nichts war so schlimm wie das, was vorher geschehen war \u2013 der Grund warum sie fliehen mussten \u2013 der Krieg \u2013 all die Grausamkeiten und Verletzungen an K\u00f6rper und Psyche f\u00fcr Soldaten wie f\u00fcr ihre unschuldigen Opfer, die Zivilisten!<\/p>\n<p><strong>Gewalt liegt vielleicht in der Natur des Menschen \u2013 Krieg dagegen ist organisierte, technisierte Gewalt zur Interessensdurchsetzung kleiner Gruppen M\u00e4chtiger zu ihrem Machterhalt und -ausbau. Soldaten werden die Individualit\u00e4t und ihr freier Wille genommen, damit sie f\u00fcr die Interessen Anderer k\u00e4mpfen. Aber Krieg kann \u00fcberwunden werden!<\/strong><\/p>\n<p>Das Problem: Das Kapitalistische System zerst\u00f6rt durch den ungebremsten Wettbewerb um die billigsten Rohstoffe, und Arbeitskr\u00e4fte sowie die besten Absatzm\u00e4rkte und Transportwege sowohl die Umwelt, als auch die soziale Gerechtigkeit und das friedliche Zusammenleben der V\u00f6lker. Der Wachstumskapitalismus ignoriert, dass wir in einer Welt leben, deren Ressourcen endlich sind und unendliches Wachstum daher nicht m\u00f6glich ist. (Denn es gibt kein Wirtschaftswachstum ohne wachsenden Rohstoff- und Energieverbrauch.)<\/p>\n<p>Wir m\u00fcssen ein System finden, das Menschen davor bewahrt, sich selbst oder der Natur bzw. der Welt zu schaden. Wir brauchen ein Umdenken im Sinne des &#8222;Buen Vivir&#8220; Konzepts oder der \u201eJust Transition\u201c Bewegungder indigenen V\u00f6lker S\u00fcdamerikas. Sie haben die Natur sogar als juristische Person in die Verfassung aufgenommen (zum Beispiel in Bolivien) und verbinden ein Leben im Einklang mit der Natur mit solidarischem Wirtschaften und einer Ver\u00e4nderung im Politikstil. Wir brauchen den globalen Wandel in Richtung Frieden, Gleichheit, Gerechtigkeit, \u00f6kologischem Gleichgewicht und Wohlbefinden!<\/p>\n<p><strong>Keine L\u00fcckenflickerei wie das sogenannte \u201eKlima-Konzept\u201c der Groko, das Oliver Welke passend so zusammenfasste: \u201eauf Inlandsfl\u00fcgen sind \u00d6lheizungen verboten, es sei denn man kaufe f\u00fcr 360\u20ac eine Plastikt\u00fcte\u201c. \u2013 Voll Planlos!<\/strong><\/p>\n<div id=\"attachment_14190\" style=\"width: 493px\" class=\"wp-caption alignright\"><img loading=\"lazy\" decoding=\"async\" aria-describedby=\"caption-attachment-14190\" class=\" wp-image-14190\" src=\"https:\/\/www.friedenkoeln.de\/wp-content\/uploads\/2019\/09\/DSC_0274.jpg\" alt=\"Eine riesige Menge meist j\u00fcngerer Leute zwischen zwei Reihen hoher Platanen.\" width=\"483\" height=\"322\" srcset=\"https:\/\/www.friedenkoeln.de\/wp-content\/uploads\/2019\/09\/DSC_0274.jpg 4608w, https:\/\/www.friedenkoeln.de\/wp-content\/uploads\/2019\/09\/DSC_0274-150x100.jpg 150w, https:\/\/www.friedenkoeln.de\/wp-content\/uploads\/2019\/09\/DSC_0274-768x512.jpg 768w\" sizes=\"auto, (max-width: 483px) 100vw, 483px\" \/><p id=\"caption-attachment-14190\" class=\"wp-caption-text\">#AlleF\u00fcrsKlima, Hohenzollernring, K\u00f6ln, 20.9.2019. Foto: Stefanie Intveen<\/p><\/div>\n<p>Wir brauchen f\u00fcr die Rettung des Lebensraums Erde ein Ende der Verschleuderung von Steuermilliarden f\u00fcr R\u00fcstung und Krieg. Keine weitere Energie darf f\u00fcr die Bedrohung und Zerst\u00f6rung von Menschen und Natur durch Milit\u00e4r verschwendet werden. Die Friedens- und die Umweltbewegung k\u00f6nnen das nur gemeinsam erreichen, indem wir alle mit dem gleichen Interesse an unserer Zukunft mitnehmen. Eine ernsthafte Umwelt- und Klimadebatte um drastische CO2-Reduzierungen ist ohne den milit\u00e4rischen CO2-Aussto\u00df unvollst\u00e4ndig. Wir brauchen einen umfassenden Abr\u00fcstungsprozess, die K\u00fcrzung des Milit\u00e4retats und den Stopp derProduktion von Kriegswaffen. Das bedeutet auch f\u00fcr die EU: keine Militarisierung, sondern Festschreiben auf einen zivilen Charakter sowie keine weitereausbeuterische Handelspolitik, die Kriege, Armut und Flucht verursacht.<\/p>\n<p>Wir brauchen einen Klimaschutz, der bei denen ansetzt, die f\u00fcr die Klimakatastrophe tats\u00e4chlich verantwortlich sind. Wir sind die 99%, zusammen k\u00f6nnen wir das System ver\u00e4ndern.<\/p>\n<p><strong>Diese Welt geh\u00f6rt nicht den Armeen und Konzernen, diese Welt geh\u00f6rt allen Wesen, die darin leben! Diese Welt geh\u00f6rt uns!<\/strong><\/p>\n<hr \/>\n<p><em>Isabelle Casel ist eine der Sprecher*innen der DFG-VK Gruppe K\u00f6ln. Sie engagiert sich au\u00dferdem in der AG Frieden und Internationale Politik im Kreisverband K\u00f6ln der Partei Die Linke.\u00a0<\/em><\/p>\n","protected":false},"excerpt":{"rendered":"<p>Ungek\u00fcrzte Fassung der Rede zum K\u00f6lner Klimastreik am 20.9.2019 von Isabelle Casel. Ich freue mich total, dass ihr alle da seid! Und, dass die Friedens- und Klimabewegung an diesem Wochenende des Internationalen Weltfriedenstages am&#46;&#46;&#46;<\/p>\n","protected":false},"author":110,"featured_media":0,"comment_status":"open","ping_status":"open","sticky":false,"template":"","format":"standard","meta":{"footnotes":""},"categories":[111],"tags":[33,112,153,142,39,110,36,130],"class_list":["post-14180","post","type-post","status-publish","format-standard","hentry","category-rede","tag-atomwaffen","tag-atomwaffenverbotsvertrag","tag-aufruestung","tag-gerechtigkeit","tag-kampfdrohnen","tag-klima","tag-oekologie-und-frieden","tag-ruestungsindustrie"],"_links":{"self":[{"href":"https:\/\/www.friedenkoeln.de\/index.php?rest_route=\/wp\/v2\/posts\/14180","targetHints":{"allow":["GET"]}}],"collection":[{"href":"https:\/\/www.friedenkoeln.de\/index.php?rest_route=\/wp\/v2\/posts"}],"about":[{"href":"https:\/\/www.friedenkoeln.de\/index.php?rest_route=\/wp\/v2\/types\/post"}],"author":[{"embeddable":true,"href":"https:\/\/www.friedenkoeln.de\/index.php?rest_route=\/wp\/v2\/users\/110"}],"replies":[{"embeddable":true,"href":"https:\/\/www.friedenkoeln.de\/index.php?rest_route=%2Fwp%2Fv2%2Fcomments&post=14180"}],"version-history":[{"count":8,"href":"https:\/\/www.friedenkoeln.de\/index.php?rest_route=\/wp\/v2\/posts\/14180\/revisions"}],"predecessor-version":[{"id":14193,"href":"https:\/\/www.friedenkoeln.de\/index.php?rest_route=\/wp\/v2\/posts\/14180\/revisions\/14193"}],"wp:attachment":[{"href":"https:\/\/www.friedenkoeln.de\/index.php?rest_route=%2Fwp%2Fv2%2Fmedia&parent=14180"}],"wp:term":[{"taxonomy":"category","embeddable":true,"href":"https:\/\/www.friedenkoeln.de\/index.php?rest_route=%2Fwp%2Fv2%2Fcategories&post=14180"},{"taxonomy":"post_tag","embeddable":true,"href":"https:\/\/www.friedenkoeln.de\/index.php?rest_route=%2Fwp%2Fv2%2Ftags&post=14180"}],"curies":[{"name":"wp","href":"https:\/\/api.w.org\/{rel}","templated":true}]}}