{"id":14255,"date":"2019-10-11T12:07:51","date_gmt":"2019-10-11T10:07:51","guid":{"rendered":"https:\/\/www.friedenkoeln.de\/?p=14255"},"modified":"2019-10-11T12:07:51","modified_gmt":"2019-10-11T10:07:51","slug":"macht-frieden-angriff-der-tuerkei-in-syrien-stoppen-appell-unterschreiben","status":"publish","type":"post","link":"https:\/\/www.friedenkoeln.de\/?p=14255","title":{"rendered":"Macht Frieden &#8211; Angriff der T\u00fcrkei in Syrien stoppen: Appell unterschreiben!"},"content":{"rendered":"<p><em>Wir empfehlen, den folgenden Appell der Kampagne &#8222;Macht Frieden &#8211; zivile L\u00f6sungen f\u00fcr Syrien&#8220; an Bundesregierung und Bundestag zu unterzeichnen:<\/em><\/p>\n<p>Der Milit\u00e4reinsatz der T\u00fcrkei in Nordsyrien ist ein weiterer Versto\u00df eines NATO-Staates gegen das V\u00f6lkerrecht und f\u00fchrt zu einer weiteren Eskalation der Situation in Syrien und einer Gef\u00e4hrdung der Zivilbev\u00f6lkerung in den \u00fcberwiegend kurdisch besiedelten Gebieten. Wir wenden uns deshalb mit einem <a class=\"elf-external elf-icon elf-external-processed\" href=\"http:\/\/www.macht-frieden.de\/jetzt-unterschreiben-tuerkische-militaeroffensive-syrien-stoppen\" target=\"_blank\" rel=\"noopener noreferrer\"><u><strong>Appell an<\/strong> <strong>die<\/strong><strong> Bundesregierung und den Bundestag<\/strong><\/u><\/a>, um die v\u00f6lkerrechtswidrige Offensive zu stoppen.<\/p>\n<p><strong>Ich unterzeichne den Appell und fordere die Bundesregierung und die Abgeordneten des Deutschen Bundestages auf:<\/strong><\/p>\n<ul>\n<li>die diplomatischen und wirtschaftlichen Beziehungen zwischen Deutschland und der T\u00fcrkei f\u00fcr bilaterale Gespr\u00e4che zu nutzen, um von der t\u00fcrkischen Regierung einen Stopp des Milit\u00e4reinsatzes zu fordern;<\/li>\n<li>alle deutschen R\u00fcstungsexporte in die T\u00fcrkei umgehend und vollst\u00e4ndig zu stoppen;<\/li>\n<li>ihren Einfluss im UN-Sicherheitsrat geltend zu machen und gemeinsam mit anderen Mitgliedsstaaten den v\u00f6lkerrechtswidrigen Milit\u00e4reinsatz nicht nur zu verurteilen, sondern alle verf\u00fcgbaren diplomatischen Mittel auszusch\u00f6pfen, um diesen zu stoppen;<\/li>\n<li>gleichzeitig die milit\u00e4rische Zusammenarbeit mit der T\u00fcrkei als ein Land, das einen Angriffskrieg f\u00fchrt, im Rahmen der NATO in Frage zu stellen;<\/li>\n<li>die Friedensprozesse in Syrien durch den Ansto\u00df einer Konferenz f\u00fcr Sicherheit und Zusammenarbeit in der Region zu st\u00e4rken.\n<p><div id=\"attachment_12022\" style=\"width: 621px\" class=\"wp-caption aligncenter\"><img loading=\"lazy\" decoding=\"async\" aria-describedby=\"caption-attachment-12022\" class=\" wp-image-12022\" src=\"https:\/\/www.friedenkoeln.de\/wp-content\/uploads\/2018\/04\/Macht-Frieden_Logo-Flagge-vor-Reichstag_20161110_31256604196_0d7f5b8dec_k.jpg\" alt=\"Zu sehen ist ein riesiges Banner, das von zahlreichen Leuten mit Friedensflaggen gehalten wird und einen gelben Pfeil auf pinkem Grund zeigt, aus der Vogelperspektive. Im Hintergrund das Reichstagsgeb\u00e4ude. Der Pfeil ist auf das Geb\u00e4ude gerichtet. Darauf steht: &quot;Macht Frieden. Zivile L\u00f6sungen f\u00fcr Syrien&quot;.\" width=\"611\" height=\"408\" srcset=\"https:\/\/www.friedenkoeln.de\/wp-content\/uploads\/2018\/04\/Macht-Frieden_Logo-Flagge-vor-Reichstag_20161110_31256604196_0d7f5b8dec_k.jpg 2048w, https:\/\/www.friedenkoeln.de\/wp-content\/uploads\/2018\/04\/Macht-Frieden_Logo-Flagge-vor-Reichstag_20161110_31256604196_0d7f5b8dec_k-768x512.jpg 768w, https:\/\/www.friedenkoeln.de\/wp-content\/uploads\/2018\/04\/Macht-Frieden_Logo-Flagge-vor-Reichstag_20161110_31256604196_0d7f5b8dec_k-1024x683.jpg 1024w\" sizes=\"auto, (max-width: 611px) 100vw, 611px\" \/><p id=\"caption-attachment-12022\" class=\"wp-caption-text\">Banneraktion der Kampagne &#8222;Macht Frieden.&#8220; am 10.11.2016 vor dem Reichstag, Berlin. Foto: Jonas Klein.<\/p><\/div><\/li>\n<\/ul>\n","protected":false},"excerpt":{"rendered":"<p>Wir empfehlen, den folgenden Appell der Kampagne &#8222;Macht Frieden &#8211; zivile L\u00f6sungen f\u00fcr Syrien&#8220; an Bundesregierung und Bundestag zu unterzeichnen: Der Milit\u00e4reinsatz der T\u00fcrkei in Nordsyrien ist ein weiterer Versto\u00df eines NATO-Staates gegen das&#46;&#46;&#46;<\/p>\n","protected":false},"author":110,"featured_media":0,"comment_status":"open","ping_status":"open","sticky":false,"template":"","format":"standard","meta":{"footnotes":""},"categories":[116],"tags":[161,162,37,91,4],"class_list":["post-14255","post","type-post","status-publish","format-standard","hentry","category-aufruf","tag-angriffskrieg","tag-nationalismus","tag-ruestungsexporte","tag-voelkerrecht","tag-zivile-konfliktloesung"],"_links":{"self":[{"href":"https:\/\/www.friedenkoeln.de\/index.php?rest_route=\/wp\/v2\/posts\/14255","targetHints":{"allow":["GET"]}}],"collection":[{"href":"https:\/\/www.friedenkoeln.de\/index.php?rest_route=\/wp\/v2\/posts"}],"about":[{"href":"https:\/\/www.friedenkoeln.de\/index.php?rest_route=\/wp\/v2\/types\/post"}],"author":[{"embeddable":true,"href":"https:\/\/www.friedenkoeln.de\/index.php?rest_route=\/wp\/v2\/users\/110"}],"replies":[{"embeddable":true,"href":"https:\/\/www.friedenkoeln.de\/index.php?rest_route=%2Fwp%2Fv2%2Fcomments&post=14255"}],"version-history":[{"count":5,"href":"https:\/\/www.friedenkoeln.de\/index.php?rest_route=\/wp\/v2\/posts\/14255\/revisions"}],"predecessor-version":[{"id":14260,"href":"https:\/\/www.friedenkoeln.de\/index.php?rest_route=\/wp\/v2\/posts\/14255\/revisions\/14260"}],"wp:attachment":[{"href":"https:\/\/www.friedenkoeln.de\/index.php?rest_route=%2Fwp%2Fv2%2Fmedia&parent=14255"}],"wp:term":[{"taxonomy":"category","embeddable":true,"href":"https:\/\/www.friedenkoeln.de\/index.php?rest_route=%2Fwp%2Fv2%2Fcategories&post=14255"},{"taxonomy":"post_tag","embeddable":true,"href":"https:\/\/www.friedenkoeln.de\/index.php?rest_route=%2Fwp%2Fv2%2Ftags&post=14255"}],"curies":[{"name":"wp","href":"https:\/\/api.w.org\/{rel}","templated":true}]}}