{"id":14263,"date":"2019-10-13T22:30:15","date_gmt":"2019-10-13T20:30:15","guid":{"rendered":"https:\/\/www.friedenkoeln.de\/?p=14263"},"modified":"2019-10-13T22:30:15","modified_gmt":"2019-10-13T20:30:15","slug":"reiner-schmidt-der-tod-ist-ein-meister-aus-deutschland-rede-zum-antikriegstag-zum-nachlesen","status":"publish","type":"post","link":"https:\/\/www.friedenkoeln.de\/?p=14263","title":{"rendered":"Reiner Schmidt: Der Tod ist ein Meister aus Deutschland. Rede zum Antikriegstag zum Nachlesen"},"content":{"rendered":"<p><em>Der Angriffskrieg der T\u00fcrkei gegen kurdische Gebiete in Syrien wird auch mit deutschen Waffen durchgef\u00fchrt. Reiner Schmidt hatte auf der K\u00f6lner Kundgebung am 31.8.2019 zum Antikriegstag zum unmittelbar bevorstehenden Protest-Camp gegen <a href=\"https:\/\/rheinmetallentwaffnen.noblogs.org\/material\/hintergrund\/\">Rheinmetall<\/a> in Unterl\u00fc\u00df (Niedersachsen) aufgerufen. Hier ist seine Rede &#8222;Der Tod ist ein Meister aus Deutschland&#8220; zum Nachlesen.<\/em><\/p>\n<hr \/>\n<div class=\"page\" title=\"Page 1\">\n<div class=\"layoutArea\">\n<div class=\"column\">\n<h4>Ausstieg aus Produktion todbringender Produkte ist m\u00f6glich<\/h4>\n<p>Der Tod ist ein Meister aus Deutschland. Dieser Satz aus dem Gedicht \u201eTodesfuge\u201c des Lyrikers Paul Celan, mit dem er die deutsche nationalsozialistische Judenvernichtung thematisiert hat, passt auch zu unseren Themen hier heute, speziell zu meinem:<\/p>\n<ul>\n<li>R\u00fcstungsproduktion, R\u00fcstungsexport<\/li>\n<li>Unsere Antwort: Schluss mit der Produktion und dem Handel von Waffen und Munition!<\/li>\n<\/ul>\n<p>Laut IG Metall wurden Ende 2017 etwa 100.000 Besch\u00e4ftigte in der R\u00fcstungsindustrie gez\u00e4hlt. Ein Ausstieg w\u00e4re ein elementares Problem f\u00fcr die Besch\u00e4ftigten, wenn sie damit allein gelassen w\u00fcrden.<\/p>\n<div id=\"attachment_14273\" style=\"width: 423px\" class=\"wp-caption alignleft\"><img loading=\"lazy\" decoding=\"async\" aria-describedby=\"caption-attachment-14273\" class=\" wp-image-14273\" src=\"https:\/\/www.friedenkoeln.de\/wp-content\/uploads\/2019\/10\/20190831_KRM_1130027.jpg\" alt=\"Ein \u00e4lterer kr\u00e4ftiger mann mit kurzrasierten grauen Haaren, einem kurzen grauen Bart und mit dunkler Hornbrille spricht in ein Mikro.\" width=\"413\" height=\"361\" srcset=\"https:\/\/www.friedenkoeln.de\/wp-content\/uploads\/2019\/10\/20190831_KRM_1130027.jpg 2048w, https:\/\/www.friedenkoeln.de\/wp-content\/uploads\/2019\/10\/20190831_KRM_1130027-150x131.jpg 150w, https:\/\/www.friedenkoeln.de\/wp-content\/uploads\/2019\/10\/20190831_KRM_1130027-768x671.jpg 768w\" sizes=\"auto, (max-width: 413px) 100vw, 413px\" \/><p id=\"caption-attachment-14273\" class=\"wp-caption-text\">Reiner Schmidt bei der Kundgebung zum Antikriegstag, Alter Markt, K\u00f6ln, 31.8.2019. Foto: Klaus Reinhard M\u00fcller (CC BY-SA 4.0)<\/p><\/div>\n<p>Nun wir haben bei anderen todbringenden Produkten wie beim Atomstrom schon einen erheblichen R\u00fcckbau der Produktion geschafft, wenn auch noch nicht alles. Und gerade schicken wir uns an, ein anderes todbringendes Produkt \u2013 Energiegewinnung aus fossilen Brennstoffen \u2013 zur\u00fcckzufahren. Und das, obwohl in beiden Bereichen Zigtausende von Arbeitspl\u00e4tzen wegfallen.<\/p>\n<p>Und auch hier in der R\u00fcstungsproduktion gab es und gibt es Ideen, wie ein Ausstieg gehen k\u00f6nnte. Die IG Metall hat sich auf dem DGB-Bundeskongress 2018 zugunsten verst\u00e4rkter Initiativen f\u00fcr Abr\u00fcstung und R\u00fcstungskonversion engagiert. Diese Bem\u00fchungen gehen in die richtige Richtung. Aber solange Abr\u00fcsten statt Aufr\u00fcsten politisch nicht gewollt wird, solange ungehinderte Verwertung des Kapitals &#8211; egal wof\u00fcr &#8211; der Motor unseres Wirtschaftssystems bleibt, wird es schwierig sein, das Konzept des \u201eUmbaus statt Abbaus der Arbeitspl\u00e4tze\u201c umzusetzen.<\/p>\n<p>Es gibt zwei Gr\u00fcnde, warum nicht schon l\u00e4ngst aus den offensichtlichsten todbringenden Sparten &#8211; der R\u00fcstungsproduktion und dem R\u00fcstungsexport &#8211; ausgestiegen wurde:<\/p>\n<ol>\n<li>Waffen sind besondere Produkte: ihr Besitz bedeutet Macht \u00fcber unbewaffnete oder schlechter bewaffnete potentielle oder tats\u00e4chliche Konkurrenten auf dem kapitalistischen Weltmarkt, zum Beispiel bei Sicherung der Transportwege der Rohstoffe f\u00fcr die Produktion in den L\u00e4ndern der Ersten Welt, siehe aktuelle Kriegsgefahr am Persischen Golf;<\/li>\n<li>Und an ihrer Produktion und Handel l\u00e4sst sich f\u00fcr die gro\u00dfen Waffenhersteller besonders viel Geld verdienen. Hier gibt es seit Jahren \u00dcberrenditen.<\/li>\n<\/ol>\n<p>Viele Investment-Analytiker gehen davon aus, dass Waffen auch in n\u00e4chster Zeit gute Renditen bringen. Donald Trump hat Druck gemacht, dass die Verb\u00fcndeten der USA, insbesondere diejenigen in der NATO, ihre R\u00fcstungsausgaben erh\u00f6hen. Auch Wladimir Putins Andeutung eines neuen Wettr\u00fcstens in seiner Rede an die Nation vom Februar dieses Jahres klingt ermutigend, wenigstens aus Renditeperspektive.<\/p>\n<\/div>\n<\/div>\n<\/div>\n<div class=\"page\" title=\"Page 2\">\n<div class=\"layoutArea\">\n<div class=\"column\">\n<h4>Rheinmetall &#8211; der gr\u00f6\u00dfte und r\u00fccksichtsloseste deutsche R\u00fcstungskonzern<\/h4>\n<div id=\"attachment_14274\" style=\"width: 474px\" class=\"wp-caption alignright\"><img loading=\"lazy\" decoding=\"async\" aria-describedby=\"caption-attachment-14274\" class=\" wp-image-14274\" src=\"https:\/\/www.friedenkoeln.de\/wp-content\/uploads\/2019\/10\/glueck_kol.jpg\" alt=\"Ein riesiger Panzer richtet seine Kanone auf zwei kleine mit Maschinenpistolen bewaffnete Soldaten. Aus dem Panzerturm schaut Pr\u00e4sident Erdogan heraus und spricht mit den Soldaten.\" width=\"464\" height=\"324\" srcset=\"https:\/\/www.friedenkoeln.de\/wp-content\/uploads\/2019\/10\/glueck_kol.jpg 990w, https:\/\/www.friedenkoeln.de\/wp-content\/uploads\/2019\/10\/glueck_kol-150x105.jpg 150w, https:\/\/www.friedenkoeln.de\/wp-content\/uploads\/2019\/10\/glueck_kol-768x536.jpg 768w\" sizes=\"auto, (max-width: 464px) 100vw, 464px\" \/><p id=\"caption-attachment-14274\" class=\"wp-caption-text\">&#8222;Euer Freund Mr. Trump ist am Telefon! Er w\u00fcnscht euch Kurden viel Gl\u00fcck, gute Gesundheit und Hals und Beinbruch!!&#8220;. Karikatur (9.10.2019): Klaus Stuttmann.<\/p><\/div>\n<p>Da die BRD weltweit aktuell der viertgr\u00f6\u00dfte Waffenexporteur ist, profitieren die deutschen R\u00fcstungskonzerne enorm, allen voran der Gr\u00f6\u00dfte &#8211; Rheinmetall &#8211; Hersteller von Panzern, Waffensystemen und Munition. Der Gr\u00f6\u00dfte und der r\u00fccksichtsloseste.<\/p>\n<p>Die deutschen R\u00fcstungskonzerne sind zuletzt unter Druck gekommen, weil eine deutliche Mehrheit in der Bev\u00f6lkerung Exporte in Krisengebiete ablehnt. Rheinmetall umgeht deshalb deutsche R\u00fcstungsexportrichtlinien mit Munitionsproduktionsst\u00e4tten in S\u00fcdafrika und Italien bei der Belieferung Saudi-Arabiens.<\/p>\n<p>Neben dem \u201enormalen\u201c Gesch\u00e4ft hat sich f\u00fcr Rheinmetall ein neues er\u00f6ffnet. Die Abschottung Europas wird weit in die afrikanischen Staaten hinein verlagert. Rheinmetall liefert daf\u00fcr Sch\u00fctzenpanzer zum Beispiel nach Jordanien oder Algerien. Und das Unternehmen stellt auch Objektschutzanlagen her, Sensorsysteme zur \u00dcberwachung, Bodenradar und Flugobjekte.<\/p>\n<p>Morgen beginnt in Unterl\u00fc\u00df das Camp der Kampagne \u201eRheinmetall entwaffnen\u201c.<\/p>\n<p>Dort in der L\u00fcneburger Heide ist die gr\u00f6\u00dfte militaristische Konzentration der BRD. Dort liegt Mittel- und Westeuropas gr\u00f6\u00dfter Truppen\u00fcbungsplatz, Munster. Dort ist der gr\u00f6\u00dfte Heeresstandort der BRD.<\/p>\n<p>Beginnend mit dem Ersten Weltkrieg dreht sich dort viel um die Panzerwaffe.\u00a0Rheinmetall in Unterl\u00fc\u00df produziert diese Mordfahrzeuge, die Panzertruppenschule in Munster ist die Fahrschule, der Truppen\u00fcbungsplatz Bergen ist der Trainingsplatz und ausgediente Exemplare sind im Panzermuseum Munster zu bestaunen.<\/p>\n<p>Dort wurde ganz praktisch der \u00dcberfall auf Polen vor genau 80 Jahren vorbereitet. Hier lie\u00df die Wehrmacht Zigtausende gefangene Rotarmisten in Lagern elendig verrecken. Von hier zogen sp\u00e4ter die British Army in die Kriege ums \u00d6l, deutsche Soldaten und andere nach Afghanistan und anderswo.<\/p>\n<h4>Gewerkschaften fordern Konversion<\/h4>\n<p>\u00c4nderungen der Milit\u00e4rstrategie f\u00fchren seit einigen Jahren dazu, dass auf dem Truppen\u00fcbungsplatz Bergen weniger Krieg trainiert wird. Gewerkschafter*innen holten die alte Gewerkschaftsparole \u201eAbr\u00fcstung JA \u2013 arbeitslos NEIN\u201c aus der Kiste.<\/p>\n<p>Auf ihre Initiative hin beschlossen ver.di-Bundeskongress und DGB-Niedersachsen-Bremen-Sachsen-Anhalt Konversionsforderungen f\u00fcr den Truppen\u00fcbungsplatz Bergen. Ver.di und DGB fordern ausreichende Bundesfinanzierung einer neuen Wirtschaftsstruktur \u2013 und die muss sozial, \u00f6kologisch und nicht-milit\u00e4risch sein.<\/p>\n<p>Aus dem Kriegs\u00fcbungsplatz ein UN-Biosph\u00e4rengebiet zu machen, ist nicht nur besser f\u00fcr Umwelt und Natur, sondern schafft auf Dauer viele Tausend zivile Arbeitspl\u00e4tze. Tourismus und gesunde Landwirtschaft sind ohnehin besser f\u00fcr die Gesundheit. Ja, f\u00fcr die Gesundheit der Menschen in Afrin, am Hindukusch, aber auch dort in der Heide.<\/p>\n<\/div>\n<\/div>\n<\/div>\n<div class=\"page\" title=\"Page 3\">\n<div class=\"layoutArea\">\n<div class=\"column\">\n<p>Zum Abschluss zitiere ich einen Appell der Kampagne &#8222;Rheinmetall entwaffnen&#8220; an die Kolleg*innen von Rheinmetall:<\/p>\n<blockquote><p>Bei RHEINMETALL wird f\u00fcr Krieg und Profit hochwertige Technik produziert. Wir appellieren an die Kolleg*innen von Rheinmetall: Eure Talente brauchen wir f\u00fcr Medizintechnik und viele zivile Bereiche. Machen wir alle gemeinsam Druck auf die Bundesregierung, dass unsere Steuergelder f\u00fcr soziale Daseinsvorsorge und Infrastruktur ausgegeben werden.<\/p>\n<ul>\n<li>Keine Milliarden f\u00fcr Aufr\u00fcstung und Krieg!<\/li>\n<li>Bek\u00e4mpfung der Fluchtursachen, nicht der Gefl\u00fcchteten.<\/li>\n<li>Schluss mit der Produktion und dem Handel von Waffen und Munition!<\/li>\n<\/ul>\n<\/blockquote>\n<p>Krieg darf k\u00fcnftig kein Meister aus Deutschland mehr sein.<\/p>\n<hr \/>\n<p><em>Reiner Schmidt engagiert sich bei der Interventionistischen Linke. Der <a href=\"https:\/\/rheinmetallentwaffnen.noblogs.org\/aufruf-zur-demonstration\/\">Aufruf &#8222;Rheinmetall Entwaffnen&#8220;<\/a> wurde durch die DFG-VK unterst\u00fctzt.<\/em><\/p>\n<\/div>\n<\/div>\n<\/div>\n","protected":false},"excerpt":{"rendered":"<p>Der Angriffskrieg der T\u00fcrkei gegen kurdische Gebiete in Syrien wird auch mit deutschen Waffen durchgef\u00fchrt. Reiner Schmidt hatte auf der K\u00f6lner Kundgebung am 31.8.2019 zum Antikriegstag zum unmittelbar bevorstehenden Protest-Camp gegen Rheinmetall in Unterl\u00fc\u00df&#46;&#46;&#46;<\/p>\n","protected":false},"author":110,"featured_media":0,"comment_status":"open","ping_status":"open","sticky":false,"template":"","format":"standard","meta":{"footnotes":""},"categories":[111],"tags":[97,56,36,37,130],"class_list":["post-14263","post","type-post","status-publish","format-standard","hentry","category-rede","tag-gewerkschaft","tag-konversion","tag-oekologie-und-frieden","tag-ruestungsexporte","tag-ruestungsindustrie"],"_links":{"self":[{"href":"https:\/\/www.friedenkoeln.de\/index.php?rest_route=\/wp\/v2\/posts\/14263","targetHints":{"allow":["GET"]}}],"collection":[{"href":"https:\/\/www.friedenkoeln.de\/index.php?rest_route=\/wp\/v2\/posts"}],"about":[{"href":"https:\/\/www.friedenkoeln.de\/index.php?rest_route=\/wp\/v2\/types\/post"}],"author":[{"embeddable":true,"href":"https:\/\/www.friedenkoeln.de\/index.php?rest_route=\/wp\/v2\/users\/110"}],"replies":[{"embeddable":true,"href":"https:\/\/www.friedenkoeln.de\/index.php?rest_route=%2Fwp%2Fv2%2Fcomments&post=14263"}],"version-history":[{"count":14,"href":"https:\/\/www.friedenkoeln.de\/index.php?rest_route=\/wp\/v2\/posts\/14263\/revisions"}],"predecessor-version":[{"id":14279,"href":"https:\/\/www.friedenkoeln.de\/index.php?rest_route=\/wp\/v2\/posts\/14263\/revisions\/14279"}],"wp:attachment":[{"href":"https:\/\/www.friedenkoeln.de\/index.php?rest_route=%2Fwp%2Fv2%2Fmedia&parent=14263"}],"wp:term":[{"taxonomy":"category","embeddable":true,"href":"https:\/\/www.friedenkoeln.de\/index.php?rest_route=%2Fwp%2Fv2%2Fcategories&post=14263"},{"taxonomy":"post_tag","embeddable":true,"href":"https:\/\/www.friedenkoeln.de\/index.php?rest_route=%2Fwp%2Fv2%2Ftags&post=14263"}],"curies":[{"name":"wp","href":"https:\/\/api.w.org\/{rel}","templated":true}]}}