{"id":14298,"date":"2019-10-17T08:29:34","date_gmt":"2019-10-17T06:29:34","guid":{"rendered":"https:\/\/www.friedenkoeln.de\/?p=14298"},"modified":"2019-10-17T08:29:34","modified_gmt":"2019-10-17T06:29:34","slug":"aufruf-zur-demonstration-in-koeln-gegen-den-tuerkischen-angriffskrieg-in-nord-syrien-solidaritaet-mit-rojava","status":"publish","type":"post","link":"https:\/\/www.friedenkoeln.de\/?p=14298","title":{"rendered":"Aufruf zur Demonstration in K\u00f6ln: Gegen den t\u00fcrkischen Angriffskrieg in Nord-Syrien \u2013 Solidarit\u00e4t mit Rojava"},"content":{"rendered":"<div class=\"\">\n<div class=\"\">\n<div class=\"\">\n<div class=\"\">\n<div class=\"\">\n<div class=\"\">\n<div class=\"\">\n<div class=\"\">\n<div class=\"\">\n<p><em>Wir unterst\u00fctzen den folgenden Aufruf:<\/em><\/p>\n<hr \/>\n<h4>Aufruf zur bundesweiten Demonstration am 19. Oktober 2019 in K\u00f6ln ab 11 Uhr<\/h4>\n<\/div>\n<\/div>\n<\/div>\n<\/div>\n<\/div>\n<\/div>\n<\/div>\n<\/div>\n<\/div>\n<div class=\"\">\n<div class=\"\">\n<div class=\"\">\n<div class=\"\">\n<div class=\"\">\n<div class=\"\">\n<div class=\"\">\n<div class=\"\">\n<div class=\"\">\n<div class=\"\">\n<div class=\"entry-content\">\n<div class=\"\">Rojava verteidigen bedeutet auch, die Welt von morgen zu retten. Erdogans Angriff ist ein Angriff auf uns alle.<\/div>\n<div><\/div>\n<\/div>\n<\/div>\n<\/div>\n<\/div>\n<\/div>\n<\/div>\n<\/div>\n<\/div>\n<\/div>\n<\/div>\n<\/div>\n<div class=\"\">\n<div class=\"\">\n<div class=\"\">\n<div class=\"\">\n<div class=\"\">\n<div class=\"\">\n<div class=\"\">\n<div class=\"\">\n<div class=\"\">\n<div class=\"\">\n<div class=\"entry-content\">\n<div class=\"\"><strong class=\"\">Wir fordern:<\/strong><\/div>\n<ul>\n<li>Stopp des Angriffskriegs der T\u00fcrkei in Nordsyrien.<\/li>\n<li>Stopp der deutschen Waffenlieferungen an die T\u00fcrkei.<\/li>\n<li>Stopp der wirtschaftlichen und milit\u00e4rischen Zusammenarbeit mit der T\u00fcrkei<\/li>\n<li>Eine friedliche L\u00f6sung des Krieges in Syrien mit Beteiligung der kurdischen Akteure und Autonomie Nord-Syriens.<\/li>\n<\/ul>\n<div class=\"\">In Nord-Syrien, besser bekannt als Rojava, ist in den letzten Jahren ein einzigartiges multiethnisches und multireligi\u00f6ses demokratisches Projekt herangewachsen. Es gew\u00e4hrleistet das friedliche Zusammenleben von Millionen Kurd*innen, Araber*innen und Christ*innen. Umgeben von L\u00e4ndern, die die Frau unterdr\u00fccken, wurde in Rojava eine Gesellschaft entwickelt, die die Gleichberechtigung von Mann und Frau umsetzt. Seit 2012 wurden hier wieder vom Krieg zerst\u00f6rte St\u00e4dte und D\u00f6rfer wiederaufgebaut, die Zivilgesellschaft konnte sich trotz Krieg in Syrien neu entwickeln.<\/div>\n<div><\/div>\n<div class=\"\">Die Demokratische F\u00f6deration Nordostsyriens (Rojava) steht beispielhaft f\u00fcr die Vision eines friedlichen und demokratischen Mittleren Ostens. Das soll jetzt zerst\u00f6rt werden.<\/div>\n<div><\/div>\n<div class=\"\">Die Ank\u00fcndigung der USA unter Trump, die US-Armee zur\u00fcckzuziehen, erm\u00f6glichte erst den Angriff der T\u00fcrkei. Die t\u00fcrkische Armee begeht Kriegsverbrechen in dem sie aktuell zivile Infrastruktur bombardiert, wie Krankenh\u00e4user, die Wasserversorgung, die Stromzufuhr, sowie gezielt Zivilist*innen angreift. Mit diesem Krieg droht der IS erneut zu einer Gefahr zu werden \u2013 nicht nur f\u00fcr Rojava, auch f\u00fcr Europa. Es waren die Demokratischen Kr\u00e4fte Syriens (SDF) und die lokalen Selbstverteidigungskr\u00e4fte (YPG und YPJ) aus Rojava, die den IS und seinen Kalifatstaat besiegten. 11.000 von ihnen lie\u00dfen dabei ihr Leben.<\/div>\n<div><\/div>\n<div class=\"\">Erdogan und seinem gleichgeschalteten Staat geht es nicht um die Sicherung der Grenzen, sondern um die Vertreibung der Kurd*innen und der anderen V\u00f6lker aus der Grenzregion und die Zerst\u00f6rung der selbstverwalteten Region Rojava. Die geplante Einrichtung einer sogenannten \u201eSchutzzone\u201c bedeutet eine ethnische S\u00e4uberung und Umsiedlungspolitik des Gebietes. Was das bedeutet sieht man im nordsyrischen Afrin, dass von der t\u00fcrkischen Armee letztes Jahr erobert wurde und in dem nun Willk\u00fcr und Terror herrscht. Die v\u00f6lkerrechtswidrige Invasion und Besetzung weiterer kurdischer Gebiete in Syrien schaffen neue Fl\u00fcchtlingsstr\u00f6me.<\/div>\n<div><\/div>\n<div class=\"\">Mit der Drohung die Grenzen nach Europa f\u00fcr Fl\u00fcchtlinge zu \u00f6ffnen will Erdogan die Zustimmung der EU-Staaten zu diesem Krieg zu erzwingen. Es muss Aufgabe der EU und insbesondere Deutschlands sein, sich klar gegen den Krieg und jede weitere Eskalation zu stellen. Das weitgehende Stillschweigen der Regierungen der EU bedeutet Zustimmung zu diesem Krieg der T\u00fcrkei. Wirtschaftliche Interessen und die mit dem Fl\u00fcchtlingsabkommen geschaffene Abschottung gegen Gefl\u00fcchtete sind ihnen wichtiger ihnen als Menschenrechte, Demokratie und Frieden.<\/div>\n<\/div>\n<\/div>\n<\/div>\n<\/div>\n<\/div>\n<\/div>\n<\/div>\n<\/div>\n<\/div>\n<\/div>\n<\/div>\n<div class=\"\">\n<div class=\"\">\n<div class=\"\">\n<div class=\"\">\n<div class=\"\">\n<div class=\"\">\n<div class=\"\">\n<div class=\"\">\n<div class=\"\">\n<div class=\"\">\n<div class=\"entry-content\">\n<div><\/div>\n<div class=\"\">Wir bekunden unsere Solidarit\u00e4t mit Rojava und fordern das sofortige Ende des Krieges durch die T\u00fcrkei sowie den R\u00fcckzug der t\u00fcrkischen Armee. Es geht um die Erhaltung von Gleichberechtigung, friedlichem Zusammenleben und Weiterentwicklung von \u00d6kologie und Demokratie in der Region. Das geht uns alle an. Verteidigen wir die Werte Rojavas, lassen wir die dortigen Menschen nicht allein, es geht auch um unsere Zukunft.<\/div>\n<\/div>\n<\/div>\n<\/div>\n<\/div>\n<\/div>\n<\/div>\n<\/div>\n<\/div>\n<\/div>\n<\/div>\n<\/div>\n<div><\/div>\n<div>\n<hr \/>\n<p><em>Weitere Informationen finden sich auf der Demo-Seite: https:\/\/solidaritaetmitrojava.wordpress.com<\/em><\/p>\n<\/div>\n","protected":false},"excerpt":{"rendered":"<p>Wir unterst\u00fctzen den folgenden Aufruf: Aufruf zur bundesweiten Demonstration am 19. Oktober 2019 in K\u00f6ln ab 11 Uhr Rojava verteidigen bedeutet auch, die Welt von morgen zu retten. Erdogans Angriff ist ein Angriff auf&#46;&#46;&#46;<\/p>\n","protected":false},"author":110,"featured_media":0,"comment_status":"open","ping_status":"open","sticky":false,"template":"","format":"standard","meta":{"footnotes":""},"categories":[116],"tags":[161,91],"class_list":["post-14298","post","type-post","status-publish","format-standard","hentry","category-aufruf","tag-angriffskrieg","tag-voelkerrecht"],"_links":{"self":[{"href":"https:\/\/www.friedenkoeln.de\/index.php?rest_route=\/wp\/v2\/posts\/14298","targetHints":{"allow":["GET"]}}],"collection":[{"href":"https:\/\/www.friedenkoeln.de\/index.php?rest_route=\/wp\/v2\/posts"}],"about":[{"href":"https:\/\/www.friedenkoeln.de\/index.php?rest_route=\/wp\/v2\/types\/post"}],"author":[{"embeddable":true,"href":"https:\/\/www.friedenkoeln.de\/index.php?rest_route=\/wp\/v2\/users\/110"}],"replies":[{"embeddable":true,"href":"https:\/\/www.friedenkoeln.de\/index.php?rest_route=%2Fwp%2Fv2%2Fcomments&post=14298"}],"version-history":[{"count":5,"href":"https:\/\/www.friedenkoeln.de\/index.php?rest_route=\/wp\/v2\/posts\/14298\/revisions"}],"predecessor-version":[{"id":14303,"href":"https:\/\/www.friedenkoeln.de\/index.php?rest_route=\/wp\/v2\/posts\/14298\/revisions\/14303"}],"wp:attachment":[{"href":"https:\/\/www.friedenkoeln.de\/index.php?rest_route=%2Fwp%2Fv2%2Fmedia&parent=14298"}],"wp:term":[{"taxonomy":"category","embeddable":true,"href":"https:\/\/www.friedenkoeln.de\/index.php?rest_route=%2Fwp%2Fv2%2Fcategories&post=14298"},{"taxonomy":"post_tag","embeddable":true,"href":"https:\/\/www.friedenkoeln.de\/index.php?rest_route=%2Fwp%2Fv2%2Ftags&post=14298"}],"curies":[{"name":"wp","href":"https:\/\/api.w.org\/{rel}","templated":true}]}}