{"id":14306,"date":"2019-10-25T23:00:22","date_gmt":"2019-10-25T21:00:22","guid":{"rendered":"https:\/\/www.friedenkoeln.de\/?p=14306"},"modified":"2019-10-25T23:01:41","modified_gmt":"2019-10-25T21:01:41","slug":"tuerkei-kriegsdienstverweigerer-rufen-zur-verweigerung-auf","status":"publish","type":"post","link":"https:\/\/www.friedenkoeln.de\/?p=14306","title":{"rendered":"T\u00fcrkei: Kriegsdienstverweigerer rufen zur Verweigerung auf"},"content":{"rendered":"<p><em>Connection e.V. und War Resisters International teilen mit:<\/em><\/p>\n<p>Am 23. Oktober 2019 ver\u00f6ffentlichten im Exil lebende Kriegsdienstverweigerer aus der T\u00fcrkei einen <a href=\"https:\/\/www.friedenkoeln.de\/wp-content\/uploads\/2019\/10\/Exil-T\u00fcrken-KDF-ler_Aufruf-zur-Kriegsdienstverweigerung_20191023.pdf\">Aufruf<\/a>, in dem sie angesichts der Invasion der T\u00fcrkei in Syrien dazu auffordern:<\/p>\n<blockquote><p>Sag Nein, leiste Widerstand! Gehe nicht zum Milit\u00e4r!<\/p><\/blockquote>\n<p>Sie machen zugleich klar:<\/p>\n<blockquote><p>Die Invasion ist ein v\u00f6lkerrechtswidriger Krieg. Sie verletzt internationales Recht. Diejenigen, die \u00fcber die Besatzung entscheiden, diejenigen, die daran teilnehmen und diejenigen, die daf\u00fcr Unterst\u00fctzung anbieten, sollten wissen, dass sie Verbrechen gegen die Menschlichkeit begehen.<\/p><\/blockquote>\n<p><em>Connection e.V.<\/em> und die <em>War Resisters\u2018 International<\/em> betonten, dass dies eine wichtige Stimme gegen den Krieg sei.<\/p>\n<blockquote><p>Diese Kriegsdienstverweigerer,<\/p><\/blockquote>\n<p>so Rudi Friedrich von <em>Connection e.V.<\/em>,<\/p>\n<blockquote><p>sprechen f\u00fcr viele andere, die es in der T\u00fcrkei nicht mehr wagen k\u00f6nnen, sich \u00f6ffentlich gegen den Krieg zu stellen. Dort drohen ihnen Strafverfolgung und Haft.<\/p><\/blockquote>\n<p>In ihrer Erkl\u00e4rung fordern die Kriegsdienstverweigerer die T\u00fcrkei auch auf,<\/p>\n<blockquote><p>das Menschenrecht auf Kriegsdienstverweigerung anzuerkennen.<\/p><\/blockquote>\n<div id=\"attachment_14128\" style=\"width: 381px\" class=\"wp-caption alignleft\"><img loading=\"lazy\" decoding=\"async\" aria-describedby=\"caption-attachment-14128\" class=\" wp-image-14128\" src=\"https:\/\/www.friedenkoeln.de\/wp-content\/uploads\/2019\/09\/fullsizeoutput_131c.jpeg\" alt=\"Ein j\u00fcngerer Mann mit dicken schwarzen Haaren, die hinten zusammengebunden zu sein scheinen, und schwarzem Vollbart in einem khakifarbenen Hemd mit Blumenmuster h\u00e4lt freundlich l\u00e4chelnd ein selbstgeschriebenes Plakat in die Kamera: &quot;F\u00fcr das Recht auf Kriegsdienstverweigerung in der T\u00fcrkei und \u00fcberall! Zuflucht B\u00f6nen. 15 Uhr&quot;\" width=\"371\" height=\"321\" srcset=\"https:\/\/www.friedenkoeln.de\/wp-content\/uploads\/2019\/09\/fullsizeoutput_131c.jpeg 3390w, https:\/\/www.friedenkoeln.de\/wp-content\/uploads\/2019\/09\/fullsizeoutput_131c-150x130.jpeg 150w, https:\/\/www.friedenkoeln.de\/wp-content\/uploads\/2019\/09\/fullsizeoutput_131c-768x665.jpeg 768w\" sizes=\"auto, (max-width: 371px) 100vw, 371px\" \/><p id=\"caption-attachment-14128\" class=\"wp-caption-text\">Filmemacher und Kriegsdienstverweigerer Ibrahim Cemil \u00d6zdemir am 1.9.2019 in K\u00f6ln. Foto: privat<\/p><\/div>\n<p>Die T\u00fcrkei ist dieser Forderung trotz mehrerer Verurteilungen durch den Europ\u00e4ischen\u00a0Gerichtshof f\u00fcr Menschenrechte bislang nicht nachgekommen. Verweigerern droht wiederholte Strafverfolgung. Hunderttausende, die sich nach offiziellen Angaben der Ableistung des Milit\u00e4rdienstes entzogen haben, leben unter den Bedingungen eines &#8222;Zivilen Todes&#8220;, wie es der Gerichtshof formulierte, einem Leben am Rande der Gesellschaft, mit der st\u00e4ndigen Gefahr, rekrutiert zu werden.<\/p>\n<p>Kriegsdienstverweigerer, die angesichts dieser Situation Schutz und Asyl in anderen L\u00e4ndern suchen, wird trotz einer drohenden Verfolgung h\u00e4ufig der notwendige Schutz versagt. In ihrer Erkl\u00e4rung wenden die sich im Exil lebenden Kriegsdienstverweigerer auch an die europ\u00e4ischen Staaten und fordern &#8222;Kriegsdienstverweigerern und Deserteuren Schutz und Asyl zu gew\u00e4hren.&#8220;<\/p>\n<blockquote><p>Angesichts der Politik der t\u00fcrkischen Regierung,<\/p><\/blockquote>\n<p>erg\u00e4nzte Rudi Friedrich,<\/p>\n<blockquote><p>muss jede Unterst\u00fctzung des dortigen Regimes eingestellt werden. Das muss den sofortigen Stopp der R\u00fcstungsexporte beinhalten. Das muss aber auch bedeuten, dass verfolgte Kritiker*innen der Regierungspolitik, wie Kriegsdienstverweigerer und Deserteure, Schutz und Asyl erhalten.<\/p><\/blockquote>\n<p><em>gez. Rudi Friedrich, Connection e.V.<\/em><\/p>\n<p><em>Zu den Unterzeichnern des Aufrufs geh\u00f6rt der Filmemacher <a href=\"https:\/\/www.friedenkoeln.de\/?p=14122\">Ibrahim Cemil \u00d6zdemir<\/a>, gegen dessen drohende Abschiebung wir uns im September eingesetzt hatten.<\/em><\/p>\n<p><em>Weitere Infos und Spendenkonto unter <a href=\"https:\/\/de.connection-ev.org\/article-2909\">https:\/\/de.Connection-eV.org\/article-2909<\/a>. Auch nach der Verabschiedung des neuen Rekrutierungsgesetzes im Juni 2019 gibt es in der T\u00fcrkei kein Recht auf Kriegsdienstverweigerung: https:\/\/de.connection-ev.org\/article:tuerkei-neues-rekrutierungsgesetz-verabschiedet.\u00a0<\/em><\/p>\n<p><em>Connection e. V. leistet internationale Arbeit f\u00fcr Kriegsdienstverweigerer, bzw. -verweigerinnen und Deserteur*innen.<\/em><\/p>\n","protected":false},"excerpt":{"rendered":"<p>Connection e.V. und War Resisters International teilen mit: Am 23. Oktober 2019 ver\u00f6ffentlichten im Exil lebende Kriegsdienstverweigerer aus der T\u00fcrkei einen Aufruf, in dem sie angesichts der Invasion der T\u00fcrkei in Syrien dazu auffordern:&#46;&#46;&#46;<\/p>\n","protected":false},"author":110,"featured_media":0,"comment_status":"open","ping_status":"open","sticky":false,"template":"","format":"standard","meta":{"footnotes":""},"categories":[116,87],"tags":[161,7,91],"class_list":["post-14306","post","type-post","status-publish","format-standard","hentry","category-aufruf","category-pressemitteilung","tag-angriffskrieg","tag-kriegsdienstverweigerung-wehrpflicht","tag-voelkerrecht"],"_links":{"self":[{"href":"https:\/\/www.friedenkoeln.de\/index.php?rest_route=\/wp\/v2\/posts\/14306","targetHints":{"allow":["GET"]}}],"collection":[{"href":"https:\/\/www.friedenkoeln.de\/index.php?rest_route=\/wp\/v2\/posts"}],"about":[{"href":"https:\/\/www.friedenkoeln.de\/index.php?rest_route=\/wp\/v2\/types\/post"}],"author":[{"embeddable":true,"href":"https:\/\/www.friedenkoeln.de\/index.php?rest_route=\/wp\/v2\/users\/110"}],"replies":[{"embeddable":true,"href":"https:\/\/www.friedenkoeln.de\/index.php?rest_route=%2Fwp%2Fv2%2Fcomments&post=14306"}],"version-history":[{"count":8,"href":"https:\/\/www.friedenkoeln.de\/index.php?rest_route=\/wp\/v2\/posts\/14306\/revisions"}],"predecessor-version":[{"id":14315,"href":"https:\/\/www.friedenkoeln.de\/index.php?rest_route=\/wp\/v2\/posts\/14306\/revisions\/14315"}],"wp:attachment":[{"href":"https:\/\/www.friedenkoeln.de\/index.php?rest_route=%2Fwp%2Fv2%2Fmedia&parent=14306"}],"wp:term":[{"taxonomy":"category","embeddable":true,"href":"https:\/\/www.friedenkoeln.de\/index.php?rest_route=%2Fwp%2Fv2%2Fcategories&post=14306"},{"taxonomy":"post_tag","embeddable":true,"href":"https:\/\/www.friedenkoeln.de\/index.php?rest_route=%2Fwp%2Fv2%2Ftags&post=14306"}],"curies":[{"name":"wp","href":"https:\/\/api.w.org\/{rel}","templated":true}]}}