{"id":14318,"date":"2019-10-26T10:05:35","date_gmt":"2019-10-26T08:05:35","guid":{"rendered":"https:\/\/www.friedenkoeln.de\/?p=14318"},"modified":"2019-10-26T10:05:35","modified_gmt":"2019-10-26T08:05:35","slug":"unser-appell-an-den-koelner-stadtanzeiger-ueber-nato-manoever-an-russischer-grenze-unabhaengig-und-gerecht-berichten","status":"publish","type":"post","link":"https:\/\/www.friedenkoeln.de\/?p=14318","title":{"rendered":"Unser Appell an den K\u00f6lner Stadtanzeiger: \u00fcber NATO-Man\u00f6ver an russischer Grenze &#8222;unabh\u00e4ngig und gerecht&#8220; berichten!"},"content":{"rendered":"<div class=\"page\" title=\"Page 1\">\n<div class=\"section\">\n<div class=\"layoutArea\">\n<div class=\"column\">\n<p><em>Die DFG-VK Gruppe K\u00f6ln hat am 9. Oktober 2019 den folgenden Leserbrief an den K\u00f6lner Stadtanzeiger geschrieben. Er bezog sich auf den Beitrag des Chefredakteurs Carsten Fiedler &#8222;Wer wir sind &#8211; und wie wir arbeiten.&#8220;, der am Vortag erschienen war. Die verwendeten Informationen \u00fcber das NATO-Man\u00f6ver &#8222;Defender 2020&#8220; finden sich in derselben Ausgabe der Zeitung.<\/em><\/p>\n<p>Wir freuen uns \u00fcber das Bekenntnis von Herrn Fiedler zur \u201eWahrung (&#8230;) [der] journalistischen Werte (&#8230;) Kompetenz, Glaubw\u00fcrdigkeit, Suche nach der Wahrheit, Einsatz f\u00fcr Gerechtigkeit und die Freiheit der Rede (&#8230;)\u201c. Der K\u00f6lner Stadt-Anzeiger stehe f\u00fcr eine \u201eunabh\u00e4ngige und wahrhaftige Berichterstattung\u201c, und \u201eTransparenz\u201c m\u00fcsse ein weiterer Grundsatz seiner Arbeit sein.<\/p>\n<p>Aus unserer pazifistischen Sicht sind solche Grunds\u00e4tze die notwendige Voraussetzung f\u00fcr eine friedensorientierte au\u00dfenpolitische Berichterstattung: indem n\u00e4mlich die Presse die unterschiedlichen Blickwinkel der Konfliktparteien erkl\u00e4rt und es ablehnt, nur die Sicht der am n\u00e4chsten stehenden Partei, etwa der Bundesregierung, darzustellen. Unter Wahrhaftigkeit verstehen wir auch, dass \u00fcber ein Thema vollst\u00e4ndig, das hei\u00dft mit allen wesentlichen Bestandteilen, berichtet wird. Aufgekl\u00e4rte B\u00fcrger*innen k\u00f6nnen sich eine fundierte Meinung \u00fcber die Au\u00dfenpolitik bilden. Damit unterscheidet sich eine solche Berichterstattung &#8211; f\u00fcr die Leser und Leserinnen erkennbar &#8211; von Propaganda; die Inhalte gewinnen an Bedeutung und regen zum Mitdenken \u00fcber M\u00f6glichkeiten zur Konfliktl\u00f6sung an.<\/p>\n<div id=\"attachment_14323\" style=\"width: 352px\" class=\"wp-caption alignright\"><img loading=\"lazy\" decoding=\"async\" aria-describedby=\"caption-attachment-14323\" class=\" wp-image-14323\" src=\"https:\/\/www.friedenkoeln.de\/wp-content\/uploads\/2019\/10\/nato_kol.jpg\" alt=\"Oben stehen sich zwei gleich gro\u00dfe olivgr\u00fcne Panzer mit den Aufschriften &quot;NATO&quot; und &quot;Warschauer Pakt&quot; feindlich gegen\u00fcber. Unten ein gro\u00dfer mit der Aufschrift &quot;NATO&quot; und ein kleiner mit der russischen Nationalflagge.\" width=\"342\" height=\"238\" srcset=\"https:\/\/www.friedenkoeln.de\/wp-content\/uploads\/2019\/10\/nato_kol.jpg 990w, https:\/\/www.friedenkoeln.de\/wp-content\/uploads\/2019\/10\/nato_kol-150x105.jpg 150w, https:\/\/www.friedenkoeln.de\/wp-content\/uploads\/2019\/10\/nato_kol-768x536.jpg 768w\" sizes=\"auto, (max-width: 342px) 100vw, 342px\" \/><p id=\"caption-attachment-14323\" class=\"wp-caption-text\">&#8222;70 Jahre Gleichgewicht des Schreckens&#8220;. Karikatur (2.4.2019): Klaus Stuttmann.<\/p><\/div>\n<p>Das NATO-Man\u00f6ver \u201eDefender 2020\u201c, bei dem im kommenden Fr\u00fchling 37.000 Soldaten und Soldatinnen, darunter 20.000 aus den USA, nach Polen und ins Baltikum verlegt werden sollen, bietet dem K\u00f6lner Stadtanzeiger die Gelegenheit, unabh\u00e4ngig und gerecht zu berichten und sich nicht den zu erwartenden medialen Begleitman\u00f6vern der Bundesregierung und der NATO- Kommunikationseinheiten zu unterwerfen. Ihre Leserinnen und Leser werden es Ihnen danken.<\/p>\n<p>Stefanie Intveen<br \/>\nf\u00fcr die Deutsche Friedensgesellschaft &#8211; Vereinigte KriegsdienstgegnerInnen e. V. Gruppe K\u00f6ln<\/p>\n<hr \/>\n<p><em>Der Leserbrief wurde nicht ver\u00f6ffentlicht; daher hier zur Dokumentation.<\/em><\/p>\n<\/div>\n<\/div>\n<\/div>\n<\/div>\n","protected":false},"excerpt":{"rendered":"<p>Die DFG-VK Gruppe K\u00f6ln hat am 9. Oktober 2019 den folgenden Leserbrief an den K\u00f6lner Stadtanzeiger geschrieben. Er bezog sich auf den Beitrag des Chefredakteurs Carsten Fiedler &#8222;Wer wir sind &#8211; und wie wir&#46;&#46;&#46;<\/p>\n","protected":false},"author":110,"featured_media":0,"comment_status":"open","ping_status":"open","sticky":false,"template":"","format":"standard","meta":{"footnotes":""},"categories":[141],"tags":[155,142,81,94],"class_list":["post-14318","post","type-post","status-publish","format-standard","hentry","category-brief","tag-freiheit","tag-gerechtigkeit","tag-medien","tag-nato"],"_links":{"self":[{"href":"https:\/\/www.friedenkoeln.de\/index.php?rest_route=\/wp\/v2\/posts\/14318","targetHints":{"allow":["GET"]}}],"collection":[{"href":"https:\/\/www.friedenkoeln.de\/index.php?rest_route=\/wp\/v2\/posts"}],"about":[{"href":"https:\/\/www.friedenkoeln.de\/index.php?rest_route=\/wp\/v2\/types\/post"}],"author":[{"embeddable":true,"href":"https:\/\/www.friedenkoeln.de\/index.php?rest_route=\/wp\/v2\/users\/110"}],"replies":[{"embeddable":true,"href":"https:\/\/www.friedenkoeln.de\/index.php?rest_route=%2Fwp%2Fv2%2Fcomments&post=14318"}],"version-history":[{"count":6,"href":"https:\/\/www.friedenkoeln.de\/index.php?rest_route=\/wp\/v2\/posts\/14318\/revisions"}],"predecessor-version":[{"id":14325,"href":"https:\/\/www.friedenkoeln.de\/index.php?rest_route=\/wp\/v2\/posts\/14318\/revisions\/14325"}],"wp:attachment":[{"href":"https:\/\/www.friedenkoeln.de\/index.php?rest_route=%2Fwp%2Fv2%2Fmedia&parent=14318"}],"wp:term":[{"taxonomy":"category","embeddable":true,"href":"https:\/\/www.friedenkoeln.de\/index.php?rest_route=%2Fwp%2Fv2%2Fcategories&post=14318"},{"taxonomy":"post_tag","embeddable":true,"href":"https:\/\/www.friedenkoeln.de\/index.php?rest_route=%2Fwp%2Fv2%2Ftags&post=14318"}],"curies":[{"name":"wp","href":"https:\/\/api.w.org\/{rel}","templated":true}]}}