{"id":14327,"date":"2019-11-01T18:38:08","date_gmt":"2019-11-01T16:38:08","guid":{"rendered":"https:\/\/www.friedenkoeln.de\/?p=14327"},"modified":"2019-11-01T18:42:03","modified_gmt":"2019-11-01T16:42:03","slug":"machst-du-mit-solidaritaetsaktion-mit-einem-atomwaffengegner","status":"publish","type":"post","link":"https:\/\/www.friedenkoeln.de\/?p=14327","title":{"rendered":"Machst Du mit? &#8211; Solidarit\u00e4tsaktion mit einem Atomwaffengegner"},"content":{"rendered":"<h4>Machen Sie mit? \/ Machst Du mit?<\/h4>\n<h4>Solidarit\u00e4tsaktion\u00a0mit einem Atomwaffengegner,\u00a0der wegen Teilnahme an einer gewaltfreien Aktion\u00a0zu einer Geldstrafe von 900 \u20ac verurteilt wurde<\/h4>\n<div id=\"attachment_14332\" style=\"width: 389px\" class=\"wp-caption alignright\"><img loading=\"lazy\" decoding=\"async\" aria-describedby=\"caption-attachment-14332\" class=\" wp-image-14332\" src=\"https:\/\/www.friedenkoeln.de\/wp-content\/uploads\/2019\/11\/20190430_085547-500x500.jpg\" alt=\"Im Vordergrund sitzen einige M\u00e4nner und Frauen auf einem asphaltierten Weg. Dahinter, auf einem trockenen Grasstreifen stehen bewaffnete, uniformierte Soldaten, die sie bewachen. Im Hintergrund ist Wald. \" width=\"379\" height=\"379\" srcset=\"https:\/\/www.friedenkoeln.de\/wp-content\/uploads\/2019\/11\/20190430_085547-500x500.jpg 500w, https:\/\/www.friedenkoeln.de\/wp-content\/uploads\/2019\/11\/20190430_085547-120x120.jpg 120w\" sizes=\"auto, (max-width: 379px) 100vw, 379px\" \/><p id=\"caption-attachment-14332\" class=\"wp-caption-text\">Teile der Gruppe &#8222;B\u00fcchel17&#8220; unterbrechen den milit\u00e4rischen \u00dcbungsbetrieb am 30.4.2019 auf dem Bundeswehr-Flugplatz und Atombombenstandort B\u00fcchel. Foto: B\u00fcchel17.<\/p><\/div>\n<p>Johannes Wollbold aus Weimar hat am 30. April 2019 aus Protest gegen die Lagerung von Atomwaffen auf deutschem Boden an einer <b>Go-In-Aktion<\/b> in den Atomwaffenst\u00fctzpunkt bei <b>B\u00fcchel<\/b> in der S\u00fcdeifel teilgenommen. Die Aktion war gewaltfrei, weil dabei keine k\u00f6rperliche Gewalt gegen Menschen angewendet oder auch nur angedroht wurde. Die Aktivist*innen haben zwei Milit\u00e4rz\u00e4une aufgeschnitten und das Gel\u00e4nde des Bundeswehr-Fliegerhorsts, auf dem US-Atombomben f\u00fcr ihren Einsatz bereit gehalten werden, betreten. Sie haben sich bereitwillig festnehmen lassen, denn sie wollten den juristischen Folgen der Aktion nicht aus dem Weg gehen. Johannes ist per Strafbefehl rechtskr\u00e4ftig zu einer Geldstrafe von 30 Tagess\u00e4tzen \u00e0 30 \u20ac = 900 \u20ac wegen Hausfriedensbruchs verurteilt worden.<\/p>\n<div id=\"attachment_14335\" style=\"width: 357px\" class=\"wp-caption alignright\"><img loading=\"lazy\" decoding=\"async\" aria-describedby=\"caption-attachment-14335\" class=\" wp-image-14335\" src=\"https:\/\/www.friedenkoeln.de\/wp-content\/uploads\/2019\/11\/IMG_20190430_085106-500x500.jpg\" alt=\"Eine bunt gekleidete Gruppe M\u00e4nner und Frauen zeigt Transparente und redet untereinander und mit am Rand stehenden Soldaten.\" width=\"347\" height=\"347\" srcset=\"https:\/\/www.friedenkoeln.de\/wp-content\/uploads\/2019\/11\/IMG_20190430_085106-500x500.jpg 500w, https:\/\/www.friedenkoeln.de\/wp-content\/uploads\/2019\/11\/IMG_20190430_085106-120x120.jpg 120w\" sizes=\"auto, (max-width: 347px) 100vw, 347px\" \/><p id=\"caption-attachment-14335\" class=\"wp-caption-text\">&#8222;Kein Geld f\u00fcr Krieg&#8220; und &#8222;Atomwaffenfreie Zone &#8211; B\u00fcchel17&#8220;: Friedensaktivist*innen st\u00f6ren am 30.4.2019 den milit\u00e4rischen \u00dcbungsbetrieb in B\u00fcchel. Foto: B\u00fcchel17<\/p><\/div>\n<p>Damit ist er einer von inzwischen <b>mindestens 53 Aktivist*Innen, die wegen Aktionen des Zivilen Ungehorsams in B\u00fcchel rechtskr\u00e4ftig verurteilt<\/b> wurden, seit dort vor 22 Jahren mit solchen Protestaktionen begonnen wurde. Einige der 53 sind mehrmals verurteilt worden \u2013 es gab bisher mindestens 67 rechtskr\u00e4ftige und weitere noch nicht rechtskr\u00e4ftige Verurteilungen wegen angeblicher \u201cStraftaten\u201d in B\u00fcchel. Dabei haben die Gerichte immer au\u00dfer Acht gelassen, dass die <b>nukleare Teilhabe Deutschlands<\/b> einen <b>Versto\u00df gegen das V\u00f6lkerrecht<\/b><span class=\"Apple-converted-space\">\u00a0 <\/span>(Atomwaffensperrvertrag) darstellt.<\/p>\n<p><b>Jetzt geht es um Verbreitungs- und Solidarisierungswirkung!<\/b><\/p>\n<p>Um diese Wirkung zu erzielen, \u201cverkauft\u201d Johannes halbe Tagess\u00e4tze: Wer sich mit ihm und den Aktionen des Gewaltfreien Widerstands gegen Atomwaffen solidarisiert, m\u00f6ge einen halben Tagessatz, also <b>15 \u20ac<\/b>, f\u00fcr ihn \u00fcbernehmen. Wenn 60 Menschen mitmachen, ist seine Geldstrafe getilgt.<\/p>\n<p>Wer mitmachen will,\u00a0\u00fcberweise bitte 15 \u20ac\u00a0an die<\/p>\n<p style=\"padding-left: 40px;\">Landesjustizkasse Mainz<br \/>\nDE34 5451 0067 0025 3116 79 (Postbank Ludwigshafen)<br \/>\nVerwendungszweck: Rechnungszeichen 5221190093549, Fuer J. Wollbold<\/p>\n<p><b>Wichtig: <\/b>Bitte <b>vor <\/b>der \u00dcberweisung dem Johannes mitteilen, dass eine \u00dcberweisung beabsichtigt ist:<\/p>\n<p style=\"padding-left: 40px;\">Johannes Wollbold,<br \/>\nEduard-Rosenthal-Str. 70i,<br \/>\n99425 Weimar,<span class=\"Apple-converted-space\">\u00a0 <\/span><br \/>\njwollbold@gmx.de,<br \/>\nTel. 0151 75027904.<\/p>\n<p>Falls n\u00e4mlich Johannes bis zu diesem Zeitpunkt erfahren hat, dass bereits 900 \u20ac f\u00fcr ihn in Teilbetr\u00e4gen in die Justizkasse eingezahlt sind, wird er sich zur\u00fcckmelden und die Aktion stoppen. So kann verhindert werden, dass zuviel Geld in die Staatskasse flie\u00dft und dort wom\u00f6glich \u201cversickert\u201d.<\/p>\n<p>Zur Beachtung: Theoretisch k\u00f6nnte die \u00dcbernahme von Teilen der Geldstrafe eines anderen als Strafvereitelung nach \u00a7 258 StGB gewertet werden. Aber in der Praxis ist das bei allen vorherigen Soli-Aktionen f\u00fcr verurteilte Atomwaffengegner*innen noch nie geschehen.<span class=\"Apple-converted-space\">\u00a0<\/span><\/p>\n<hr \/>\n<p>Es ist sinnvoll, wenn gleichzeitig mit der \u00dcberweisung eine Mitteilung (Textvorschlag unten) an die Strafvollstreckungsbeh\u00f6rde geschickt wird:<\/p>\n<ul>\n<li>als Postkarte oder Brief an die Staatsanwaltschaft, Deinhardpassage 1, 56088 Koblenz<\/li>\n<li>oder per Mail an stako@genstako.jm.rlp.de<span class=\"Apple-converted-space\">\u00a0<\/span><\/li>\n<\/ul>\n<p><b>Textvorschlag:<\/b><\/p>\n<p>Betr.: AZ 2800 VRs 2010 Js 27417\/19<\/p>\n<p>Sehr geehrte Damen und Herren,<\/p>\n<p>dieser Tage habe ich einen halben Tagessatz \u00e0 15 \u20ac f\u00fcr Johannes Wollbold, Weimar auf das Konto der Landesjustizkasse Mainz \u00fcberwiesen. Ich solidarisiere mich so mit der Protestaktion vom 30.4.2019 gegen die Stationierung von Atomwaffen auf dem BundeswehrSt\u00fctzpunkt B\u00fcchel \/ Eifel. Diese Form der Abschreckung ist besonders gef\u00e4hrlich, da sie einen Krieg mit Massenvernichtungswaffen provoziert. Ich betrachte sie somit als v\u00f6lkerrechts- und grundgesetzwidrig. Widerstand dagegen ist Notwehr und muss straffrei bleiben.<\/p>\n<p>Mit freundlichen Gr\u00fc\u00dfen<\/p>\n<p>[Name]<\/p>\n<hr \/>\n<p><b>Weitere Infos<\/b> zu Protest und Gewaltfreiem Widerstand gegen die Atomwaffenlagerung in Deutschland\u00a0gibt es<\/p>\n<ul>\n<li>auf der Internetseite der Gewaltfreien Aktion Atomwaffen Abschaffen: www.gaaa.org<\/li>\n<li>auf der Internetseite der Kampagne \u201cB\u00fcchel ist \u00fcberall! &#8211; atomwaffenfrei.jetzt\u201d: www.atomwaffenfrei.de<\/li>\n<li>auf der Aktions-Website dieser Kampagne: www.buechel-atombombenfrei.jimdo.com<\/li>\n<li>und dort speziell zu Go-In-Aktionen in B\u00fcchel \u2013 auch zu der vom 30.4.2019: www.buechel-atombombenfrei.jimdo.com\/gruppen\/go-in-aktionen\/<\/li>\n<\/ul>\n<p>V.i.S.d.P.: Martin Otto, Frankenstr. 77, 35578 Wetzlar<\/p>\n<div id=\"attachment_13770\" style=\"width: 579px\" class=\"wp-caption aligncenter\"><img loading=\"lazy\" decoding=\"async\" aria-describedby=\"caption-attachment-13770\" class=\" wp-image-13770\" src=\"https:\/\/www.friedenkoeln.de\/wp-content\/uploads\/2019\/05\/47686623652_9bea150da2_o-500x500.jpg\" alt=\"Eine Dame in gr\u00fcner Softshell-Jacke und ein Herr mit dunkelblauem Rucksack halten das hochgeklappte Gitter eines aufgeschnittenen Bauzauns in die H\u00f6he, so dass die hindurchgegangenen Menschen dahinter zu sehen sind. Sie tragen ein Transparent &quot;B\u00fcchel ist \u00fcberall. Atomwaffenfrei jetzt!&quot;\" width=\"569\" height=\"569\" srcset=\"https:\/\/www.friedenkoeln.de\/wp-content\/uploads\/2019\/05\/47686623652_9bea150da2_o-500x500.jpg 500w, https:\/\/www.friedenkoeln.de\/wp-content\/uploads\/2019\/05\/47686623652_9bea150da2_o-120x120.jpg 120w\" sizes=\"auto, (max-width: 569px) 100vw, 569px\" \/><p id=\"caption-attachment-13770\" class=\"wp-caption-text\">Erfolgreiche Entz\u00e4unung am Atomwaffenstandort B\u00fcchel, 30.4.2019. Foto: B\u00fcchel17<\/p><\/div>\n","protected":false},"excerpt":{"rendered":"<p>Machen Sie mit? \/ Machst Du mit? Solidarit\u00e4tsaktion\u00a0mit einem Atomwaffengegner,\u00a0der wegen Teilnahme an einer gewaltfreien Aktion\u00a0zu einer Geldstrafe von 900 \u20ac verurteilt wurde Johannes Wollbold aus Weimar hat am 30. April 2019 aus Protest&#46;&#46;&#46;<\/p>\n","protected":false},"author":110,"featured_media":0,"comment_status":"open","ping_status":"open","sticky":false,"template":"","format":"standard","meta":{"footnotes":""},"categories":[116],"tags":[33,80,29,115],"class_list":["post-14327","post","type-post","status-publish","format-standard","hentry","category-aufruf","tag-atomwaffen","tag-rechtsprechung","tag-solidaritat","tag-ziviler-ungehorsam"],"_links":{"self":[{"href":"https:\/\/www.friedenkoeln.de\/index.php?rest_route=\/wp\/v2\/posts\/14327","targetHints":{"allow":["GET"]}}],"collection":[{"href":"https:\/\/www.friedenkoeln.de\/index.php?rest_route=\/wp\/v2\/posts"}],"about":[{"href":"https:\/\/www.friedenkoeln.de\/index.php?rest_route=\/wp\/v2\/types\/post"}],"author":[{"embeddable":true,"href":"https:\/\/www.friedenkoeln.de\/index.php?rest_route=\/wp\/v2\/users\/110"}],"replies":[{"embeddable":true,"href":"https:\/\/www.friedenkoeln.de\/index.php?rest_route=%2Fwp%2Fv2%2Fcomments&post=14327"}],"version-history":[{"count":9,"href":"https:\/\/www.friedenkoeln.de\/index.php?rest_route=\/wp\/v2\/posts\/14327\/revisions"}],"predecessor-version":[{"id":14339,"href":"https:\/\/www.friedenkoeln.de\/index.php?rest_route=\/wp\/v2\/posts\/14327\/revisions\/14339"}],"wp:attachment":[{"href":"https:\/\/www.friedenkoeln.de\/index.php?rest_route=%2Fwp%2Fv2%2Fmedia&parent=14327"}],"wp:term":[{"taxonomy":"category","embeddable":true,"href":"https:\/\/www.friedenkoeln.de\/index.php?rest_route=%2Fwp%2Fv2%2Fcategories&post=14327"},{"taxonomy":"post_tag","embeddable":true,"href":"https:\/\/www.friedenkoeln.de\/index.php?rest_route=%2Fwp%2Fv2%2Ftags&post=14327"}],"curies":[{"name":"wp","href":"https:\/\/api.w.org\/{rel}","templated":true}]}}