{"id":14374,"date":"2019-11-16T09:46:38","date_gmt":"2019-11-16T07:46:38","guid":{"rendered":"https:\/\/www.friedenkoeln.de\/?p=14374"},"modified":"2019-11-16T09:46:38","modified_gmt":"2019-11-16T07:46:38","slug":"frieden-fuer-syrien-einladung-zu-vortrag-und-diskussion-mit-karin-leukefeld-und-memo-sahin","status":"publish","type":"post","link":"https:\/\/www.friedenkoeln.de\/?p=14374","title":{"rendered":"Frieden f\u00fcr Syrien: Einladung zu Vortrag und Diskussion mit Karin Leukefeld und Memo Sahin"},"content":{"rendered":"<p><em>Wir laden herzlich ein:<\/em><\/p>\n<h4>Frieden f\u00fcr Syrien &#8211;\u00a0Wie gelingt nach acht Jahren Stellvertreterkrieg und \u201eRecht des St\u00e4rkeren\u201c die Verwirklichung von \u00a0V\u00f6lkerrecht und Frieden?<\/h4>\n<p style=\"text-align: center;\">Vortrag und Diskussion\u00a0mit<\/p>\n<p style=\"text-align: center;\">Nahostkorrespondentin und Regionalanalystin\u00a0<strong>Karin Leukefeld<\/strong> und<\/p>\n<p style=\"text-align: center;\"><strong>Memo Sahin<\/strong>, Dialog-Kreis \u201eDie Zeit ist reif f\u00fcr eine politische L\u00f6sung im Konflikt zwischen T\u00fcrken und Kurden&#8220;<\/p>\n<p style=\"text-align: center;\">am <strong>Mittwoch, 27.11.2019 19:30 Uhr, Alte Feuerwache,\u00a0<\/strong>Melchiorstra\u00dfe 3, 50670 K\u00f6ln &#8211; Gro\u00dfes Forum.<\/p>\n<p>Veranstaltet von abr\u00fcsten statt aufr\u00fcsten K\u00f6ln: DFG-VK Gruppe K\u00f6ln, K\u00f6lner Friedensforum, AG-FIP DIE LINKE K\u00f6ln, aufstehen f\u00fcr Frieden, DIDF, sowie Bonner Friedensb\u00fcndnis, Wendepunkt &#8211; Sozialisten an der Uni K\u00f6ln, T\u00fcday Menschenrechtsverein T\u00fcrkei\/Deutschland, Plenum Frieden und Freiheit f\u00fcr die T\u00fcrkei und Kurdistan.<\/p>\n<p><img class=\"aligncenter\" \/><\/p>\n<p><img class=\"aligncenter\" \/>\u00c4u\u00dfere Einmischung durch v\u00f6lkerrechtswidrige Interventionen, Besatzungen und Annektionen, verbunden mit der Politik des \u201eRegime Change\u201c, haben Syrien in einen m\u00f6rderischen Stellvertreterkrieg gezogen. Politischer Protest wurde f\u00fcr geopolitische Zwecke instrumentalisiert und militarisiert. Millionen Menschen sind in die Flucht getrieben worden, \u00fcber eine halbe Million Menschen sind dem Krieg bereits zum Opfer gefallen.<\/p>\n<p>Nun hat sich die Situation mit dem v\u00f6lkerrechtswidrigen Einmarsch des NATO-Mitglieds T\u00fcrkei in Nordsyrien erneut versch\u00e4rft. Der sogenannte \u201eWaffenstillstand\u201c hindert weder die von der t\u00fcrkischen Seite unterst\u00fctzten Milizen daran, Angriffe auf die ans\u00e4ssige kurdische Bev\u00f6lkerung fortzusetzen, noch stoppt er den Raub des syrischen \u00d6ls durch US-Besatzungstruppen. Die Bundesregierung hat von Anfang an auf einen v\u00f6lkerrechtswidrigen &#8222;Regime Change&#8220; in Syrien orientiert und mit Bundeswehrbeteiligung weiter an der Spirale der Gewalt gedreht. Und sie tut dies weiterhin: Die t\u00fcrkische Armee wird immer noch von der Bundeswehr ausgebildet, nach wie vor werden deutsche Waffen an die T\u00fcrkei geliefert.<\/p>\n<p>So lange wie dieser Krieg dauert, w\u00e4hren auch die Bem\u00fchungen f\u00fcr eine Verhandlungsl\u00f6sung auf verschiedenen Ebenen. Aktuell wird eine neue Verfassung f\u00fcr Syrien diskutiert. Ein Waffenstillstand, ein Prozess der Auss\u00f6hnung und des zivilen Wiederaufbaus gesamt Syriens sind dringend erforderlich. Dem stehen aktuell die beendigten diplomatischen Beziehungen und Sanktionen gegen Syrien im Weg.<\/p>\n<p>Wo gibt es Ans\u00e4tze f\u00fcr Frieden und wie sind diese zu einzusch\u00e4tzen? Wie ist insbesondere das \u201eAstana-Format\u201c von Verhandlungen zwischen Russland, der T\u00fcrkei und dem Iran zu bewerten? Welche Rolle spielen externe Interessen und insbesondere die deutsche Politik, die in Person von AKK nun nach deutschen Truppen in der Region ruft? Wie kann eine nachhaltige Friedensl\u00f6sung vor dem Hintergrund von V\u00f6lkerrecht, Selbstbestimmung und territorialer Integrit\u00e4t erreicht werden, sowie eine verst\u00e4rkte Zusammenarbeit von progressiven Kr\u00e4ften f\u00fcr Frieden in Gesamtsyrien und die Verteidigung emanzipatorischer Errungenschaften der kurdischen Bewegung gelingen?<\/p>\n<p>Diese und andere Fragen wollen wir auf der Veranstaltung diskutieren.<\/p>\n<p>VisdP: Isabelle Casel c\/o Friedensbildungswerk, Obenmarspforten 7-11, 50667 K\u00f6ln<\/p>\n","protected":false},"excerpt":{"rendered":"<p>Wir laden herzlich ein: Frieden f\u00fcr Syrien &#8211;\u00a0Wie gelingt nach acht Jahren Stellvertreterkrieg und \u201eRecht des St\u00e4rkeren\u201c die Verwirklichung von \u00a0V\u00f6lkerrecht und Frieden? Vortrag und Diskussion\u00a0mit Nahostkorrespondentin und Regionalanalystin\u00a0Karin Leukefeld und Memo Sahin, Dialog-Kreis&#46;&#46;&#46;<\/p>\n","protected":false},"author":110,"featured_media":0,"comment_status":"open","ping_status":"open","sticky":false,"template":"","format":"standard","meta":{"footnotes":""},"categories":[104],"tags":[70,92,129,91],"class_list":["post-14374","post","type-post","status-publish","format-standard","hentry","category-ankuendigung","tag-auslandseinsaetze-der-bundeswehr","tag-interventionismus","tag-regime-change","tag-voelkerrecht"],"_links":{"self":[{"href":"https:\/\/www.friedenkoeln.de\/index.php?rest_route=\/wp\/v2\/posts\/14374","targetHints":{"allow":["GET"]}}],"collection":[{"href":"https:\/\/www.friedenkoeln.de\/index.php?rest_route=\/wp\/v2\/posts"}],"about":[{"href":"https:\/\/www.friedenkoeln.de\/index.php?rest_route=\/wp\/v2\/types\/post"}],"author":[{"embeddable":true,"href":"https:\/\/www.friedenkoeln.de\/index.php?rest_route=\/wp\/v2\/users\/110"}],"replies":[{"embeddable":true,"href":"https:\/\/www.friedenkoeln.de\/index.php?rest_route=%2Fwp%2Fv2%2Fcomments&post=14374"}],"version-history":[{"count":6,"href":"https:\/\/www.friedenkoeln.de\/index.php?rest_route=\/wp\/v2\/posts\/14374\/revisions"}],"predecessor-version":[{"id":14380,"href":"https:\/\/www.friedenkoeln.de\/index.php?rest_route=\/wp\/v2\/posts\/14374\/revisions\/14380"}],"wp:attachment":[{"href":"https:\/\/www.friedenkoeln.de\/index.php?rest_route=%2Fwp%2Fv2%2Fmedia&parent=14374"}],"wp:term":[{"taxonomy":"category","embeddable":true,"href":"https:\/\/www.friedenkoeln.de\/index.php?rest_route=%2Fwp%2Fv2%2Fcategories&post=14374"},{"taxonomy":"post_tag","embeddable":true,"href":"https:\/\/www.friedenkoeln.de\/index.php?rest_route=%2Fwp%2Fv2%2Ftags&post=14374"}],"curies":[{"name":"wp","href":"https:\/\/api.w.org\/{rel}","templated":true}]}}