{"id":14381,"date":"2019-11-20T22:53:43","date_gmt":"2019-11-20T20:53:43","guid":{"rendered":"https:\/\/www.friedenkoeln.de\/?p=14381"},"modified":"2019-11-27T09:46:27","modified_gmt":"2019-11-27T07:46:27","slug":"keine-auslieferung-von-julian-assange-diskussion-mit-seinem-vater-john-shipton-in-koeln","status":"publish","type":"post","link":"https:\/\/www.friedenkoeln.de\/?p=14381","title":{"rendered":"Keine Auslieferung von Julian Assange! Diskussion mit seinem Vater John Shipton in K\u00f6ln"},"content":{"rendered":"<h4 style=\"text-align: center;\">Keine Auslieferung von Julian Assange an die USA! Free the press, stop the war!<\/h4>\n<h4 style=\"text-align: center;\">Diskussionsveranstaltung anl\u00e4sslich der Inhaftierung und drohenden Auslieferung<br \/>\ndes Wikileaks-Gr\u00fcnders Julian Assange an die USA<\/h4>\n<p style=\"text-align: center;\">Freitag, 29. November 2019 um 18:30 Uhr<\/p>\n<p style=\"text-align: center;\">mit <b>John Shipton<\/b> (Vater von Julian Assange)<br \/>\nund <b>Se\u00advim Da\u011f\u00addelen<\/b> (MdB, Die Linke)<\/p>\n<p style=\"text-align: center;\">in <b>H\u00f6rsaal A1<\/b> im <b>H\u00f6rsaalgeb\u00e4ude <\/b><br \/>\nam Albertus-Magnus-Platz, <b>Universit\u00e4t K\u00f6ln<\/b><i><\/i><\/p>\n<blockquote><p>Ich halte diese Dokumente nach wie vor f\u00fcr einige der wichtigsten Dokumente unserer Zeit. Ich glaubte, die Depeschen w\u00fcr\u00adden uns nicht schaden, aber sie w\u00fcr\u00adden peinlich sein. Ich glaubte, dass die \u00d6ffentlichkeit, insbesondere die ameri\u00adka\u00adni\u00adsche \u00d6ffentlichkeit, eine all\u00adge\u00admeine De\u00adbatte \u00fcber das Milit\u00e4r und unsere Au\u00ad\u00dfen\u00adpolitik im Irak und in Afghanistan f\u00fch\u00adren wird, wenn sie denn einmal diese Do\u00adkumente lesen k\u00f6nnte. Es w\u00e4re damit ei\u00adne Chance f\u00fcr unsere Gesellschaft ge\u00adge\u00adben, sich Rechen\u00adschaft \u00fcber diese Form des Gegen-Terrorismus abzulegen, mit dem wir die menschliche Seite der Be\u00adwohner in diesen L\u00e4ndern Tag f\u00fcr Tag mis\u00adsachten.<\/p><\/blockquote>\n<p>(Aus dem \u201eSchuldbekenntnis\u201c von Whistleblowerin Chelsea Manning w\u00e4hrend ihres Prozesses in den USA. Chelsea Manning war 2010 zu 35 Jahren Haft verurteilt worden, weil sie Wikileaks Dokumente \u00fcber die US-amerikanischen Kriegsverbrechen zur Verf\u00fcgung stellte. Ihre Haftzeit wurde auf sieben Jahre verk\u00fcrzt.)<\/p>\n<div id=\"attachment_14387\" style=\"width: 403px\" class=\"wp-caption alignright\"><img loading=\"lazy\" decoding=\"async\" aria-describedby=\"caption-attachment-14387\" class=\" wp-image-14387\" src=\"https:\/\/www.friedenkoeln.de\/wp-content\/uploads\/2019\/11\/RUEDA_DE_PRENSA_CONJUNTA_ENTRE_CANCILLER_RICARDO_PATI\u00d1O_Y_JULIAN_ASSANGE_-_14953880621.jpg\" alt=\"\" width=\"393\" height=\"552\" srcset=\"https:\/\/www.friedenkoeln.de\/wp-content\/uploads\/2019\/11\/RUEDA_DE_PRENSA_CONJUNTA_ENTRE_CANCILLER_RICARDO_PATI\u00d1O_Y_JULIAN_ASSANGE_-_14953880621.jpg 3744w, https:\/\/www.friedenkoeln.de\/wp-content\/uploads\/2019\/11\/RUEDA_DE_PRENSA_CONJUNTA_ENTRE_CANCILLER_RICARDO_PATI\u00d1O_Y_JULIAN_ASSANGE_-_14953880621-107x150.jpg 107w, https:\/\/www.friedenkoeln.de\/wp-content\/uploads\/2019\/11\/RUEDA_DE_PRENSA_CONJUNTA_ENTRE_CANCILLER_RICARDO_PATI\u00d1O_Y_JULIAN_ASSANGE_-_14953880621-768x1080.jpg 768w\" sizes=\"auto, (max-width: 393px) 100vw, 393px\" \/><p id=\"caption-attachment-14387\" class=\"wp-caption-text\">Julian Assange, 18.8.2014, in der Botschaft von Ecuador in London. Foto: David G. Silvers, Canciller\u00eda del Ecuador (CC BY-SA 2.0).<\/p><\/div>\n<p>Mit der Ver\u00f6ffentlichung geheimer Dokumente durch die Enth\u00fcllungsplattform Wi\u00adkileaks sind die Verbrechen der M\u00e4ch\u00adti\u00adgen dieser Welt ins Licht der \u00d6ffentlichkeit gelangt, und viele der Betroffenen ha\u00adben ein Gesicht und eine Stimme be\u00adkom\u00admen. Korruption, Wirt\u00adschafts\u00adkri\u00admi\u00adna\u00adli\u00adt\u00e4t und Umweltverbrechen, die er\u00adbar\u00admungs\u00adlose Kriegs- und Besetzungspolitik der USA im sogenannten \u201eKrieg gegen den Terror\u201c in Afghanistan und im Irak, das unrechtm\u00e4\u00dfige Festhalten und die Folter von Gefangenen in Guantanamo, mas\u00adsen\u00adhaft staatliche Spionage des US-Geheim\u00addienstes und weitere Verbrechen konn\u00adten nachgewiesen werden und sind Ge\u00adgenstand medialer Berichterstattung und in einigen F\u00e4llen juristischer Verfah\u00adren geworden.<\/p>\n<p>Julian Assange, Gr\u00fcnder von Wikileaks, ist aktuell in England in ein\u00adem Hochsi\u00adcherheitsgef\u00e4ngnis inhaf\u00adtiert und die meis\u00adte Zeit isoliert, die USA haben seine Auslieferung be\u00adantragt, um ihn wegen seines Engagements f\u00fcr Wiki\u00adleaks vor Gericht zu stel\u00adlen. Mit seiner In\u00adhaftierung und dem Aus\u00ad\u00adlieferungsgesuch werden die Grund\u00adla\u00ad\u00adgen der Demo\u00adkra\u00adtie, die Presse- und Mei\u00ad\u00adnungsfreiheit an\u00adgegriffen, weil die Ent\u00ad\u00adh\u00fcllungen von Wi\u00adkileaks eine Politik ent\u00ad\u00adlarven, die nicht im Interesse der Be\u00adv\u00f6l\u00ad\u00adkerung ist und daher keine Aufkl\u00e4rung ver\u00ad\u00adtr\u00e4gt. Der Vater von Julian Assange, John Shipton, ist in Eu\u00adropa, um \u00fcber das Wir\u00ad\u00adken und die unrecht\u00adm\u00e4\u00dfige Verhaftung von Julian Assange aufzukl\u00e4ren und setzt sich f\u00fcr sei\u00adne sofortige Freilassung ein.<\/p>\n<p>Wir wollen mit John Shipton und mit Se\u00advim Da\u011f\u00addelen, Mitglied des Bundestages f\u00fcr die Partei Die Linke, \u00fcber die Gr\u00fcnde f\u00fcr die Verfolgung von Julian Assange und von Whistleblowern sowie die Be\u00addeu\u00ad\u00adtung von Initiativen wie Wikileaks f\u00fcr Men\u00ad\u00adschenrechte und die Beendigung von Kriegsverbrechen diskutieren.<\/p>\n<blockquote><p>Zeitgleich, als Julian von sieben Polizisten aus der ecuadorianischen Botschaft geschleppt wurde, er\u00f6ffnete sich weltweit eine M\u00f6glichkeit, Journalisten und die Presse- und Mei\u00adnungsfreiheit zu unterdr\u00fccken. Wir m\u00fcssen das mit jedem Atemzug bek\u00e4mpfen.<\/p><\/blockquote>\n<p>John Shipton, Vater von Julian Assange, im Interview mit weltnetz.tv in Berlin.<\/p>\n<div><span style=\"font-size: small;\">Eine Veranstaltung von: Wendepunkt &#8211; Sozialisten an der Uni K\u00f6ln, K\u00f6lner Friedensforum, DieLinke.SDS, K\u00f6lner Friedensforum, DFG-VK K\u00f6ln, aufstehen K\u00f6ln, DIDF, der Lutherkirche K\u00f6ln S\u00fcdstadt, Die.Linke K\u00f6ln\u00a0<\/span><\/div>\n<div><a href=\"https:\/\/www.friedenkoeln.de\/wp-content\/uploads\/2019\/11\/Free-Assange-Stopp-the-war_K\u00f6ln_20191129.pdf\">Flyer zum Druck<\/a><\/div>\n<div>\n<hr \/>\n<p>SPENDEN<br \/>\nZweckgebundene Solidarit\u00e4tsspenden zur Unterst\u00fctzung von Julian Assange und seinen Vater John Shipton werden vom Mitveranstalter Aufstehen Tr\u00e4gerverein NRW e.V. gerne treuh\u00e4nderisch zur Weiterleitung entgegengenommen.<\/p>\n<p>Bankverbindung:<br \/>\nAufstehen Tr\u00e4gerverein NRW e.V.<br \/>\nIBAN: DE83 8306 5408 0004 1744 02<br \/>\nBIC: GENO DEF1 SLR<br \/>\nDeutsche Skatbank<br \/>\nVerwendungszweck: &#8222;Free Julian Assange&#8220;<\/p>\n<\/div>\n","protected":false},"excerpt":{"rendered":"<p>Keine Auslieferung von Julian Assange an die USA! Free the press, stop the war! Diskussionsveranstaltung anl\u00e4sslich der Inhaftierung und drohenden Auslieferung des Wikileaks-Gr\u00fcnders Julian Assange an die USA Freitag, 29. November 2019 um 18:30&#46;&#46;&#46;<\/p>\n","protected":false},"author":110,"featured_media":0,"comment_status":"open","ping_status":"open","sticky":false,"template":"","format":"standard","meta":{"footnotes":""},"categories":[104],"tags":[113,166,85,81,99,165],"class_list":["post-14381","post","type-post","status-publish","format-standard","hentry","category-ankuendigung","tag-buergerrechte","tag-folter","tag-kriegsverbrechen","tag-medien","tag-menschenrechte","tag-pressefreiheit"],"_links":{"self":[{"href":"https:\/\/www.friedenkoeln.de\/index.php?rest_route=\/wp\/v2\/posts\/14381","targetHints":{"allow":["GET"]}}],"collection":[{"href":"https:\/\/www.friedenkoeln.de\/index.php?rest_route=\/wp\/v2\/posts"}],"about":[{"href":"https:\/\/www.friedenkoeln.de\/index.php?rest_route=\/wp\/v2\/types\/post"}],"author":[{"embeddable":true,"href":"https:\/\/www.friedenkoeln.de\/index.php?rest_route=\/wp\/v2\/users\/110"}],"replies":[{"embeddable":true,"href":"https:\/\/www.friedenkoeln.de\/index.php?rest_route=%2Fwp%2Fv2%2Fcomments&post=14381"}],"version-history":[{"count":10,"href":"https:\/\/www.friedenkoeln.de\/index.php?rest_route=\/wp\/v2\/posts\/14381\/revisions"}],"predecessor-version":[{"id":14425,"href":"https:\/\/www.friedenkoeln.de\/index.php?rest_route=\/wp\/v2\/posts\/14381\/revisions\/14425"}],"wp:attachment":[{"href":"https:\/\/www.friedenkoeln.de\/index.php?rest_route=%2Fwp%2Fv2%2Fmedia&parent=14381"}],"wp:term":[{"taxonomy":"category","embeddable":true,"href":"https:\/\/www.friedenkoeln.de\/index.php?rest_route=%2Fwp%2Fv2%2Fcategories&post=14381"},{"taxonomy":"post_tag","embeddable":true,"href":"https:\/\/www.friedenkoeln.de\/index.php?rest_route=%2Fwp%2Fv2%2Ftags&post=14381"}],"curies":[{"name":"wp","href":"https:\/\/api.w.org\/{rel}","templated":true}]}}