{"id":14400,"date":"2019-11-23T07:00:40","date_gmt":"2019-11-23T05:00:40","guid":{"rendered":"https:\/\/www.friedenkoeln.de\/?p=14400"},"modified":"2019-11-22T10:19:57","modified_gmt":"2019-11-22T08:19:57","slug":"leo-ensel-imperialismus-weichgespuelt-sprache-und-strategien-im-aufruestungsmatriarchat","status":"publish","type":"post","link":"https:\/\/www.friedenkoeln.de\/?p=14400","title":{"rendered":"Leo Ensel: Imperialismus weichgesp\u00fclt \u2013 Sprache und Strategien im Aufr\u00fcstungsmatriarchat"},"content":{"rendered":"<div class=\"article__cover\">\n<div class=\"cover\">\n<h4 class=\"cover__media \">&#8222;Verl\u00e4sslichkeit&#8220;, &#8222;Solidarit\u00e4t&#8220;, &#8222;Selbstvertrauen&#8220; \u2013 AKKs Grundsatzrede an der M\u00fcnchner Bundeswehrhochschule demonstrierte: Harmloser k\u00f6nnten Aufr\u00fcstung und Kriegsvorbereitung nun wirklich nicht pr\u00e4sentiert werden. Und wirkungsvoller auch nicht!<\/h4>\n<\/div>\n<\/div>\n<div class=\"article__share\">\n<div class=\"article__social-wrapper\">\n<div class=\"article__text \">\n<p><em>von Leo Ensel<\/em><\/p>\n<p>Man t\u00e4usche sich nicht: Auch wenn gerade mal wieder auf Wunsch der Verteidigungsministerin im Sinne der &#8222;Sichtbarkeit der Bundeswehr&#8220; \u00f6ffentliche Gel\u00f6bnisse in zahlreichen deutschen St\u00e4dten und vor dem Reichstagsgeb\u00e4ude stattfanden \u2013 Pickelhaube, schnarrender Befehlston, Preu\u00dfens Gloria und Tschingderassabumm sind out! Sp\u00e4testens seit sowohl der h\u00f6chste EU-Posten als auch Kanzleramt und Verteidigungsministerium von Frauen erobert sind, alle drei obendrein darin einig, dem wiedervereinigten Deutschland die ihm angeblich zustehende Geltung weltweit wieder zu verschaffen, leben wir im Aufr\u00fcstungsmatriarchat.<\/p>\n<p>Und dort gelten andere Sitten und Gebr\u00e4uche: Der postmoderne Militarismus kommt smart und \u2013 wirft man einen Blick auf die neue Verteidigungsministerin aus dem gr\u00f6\u00dften Saarland der Welt \u2013 scheinbar unbedarft daher!<strong>\u00a0<\/strong><\/p>\n<p>Das gilt nicht zuletzt f\u00fcr die Sprache \u2013 und daf\u00fcr hat Annegret Kramp-Karrenbauer j\u00fcngst ein beredtes Beispiel geliefert. In ihrer von den Leitmedien nahezu einhellig akklamierten <a href=\"https:\/\/www.friedenkoeln.de\/wp-content\/uploads\/2019\/11\/Annegret-Kramp-Karrenbauer_Rede-der-Ministerin-an-der-Universit\u00e4t-der-Bundeswehr-M\u00fcnchen_20191107.pdf\">Grundsatzrede<\/a> an der M\u00fcnchner Universit\u00e4t der Bundeswehr vom 7. November wimmelt es nur so von blumigen Worten. Frei nach dem ber\u00fchmten Satz von Bertolt Brecht:<\/p>\n<blockquote><p>Die schlimmen Zeiten sind meist Zeiten, wo viel von gro\u00dfen und hohen Dingen die Rede ist.<\/p><\/blockquote>\n<p>AKK bem\u00fchte nicht nur die oft zitierte &#8222;<em>gewachsene internationale Verantwortung&#8220;<\/em>, sie ging ein paar, wie der Mainstream ihr attestierte, &#8222;<em>mutige<\/em>&#8220; Schritte weiter. Deutschland solle, um &#8222;<em>glaubw\u00fcrdig<\/em>&#8220; zu bleiben, &#8222;<em>die Kultur der Zur\u00fcckhaltung<\/em>&#8220; hinter sich lassen und stattdessen &#8222;<em>selbst die Initiative ergreifen, Vorschl\u00e4ge machen, Ideen entwickeln, Optionen vorstellen<\/em>&#8222;. Schlie\u00dflich k\u00f6nne<\/p>\n<blockquote><p>ein Land unserer Gr\u00f6\u00dfe und unserer wirtschaftlichen und technologischen Kraft, ein Land unserer geostrategischen Lage und mit unseren globalen Interessen, nicht einfach nur am Rande stehen und zuschauen.<\/p><\/blockquote>\n<p>Kurz: Deutschland solle<\/p>\n<blockquote><p>die Kraft und das Selbstvertrauen sch\u00f6pfen, die Rolle der Gestaltungsmacht<\/p><\/blockquote>\n<p>anzunehmen.\u00a0Was wiederum bedeute, und hier wurde die Verteidigungsministerin allm\u00e4hlich konkreter,<\/p>\n<blockquote><p>dass Deutschland zu allen Fragen, die seine strategischen Interessen betreffen, eine Haltung entwickeln muss. Denn nat\u00fcrlich hat Deutschland wie jeder Staat der Welt eigene strategische Interessen. Zum Beispiel als global vernetzte Handelsnation im Herzen Europas, die von internationaler Verl\u00e4sslichkeit lebt.<\/p><\/blockquote>\n<p>Und als f\u00fchrende Macht in der internationalen Containerschifffahrt<\/p>\n<blockquote><p>auf freie und friedliche Seewege angewiesen<\/p><\/blockquote>\n<p>ist.\u00a0Und dann lie\u00df Kramp-Karrenbauer die Katze endlich aus dem Sack:<\/p>\n<blockquote><p>Dazu geh\u00f6rt letztendlich auch die Bereitschaft, gemeinsam mit unseren Verb\u00fcndeten und Partnern das Spektrum milit\u00e4rischer Mittel wenn n\u00f6tig auszusch\u00f6pfen.&#8220; Denn: &#8222;Unsere Partner im Indo-Pazifischen Raum \u2013 allen voran Australien, Japan und S\u00fcdkorea, aber auch Indien \u2013 f\u00fchlen sich von Chinas Machtanspruch zunehmend bedr\u00e4ngt. Sie w\u00fcnschen sich ein klares Zeichen der Solidarit\u00e4t. F\u00fcr geltendes internationales Recht, f\u00fcr unversehrtes Territorium, f\u00fcr freie Schifffahrt. Es ist an der Zeit, dass Deutschland auch ein solches Zeichen setzt, indem wir mit unseren Verb\u00fcndeten Pr\u00e4senz in der Region zeigen.<\/p><\/blockquote>\n<p>Und dies alles hat nat\u00fcrlich seinen Preis &#8230;<\/p>\n<p>Zur Erinnerung: Noch vor wenigen Jahren wurde Bundespr\u00e4sident K\u00f6hler wegen ganz \u00e4hnlicher S\u00e4tze prompt gezwungen, seinen Hut zu nehmen! Dass dies mittlerweile von der gesamten \u00d6ffentlichkeit nahezu widerstandslos geschluckt wird, d\u00fcrfte nicht zuletzt daran liegen, dass sie nun weichgesp\u00fclt und in Watte gepackt daherkommen. Und daf\u00fcr ist offenbar niemand besser geeignet als \u2013 AKK!<\/p>\n<div id=\"attachment_14408\" style=\"width: 1000px\" class=\"wp-caption aligncenter\"><img loading=\"lazy\" decoding=\"async\" aria-describedby=\"caption-attachment-14408\" class=\"size-full wp-image-14408\" src=\"https:\/\/www.friedenkoeln.de\/wp-content\/uploads\/2019\/11\/verantwortung_kol.jpg\" alt=\"In drei kleinen Skizzen sind Kampfflugzeuge, Panzer und Kriegssschiffe mit deutscher Flagge dargestellt, wie sie jeweils aus allen Rohren feuern.\" width=\"990\" height=\"691\" srcset=\"https:\/\/www.friedenkoeln.de\/wp-content\/uploads\/2019\/11\/verantwortung_kol.jpg 990w, https:\/\/www.friedenkoeln.de\/wp-content\/uploads\/2019\/11\/verantwortung_kol-150x105.jpg 150w, https:\/\/www.friedenkoeln.de\/wp-content\/uploads\/2019\/11\/verantwortung_kol-768x536.jpg 768w\" sizes=\"auto, (max-width: 990px) 100vw, 990px\" \/><p id=\"caption-attachment-14408\" class=\"wp-caption-text\">&#8222;Wir m\u00fcssen in der Welt!&#8220; &#8222;Endlich mehr!&#8220; &#8222;Verantwortung \u00fcbernehmen!&#8220;. Karikatur von Klaus Stuttmann vom 27.11.2019. Quelle: https:\/\/www.stuttmann-karikaturen.de\/karikatur\/7238<\/p><\/div>\n<p>Dass Annegret Kramp-Karrenbauer ihre Grundsatzrede der \u00d6ffentlichkeit ausgerechnet am 7. November und damit zwei Tage vor dem 30. Jahrestag des Mauerfalles pr\u00e4sentierte, das ist \u2013 man darf sich das aussuchen \u2013 entweder der Dummheit, Gedankenlosigkeit oder dem Zynismus geschuldet. In jedem Falle war es AKKs vergiftete Morgengabe zum gro\u00dfen Jubil\u00e4um eines Tages, der, wie wir heute wissen, der Ausgangspunkt zur Wiedervereinigung wurde.<\/p>\n<p>Es sei daher an dieser Stelle ins Ged\u00e4chtnis gerufen, dass das wiedervereinigte Deutschland sich im Rahmen des Zwei-plus-Vier-Vertrages verpflichtet hat, seine Armee und seine Waffen <em>ausschlie\u00dflich zur Selbstverteidigung<\/em> einzusetzen. Was nat\u00fcrlich nur funktioniert, wenn man den Begriff &#8222;Verteidigung&#8220; bis zur Unkenntlichkeit aufbl\u00e4ht: Wurde die Sicherheit Deutschlands in den Nullerjahren am Hindukusch verteidigt, so ist es heute Mali und morgen wird es, laut Verteidigungsministerin, der indopazifische Raum sein. Mit einem Wort: Deutschlands Sicherheit wird demn\u00e4chst global verteidigt!<\/p>\n<p>Es kommt also eine Menge Arbeit auf die Truppe zu, weshalb die Bundeswehr nun auch so immens aufger\u00fcstet werden muss, dass nach Erreichen des Zwei-Prozent-Ziels \u2013 von gegenw\u00e4rtig 43 auf circa 80 Milliarden Euro im Jahre 2031 \u2013 allein der deutsche R\u00fcstungshaushalt den gegenw\u00e4rtigen der Russischen F\u00f6deration getoppt haben wird!<em>\u00a0<\/em><\/p>\n<p>Es entbehrt nicht bitterer Ironie, dass vor kurzem kein Geringerer als Michail Gorbatschow, dem die deutschen Leitmedien anl\u00e4sslich des Mauerfalljubil\u00e4ums ein kurzes, zeitlich limitiertes Comeback gew\u00e4hrten, in seinem vom Mainstream immer noch weitgehend ignorierten Buch &#8222;Was jetzt auf dem Spiel steht \u2013 Mein Aufruf f\u00fcr Frieden und Freiheit&#8220; eine politische Ethik der globalisierten Welt skizziert hat, die sich hervorragend als Kontrastfolie zum weichgesp\u00fclten Imperialismus im deutschen Aufr\u00fcstungsmatriarchat eignet.<\/p>\n<p>Differenzen zwischen Staaten d\u00fcrfen, seinem Credo gem\u00e4\u00df, einzig und allein mit friedlichen Mitteln beigelegt werden, mit Hilfe von Dialog und Verhandlungen.<\/p>\n<blockquote><p>Der einzige Schiedsrichter, der das Recht hat, die Anwendung von Gewalt in Ausnahmef\u00e4llen zu erlauben, um Aggressionen abzuwehren, sind die Vereinten Nationen. Milit\u00e4raktionen von Staaten, die sich selbst in der Rolle des Weltpolizisten sehen, sind inakzeptabel. Die R\u00fcstungspolitik muss sich daran orientieren, was unter vern\u00fcnftigen Bedingungen notwendig ist zur eigenen Verteidigung.<\/p><\/blockquote>\n<p>Die Beziehungen zwischen den Staaten \u2013 alten wie neuen, gro\u00dfen wie kleinen \u2013 m\u00fcssen, laut Gorbatschow, auf Interessenausgleich basieren. Es sollten daher, ein kleiner Seitenhieb auf NATO-Osterweiterung und Ukraine-Krieg, nicht nur die jeweils eigenen Interessen ber\u00fccksichtigt werden, sondern auch die Interessen anderer L\u00e4nder. &#8222;<em>Und das nicht nur auf bilateraler Ebene.<\/em>&#8220; Jedes Land m\u00fcsse selbst entscheiden d\u00fcrfen, welchen Weg es gehen wolle. Kein Land d\u00fcrfe einem anderen sein eigenes Verst\u00e4ndnis von Demokratie aufzwingen \u2013 schon gar nicht mit Waffengewalt! Kurz:<\/p>\n<blockquote><p>Moral, universelle Werte, Achtung vor dem Individuum, vor der W\u00fcrde des Menschen \u2013 all das muss zu einem integralen Bestandteil der Weltpolitik werden.<\/p><\/blockquote>\n<p>Was der Vater der Wiedervereinigung, Michail Gorbatschow, zur aktuellen Milit\u00e4rpolitik des wiedervereinten Deutschland sagen w\u00fcrde, kann sich nun jeder an f\u00fcnf Fingern abz\u00e4hlen!<\/p>\n<div class=\"article__date\">\n<hr \/>\n<\/div>\n<div class=\"article__short-url\">\n<div class=\"short-url\">\n<div class=\"article__text \">\n<p><i>Dr. Leo Ensel (\u201eLook at the other side!\u201c) ist Konfliktforscher und interkultureller Trainer mit Schwerpunkt \u201ePostsowjetischer Raum und Mittel-\/Ost-Europa\u201c. Er ist Autor einer Reihe von Studien \u00fcber die wechselseitige Wahrnehmung von Russen und Deutschen. <\/i><em>Wir bedanken uns ihm f\u00fcr die M\u00f6glichkeit des Abdrucks. Der Text wurde zuerst am 17.11.2019 bei RT Deutsch ver\u00f6ffentlicht.<\/em><\/p>\n<\/div>\n<\/div>\n<\/div>\n<\/div>\n<\/div>\n<\/div>\n","protected":false},"excerpt":{"rendered":"<p>&#8222;Verl\u00e4sslichkeit&#8220;, &#8222;Solidarit\u00e4t&#8220;, &#8222;Selbstvertrauen&#8220; \u2013 AKKs Grundsatzrede an der M\u00fcnchner Bundeswehrhochschule demonstrierte: Harmloser k\u00f6nnten Aufr\u00fcstung und Kriegsvorbereitung nun wirklich nicht pr\u00e4sentiert werden. Und wirkungsvoller auch nicht! von Leo Ensel Man t\u00e4usche sich nicht: Auch wenn&#46;&#46;&#46;<\/p>\n","protected":false},"author":110,"featured_media":0,"comment_status":"open","ping_status":"open","sticky":false,"template":"","format":"standard","meta":{"footnotes":""},"categories":[107],"tags":[153,70,48,130,91,76],"class_list":["post-14400","post","type-post","status-publish","format-standard","hentry","category-kommentar","tag-aufruestung","tag-auslandseinsaetze-der-bundeswehr","tag-bundeswehr","tag-ruestungsindustrie","tag-voelkerrecht","tag-wirtschaft"],"_links":{"self":[{"href":"https:\/\/www.friedenkoeln.de\/index.php?rest_route=\/wp\/v2\/posts\/14400","targetHints":{"allow":["GET"]}}],"collection":[{"href":"https:\/\/www.friedenkoeln.de\/index.php?rest_route=\/wp\/v2\/posts"}],"about":[{"href":"https:\/\/www.friedenkoeln.de\/index.php?rest_route=\/wp\/v2\/types\/post"}],"author":[{"embeddable":true,"href":"https:\/\/www.friedenkoeln.de\/index.php?rest_route=\/wp\/v2\/users\/110"}],"replies":[{"embeddable":true,"href":"https:\/\/www.friedenkoeln.de\/index.php?rest_route=%2Fwp%2Fv2%2Fcomments&post=14400"}],"version-history":[{"count":7,"href":"https:\/\/www.friedenkoeln.de\/index.php?rest_route=\/wp\/v2\/posts\/14400\/revisions"}],"predecessor-version":[{"id":14409,"href":"https:\/\/www.friedenkoeln.de\/index.php?rest_route=\/wp\/v2\/posts\/14400\/revisions\/14409"}],"wp:attachment":[{"href":"https:\/\/www.friedenkoeln.de\/index.php?rest_route=%2Fwp%2Fv2%2Fmedia&parent=14400"}],"wp:term":[{"taxonomy":"category","embeddable":true,"href":"https:\/\/www.friedenkoeln.de\/index.php?rest_route=%2Fwp%2Fv2%2Fcategories&post=14400"},{"taxonomy":"post_tag","embeddable":true,"href":"https:\/\/www.friedenkoeln.de\/index.php?rest_route=%2Fwp%2Fv2%2Ftags&post=14400"}],"curies":[{"name":"wp","href":"https:\/\/api.w.org\/{rel}","templated":true}]}}