{"id":14413,"date":"2019-11-26T23:47:54","date_gmt":"2019-11-26T21:47:54","guid":{"rendered":"https:\/\/www.friedenkoeln.de\/?p=14413"},"modified":"2019-11-26T23:47:54","modified_gmt":"2019-11-26T21:47:54","slug":"harald-fuchs-an-polit-wg-wdr-5-in-ihrer-sendung-ueber-deutschlands-aufruestung-fehlten-die-wirklich-wichtigen-fragen","status":"publish","type":"post","link":"https:\/\/www.friedenkoeln.de\/?p=14413","title":{"rendered":"Harald Fuchs an &#8222;Polit-WG&#8220; (WDR 5): &#8222;In Ihrer Sendung \u00fcber Deutschlands Aufr\u00fcstung fehlten die wirklich wichtigen Fragen!&#8220;"},"content":{"rendered":"<div class=\"\">\n<div>\n<div class=\"\">\n<div class=\"\">\n<div class=\"moz-forward-container\">\n<p><em>Unser Mitglied Harald Fuchs schrieb den folgenden H\u00f6rerbrief an die &#8222;Polit-WG&#8220;. Diese Radiosendung lief am 23.11.2019 auf WDR 5 zum Thema &#8222;Muss Deutschland aufr\u00fcsten?&#8220; mit den H\u00f6rfunkjournalist*innen Julia Borutta, Lucas Kreling und Markus Sambale.<\/em><\/p>\n<\/div>\n<\/div>\n<\/div>\n<\/div>\n<\/div>\n<div class=\"\">\n<div class=\"\">\n<div class=\"\">\n<div class=\"moz-forward-container\">\n<hr \/>\n<p class=\"\">Sehr geehrte Damen und Herren,<\/p>\n<p class=\"\">in Ihrer Sendung &#8222;Muss Deutschland aufr\u00fcsten?&#8220; fehlten die wirklich wichtigen Fragen:<\/p>\n<ul>\n<li>K\u00f6nnen wir uns angesichts der Herausforderungen der Klima-Krise noch mehr Geld f\u00fcrs Milit\u00e4r leisten?<\/li>\n<li>Wie sieht der \u00f6kologische Fu\u00dfabdruck von R\u00fcstung und Milit\u00e4reins\u00e4tzen aus?<\/li>\n<li>Ist noch mehr R\u00fcstung moralisch zu rechtfertigen in einer Welt, in der immer noch Kinder verhungern, was mit einem Bruchteil der derzeitigen Milit\u00e4rausgaben verhindert werden k\u00f6nnte?<\/li>\n<li>Was wird mit den Waffen gemacht, die nach Saudi-Arabien exportiert werden?<\/li>\n<li>Hat der Krieg gegen den Terror nicht zu noch mehr Terror gef\u00fchrt?<\/li>\n<li>Welchen Einfluss hat die Lobby der R\u00fcstungsindustrie in der Politik?<\/li>\n<\/ul>\n<p>Wenn zu diesem Thema derartige Fragen gar nicht gestellt werden, dann ist Ihre Sendung zwar vielleicht meinungstark f\u00fcr Aufr\u00fcstung. Als w\u00e4ren wir nicht schon massiv aufger\u00fcstet.<\/p>\n<div id=\"attachment_13447\" style=\"width: 319px\" class=\"wp-caption alignright\"><img loading=\"lazy\" decoding=\"async\" aria-describedby=\"caption-attachment-13447\" class=\" wp-image-13447\" src=\"https:\/\/www.friedenkoeln.de\/wp-content\/uploads\/2019\/03\/20170708-_DSC4790.jpg\" alt=\"Ein \u00e4lterer Mann schaut skeptisch am Fotografen vorbei. Er hat ein sommerlich gebr\u00e4untes Gesicht und sch\u00fcttere hellgraue Haare.\" width=\"309\" height=\"413\" srcset=\"https:\/\/www.friedenkoeln.de\/wp-content\/uploads\/2019\/03\/20170708-_DSC4790.jpg 398w, https:\/\/www.friedenkoeln.de\/wp-content\/uploads\/2019\/03\/20170708-_DSC4790-112x150.jpg 112w\" sizes=\"auto, (max-width: 309px) 100vw, 309px\" \/><p id=\"caption-attachment-13447\" class=\"wp-caption-text\">Harald Fuchs beim Flaggentag der Mayors for Peace K\u00f6ln 2017. Foto (Ausschnitt): Herbert Sauerwein.<\/p><\/div>\n<p class=\"\">Was aber fehlt, ist der Tiefgang.<\/p>\n<p class=\"\">Eben, die wirklich wichtigen Fragen zu stellen.<\/p>\n<p class=\"\">Wie w\u00e4re es, wenn Sie mal einen Pazifisten oder eine Pazifistin zu dieser Sendung mit diesem Thema zur Mitdiskussion eingeladen h\u00e4tten?<\/p>\n<p class=\"\">Es geht bei &#8222;Milit\u00e4reins\u00e4tzen&#8220; und &#8222;Einmischung&#8220; um tote, verletzte, kriegstraumatisierte Menschen, Zerst\u00f6rungen und \u00f6kologische Verw\u00fcstungen, abgesehen von sehr viel Geld.<\/p>\n<p class=\"\">War diese Diskussion mit ihrer besch\u00f6nigenden, verharmlosenden Sprache das, was Sie unter Aufkl\u00e4rung und Pluralismus verstehen?<\/p>\n<p class=\"\">Mit besorgten Gr\u00fc\u00dfen<\/p>\n<p class=\"\">Harald Fuchs<\/p>\n<\/div>\n<div class=\"episode-description\" data-v-775e3b2b=\"\">\n<hr \/>\n<p tabindex=\"0\" data-v-775e3b2b=\"\" aria-label=\"Episodenzusammenfassung: Eine Schutzzone in Nordsyrien, eine Fregatte im S\u00fcdchinesischen Meer - unsere Verteidigungsministerin z\u00fcndet eine kreative Idee nach der anderen, um Deutschland als globalen Player in Sicherheitsfragen nach vorne zu bringen. H\u00f6chste Zeit, dass Deutschland seinem Gewicht in der EU auch milit\u00e4risch gerecht wird?\"><em>&#8222;Eine Schutzzone in Nordsyrien, eine Fregatte im S\u00fcdchinesischen Meer &#8211; unsere Verteidigungsministerin z\u00fcndet eine kreative Idee nach der anderen, um Deutschland als globalen Player in Sicherheitsfragen nach vorne zu bringen. H\u00f6chste Zeit, dass Deutschland seinem Gewicht in der EU auch milit\u00e4risch gerecht wird?&#8220; lautet die Ank\u00fcndigung der Sendung auf der Internetseite des WDR. Die Sendung kann in der <a href=\"https:\/\/audiothek.ardmediathek.de\/items\/69218688\">ARD Audiothek<\/a> angeh\u00f6rt werden.<\/em><\/p>\n<\/div>\n<\/div>\n<\/div>\n<\/div>\n","protected":false},"excerpt":{"rendered":"<p>Unser Mitglied Harald Fuchs schrieb den folgenden H\u00f6rerbrief an die &#8222;Polit-WG&#8220;. Diese Radiosendung lief am 23.11.2019 auf WDR 5 zum Thema &#8222;Muss Deutschland aufr\u00fcsten?&#8220; mit den H\u00f6rfunkjournalist*innen Julia Borutta, Lucas Kreling und Markus Sambale.&#46;&#46;&#46;<\/p>\n","protected":false},"author":110,"featured_media":0,"comment_status":"open","ping_status":"open","sticky":false,"template":"","format":"standard","meta":{"footnotes":""},"categories":[141],"tags":[153,110,47,81,36,37],"class_list":["post-14413","post","type-post","status-publish","format-standard","hentry","category-brief","tag-aufruestung","tag-klima","tag-krieg-gegen-terror","tag-medien","tag-oekologie-und-frieden","tag-ruestungsexporte"],"_links":{"self":[{"href":"https:\/\/www.friedenkoeln.de\/index.php?rest_route=\/wp\/v2\/posts\/14413","targetHints":{"allow":["GET"]}}],"collection":[{"href":"https:\/\/www.friedenkoeln.de\/index.php?rest_route=\/wp\/v2\/posts"}],"about":[{"href":"https:\/\/www.friedenkoeln.de\/index.php?rest_route=\/wp\/v2\/types\/post"}],"author":[{"embeddable":true,"href":"https:\/\/www.friedenkoeln.de\/index.php?rest_route=\/wp\/v2\/users\/110"}],"replies":[{"embeddable":true,"href":"https:\/\/www.friedenkoeln.de\/index.php?rest_route=%2Fwp%2Fv2%2Fcomments&post=14413"}],"version-history":[{"count":6,"href":"https:\/\/www.friedenkoeln.de\/index.php?rest_route=\/wp\/v2\/posts\/14413\/revisions"}],"predecessor-version":[{"id":14420,"href":"https:\/\/www.friedenkoeln.de\/index.php?rest_route=\/wp\/v2\/posts\/14413\/revisions\/14420"}],"wp:attachment":[{"href":"https:\/\/www.friedenkoeln.de\/index.php?rest_route=%2Fwp%2Fv2%2Fmedia&parent=14413"}],"wp:term":[{"taxonomy":"category","embeddable":true,"href":"https:\/\/www.friedenkoeln.de\/index.php?rest_route=%2Fwp%2Fv2%2Fcategories&post=14413"},{"taxonomy":"post_tag","embeddable":true,"href":"https:\/\/www.friedenkoeln.de\/index.php?rest_route=%2Fwp%2Fv2%2Ftags&post=14413"}],"curies":[{"name":"wp","href":"https:\/\/api.w.org\/{rel}","templated":true}]}}