{"id":14444,"date":"2019-12-06T07:00:35","date_gmt":"2019-12-06T05:00:35","guid":{"rendered":"https:\/\/www.friedenkoeln.de\/?p=14444"},"modified":"2019-12-05T17:03:37","modified_gmt":"2019-12-05T15:03:37","slug":"frieden-fuer-syrien-einsichten-von-karin-leukefeld-und-memo-sahin","status":"publish","type":"post","link":"https:\/\/www.friedenkoeln.de\/?p=14444","title":{"rendered":"Frieden f\u00fcr Syrien: Einsichten von Karin Leukefeld und Memo Sahin"},"content":{"rendered":"<p><em>Von Stefanie Intveen.<\/em><\/p>\n<p>Karin Leukefeld,\u00a0Nahostkorrespondentin und Regionalanalystin, und\u00a0Memo Sahin, Dialog-Kreis \u201eDie Zeit ist reif f\u00fcr eine politische L\u00f6sung im Konflikt zwischen T\u00fcrken und Kurden\u201d, trugen am 27. November 2019 im voll besetzten Gro\u00dfen Saal der Alten Feuerwache in K\u00f6ln ihre nicht immer deckungsgleichen Einsichten in den Syrienkrieg vor.<\/p>\n<p><a href=\"https:\/\/r-mediabase.eu\/frieden-fuer-syrien\/\">R-mediabase<\/a> hat die beiden einf\u00fchrenden Vortr\u00e4ge auf <a href=\"https:\/\/youtu.be\/YGhbNw8nIRg\">Video<\/a> dokumentiert und schreibt dazu:<\/p>\n<blockquote><p>Deutschland spielt im Syrien-Konflikt eine chaotische Rolle und spekuliert wie andere auf einen v\u00f6lkerrechtswidrigen \u201eRegime Change\u201c. Verteidigungsministerin Annegret Kramp-Karrenbauer erw\u00e4gt gar eine deutsche und europ\u00e4ische milit\u00e4rische Interventionen in Syrien, um eine Schutzzone in den kurdischen Gebieten zu errichten. Der syrische Pr\u00e4sident Baschar al-Assad lehnt das ab und zeigt mit Russland, dass es auch anders gehen kann.<\/p><\/blockquote>\n<div id=\"attachment_14446\" style=\"width: 425px\" class=\"wp-caption alignright\"><img loading=\"lazy\" decoding=\"async\" aria-describedby=\"caption-attachment-14446\" class=\" wp-image-14446\" src=\"https:\/\/www.friedenkoeln.de\/wp-content\/uploads\/2019\/12\/fullsizeoutput_14fc-scaled.jpeg\" alt=\"Hinter einem langen Tisch sitzen ein \u00e4lterer Herr, eine schlanke rothaarige und eine \u00e4ltere, etwas korpulente grauhaarige Frau in einem t\u00fcrkisfarbenen Pullover. Der Tisch ist vorn mit einem Transparant &quot;Macht Frieden. Zivile L\u00f6sungen f\u00fcr Syrien&quot; verdeckt. Im Hintergrund h\u00e4ngt ein Transparent &quot;Grenzen \u00f6ffnen f\u00fcr Menschen. Grenzen schlie\u00dfen f\u00fcr Waffen.&quot;\" width=\"415\" height=\"378\" srcset=\"https:\/\/www.friedenkoeln.de\/wp-content\/uploads\/2019\/12\/fullsizeoutput_14fc-scaled.jpeg 2560w, https:\/\/www.friedenkoeln.de\/wp-content\/uploads\/2019\/12\/fullsizeoutput_14fc-150x137.jpeg 150w, https:\/\/www.friedenkoeln.de\/wp-content\/uploads\/2019\/12\/fullsizeoutput_14fc-768x700.jpeg 768w, https:\/\/www.friedenkoeln.de\/wp-content\/uploads\/2019\/12\/fullsizeoutput_14fc-1536x1400.jpeg 1536w, https:\/\/www.friedenkoeln.de\/wp-content\/uploads\/2019\/12\/fullsizeoutput_14fc-2048x1867.jpeg 2048w\" sizes=\"auto, (max-width: 415px) 100vw, 415px\" \/><p id=\"caption-attachment-14446\" class=\"wp-caption-text\">Memo Sahin, Isabelle Casel und Karin Leukefeld am 27.11.2019 bei &#8222;Frieden f\u00fcr Syrein&#8220; in der Alten Feuerwache in K\u00f6ln. Foto: Stefanie Intveen<\/p><\/div>\n<p>Leukefeld zufolge sind viele Beobachter der Ansicht, dass der Krieg schon l\u00e4ngst zu Ende gegangen w\u00e4re, wenn man die Syrer dabei unterst\u00fctzt h\u00e4tte, ihre Konflikte selbst zu l\u00f6sen, und wenn man sie nicht dabei unterst\u00fctzt h\u00e4tte, ihre Konflikte zu eskalieren.<\/p>\n<p>Wegen der ungel\u00f6sten Interessengegens\u00e4tze der in Syrien agierenden Gro\u00df- und Regionalm\u00e4chte gehen Memo Sahin und Karin Leukefeld davon aus, dass die milit\u00e4rischen Konflikte weitergehen.<\/p>\n<p>Memo Sahin erinnerte daran, dass es der damalige Bundesau\u00dfenminister Frank-Walter Steinmeier war, der daf\u00fcr gesorgt habe, dass die syrischen Kurden, welche jetzt etwa 25% des syrischen Territoriums kontrollierten, nicht zu den Friedensverhandlungen in Genf zugelassen worden seien. Er erhob schwere Vorw\u00fcrfe gegen die Bundesregierung, die sowohl die t\u00fcrkische Armee als auch islamistische Verb\u00e4nde etwa im syrischen Idlib unterst\u00fctzen w\u00fcrde. Der seit Hundert Jahren bestehende Konsens zwischen der T\u00fcrkei, Russland, dem Iran und Irak dar\u00fcber, dass das Selbstbestimmungsrecht der V\u00f6lker nicht f\u00fcr die Kurden gelte, werde von den NATO-Staaten geteilt.<\/p>\n<p>Karin Leukefeld wies auf US-amerikanische Teilungspl\u00e4ne f\u00fcr Syrien und daraus absehbares zus\u00e4tzliches Konfliktpotenzial hin. Die Friedensbewegung solle darauf achten, nicht einseitig Partei zu ergreifen, sondern die berechtigten Interessen aller Menschen in der Region im Blick zu behalten, empfahl sie. Friedensgruppen sollen ihrer Ansicht nach fordern, die Einmischung in die inneren Angelegenheiten Syriens zu unterlassen, den Dialog zwischen den Gegnern zu f\u00f6rdern und die Sanktionen zu beenden.<\/p>\n<p>Die <a href=\"https:\/\/www.friedenkoeln.de\/?p=14374\">Veranstalter<\/a> waren: abr\u00fcsten statt aufr\u00fcsten K\u00f6ln: DFG-VK Gruppe K\u00f6ln, K\u00f6lner Friedensforum, AG-FIP DIE LINKE K\u00f6ln, aufstehen f\u00fcr Frieden, DIDF, sowie Bonner Friedensb\u00fcndnis, Wendepunkt \u2013 Sozialisten an der Uni K\u00f6ln, T\u00fcday Menschenrechtsverein T\u00fcrkei\/Deutschland, Plenum Frieden und Freiheit f\u00fcr die T\u00fcrkei und Kurdistan.<\/p>\n","protected":false},"excerpt":{"rendered":"<p>Von Stefanie Intveen. Karin Leukefeld,\u00a0Nahostkorrespondentin und Regionalanalystin, und\u00a0Memo Sahin, Dialog-Kreis \u201eDie Zeit ist reif f\u00fcr eine politische L\u00f6sung im Konflikt zwischen T\u00fcrken und Kurden\u201d, trugen am 27. November 2019 im voll besetzten Gro\u00dfen Saal&#46;&#46;&#46;<\/p>\n","protected":false},"author":110,"featured_media":0,"comment_status":"open","ping_status":"open","sticky":false,"template":"","format":"standard","meta":{"footnotes":""},"categories":[105],"tags":[161,70,68,48,99,129,93,91],"class_list":["post-14444","post","type-post","status-publish","format-standard","hentry","category-bericht","tag-angriffskrieg","tag-auslandseinsaetze-der-bundeswehr","tag-bundesregierung","tag-bundeswehr","tag-menschenrechte","tag-regime-change","tag-selbstbestimmungsrecht-der-voelker","tag-voelkerrecht"],"_links":{"self":[{"href":"https:\/\/www.friedenkoeln.de\/index.php?rest_route=\/wp\/v2\/posts\/14444","targetHints":{"allow":["GET"]}}],"collection":[{"href":"https:\/\/www.friedenkoeln.de\/index.php?rest_route=\/wp\/v2\/posts"}],"about":[{"href":"https:\/\/www.friedenkoeln.de\/index.php?rest_route=\/wp\/v2\/types\/post"}],"author":[{"embeddable":true,"href":"https:\/\/www.friedenkoeln.de\/index.php?rest_route=\/wp\/v2\/users\/110"}],"replies":[{"embeddable":true,"href":"https:\/\/www.friedenkoeln.de\/index.php?rest_route=%2Fwp%2Fv2%2Fcomments&post=14444"}],"version-history":[{"count":6,"href":"https:\/\/www.friedenkoeln.de\/index.php?rest_route=\/wp\/v2\/posts\/14444\/revisions"}],"predecessor-version":[{"id":14453,"href":"https:\/\/www.friedenkoeln.de\/index.php?rest_route=\/wp\/v2\/posts\/14444\/revisions\/14453"}],"wp:attachment":[{"href":"https:\/\/www.friedenkoeln.de\/index.php?rest_route=%2Fwp%2Fv2%2Fmedia&parent=14444"}],"wp:term":[{"taxonomy":"category","embeddable":true,"href":"https:\/\/www.friedenkoeln.de\/index.php?rest_route=%2Fwp%2Fv2%2Fcategories&post=14444"},{"taxonomy":"post_tag","embeddable":true,"href":"https:\/\/www.friedenkoeln.de\/index.php?rest_route=%2Fwp%2Fv2%2Ftags&post=14444"}],"curies":[{"name":"wp","href":"https:\/\/api.w.org\/{rel}","templated":true}]}}