{"id":14467,"date":"2019-12-20T18:06:08","date_gmt":"2019-12-20T16:06:08","guid":{"rendered":"https:\/\/www.friedenkoeln.de\/?p=14467"},"modified":"2019-12-20T18:48:53","modified_gmt":"2019-12-20T16:48:53","slug":"koelner-aktionsbuendnis-in-gew-mitgliederzeitschrift-welche-erfahrungen-haben-sie-mit-der-bundeswehr","status":"publish","type":"post","link":"https:\/\/www.friedenkoeln.de\/?p=14467","title":{"rendered":"K\u00f6lner Aktionsb\u00fcndnis in GEW-Mitgliederzeitschrift: Welche Erfahrungen haben Sie mit der Bundeswehr?"},"content":{"rendered":"<p><em>Das &#8222;<a href=\"https:\/\/www.friedenkoeln.de\/?page_id=13123\">K\u00f6lner Aktionsb\u00fcndnis gegen die Rekrutierung Minderj\u00e4hriger durch die Bundeswehr<\/a>&#8220; stellt sich in der aktuellen Ausgabe des &#8222;forum&#8220; vor. \u00a0Das &#8222;forum&#8220; ist die viertelj\u00e4hrlich erscheinende Mitgliederzeitschrift des Stadtverbands K\u00f6ln der Gewerkschaft Erziehung und Wissenschaft (GEW). Es folgt der <a href=\"https:\/\/www.friedenkoeln.de\/wp-content\/uploads\/2019\/12\/forum_04_2019.pdf\">Artikel<\/a> im Wortlaut.<\/em><\/p>\n<h4>Bundeswehr rekrutiert Jugendliche. K\u00f6lner Aktionsb\u00fcndnis fordert Ende der Milit\u00e4rwerbung an Schulen.<\/h4>\n<p>Viele Soldatinnen und Soldaten der Bundeswehr sind sehr jung. Eltern sind oft \u00fcberrascht, wenn sie merken, auf wie vielen und welchen Kan\u00e4len die Bundeswehr ihre Kinder anspricht. Im Alltag von Erwachsenen l\u00e4sst sich das nicht ohne weiteres erkennen.<\/p>\n<p>2018 waren 1.679 Rekrut*innen &#8211; das sind 8,1 Prozent der Neueinstellungen &#8211; sogar erst siebzehn, wie der Wehrbeauftragte des Deutschen Bundestages berichtet. Die Rekrutierung Minderj\u00e4hriger wird seit Jahren von den Vereinten Nationen, dem Kinderausschuss des Deutschen Bundestages und sogar vom Wehrbeauftragten kritisiert.<\/p>\n<div id=\"attachment_14471\" style=\"width: 472px\" class=\"wp-caption alignright\"><img loading=\"lazy\" decoding=\"async\" aria-describedby=\"caption-attachment-14471\" class=\" wp-image-14471\" src=\"https:\/\/www.friedenkoeln.de\/wp-content\/uploads\/2019\/12\/IMG_1256-scaled.jpg\" alt=\"Ein Gro\u00dfplakat mit olivgr\u00fcnem Tarnfleck-Design an einer Stra\u00dfe. Im Hintergrund sind B\u00e4ume und gr\u00f6\u00dfere Flachbauten zu sehen.\" width=\"462\" height=\"346\" srcset=\"https:\/\/www.friedenkoeln.de\/wp-content\/uploads\/2019\/12\/IMG_1256-scaled.jpg 2560w, https:\/\/www.friedenkoeln.de\/wp-content\/uploads\/2019\/12\/IMG_1256-150x113.jpg 150w, https:\/\/www.friedenkoeln.de\/wp-content\/uploads\/2019\/12\/IMG_1256-768x576.jpg 768w, https:\/\/www.friedenkoeln.de\/wp-content\/uploads\/2019\/12\/IMG_1256-1536x1152.jpg 1536w, https:\/\/www.friedenkoeln.de\/wp-content\/uploads\/2019\/12\/IMG_1256-2048x1536.jpg 2048w\" sizes=\"auto, (max-width: 462px) 100vw, 462px\" \/><p id=\"caption-attachment-14471\" class=\"wp-caption-text\">&#8222;Jetzt Abi, marsch!&#8220; &#8211; Plakatwerbung der Bundeswehr neben dem Barbara-von-Sell Berufskolleg und der Edith-Stein-Realschule in K\u00f6ln Nippes im April 2018. Foto: Stefanie Intveen.<\/p><\/div>\n<p>Um diesen Missstand auch in K\u00f6ln zu thematisieren, haben sich 2018 sechs Organisationen zum \u201eK\u00f6lner Aktionsb\u00fcndnis gegen die Rekrutierung Minderj\u00e4hriger durch die Bundeswehr\u201c zusammengeschlossen. Sie fordern, die Rekrutierung Minderj\u00e4hriger zu stoppen und es zu unterlassen, gezielt Kinder und Jugendliche zu umwerben. Dieselben Forderungen erheben der K\u00f6lner Jugendring gem\u00e4\u00df seinem Beschluss vom 17.5.2018 und auf Bundesebene die Kampagne \u201eUnter 18 nie! Keine Minderj\u00e4hrigen in der Bundeswehr!\u201c, zu deren Tr\u00e4gerorganisationen die GEW geh\u00f6rt.<\/p>\n<p>Als K\u00f6lner B\u00fcndnis haben wir zahlreiche Weiterf\u00fchrende Schulen in einem Brief auf die kritikw\u00fcrdige Rekrutierung Jugendlicher aufmerksam gemacht. Au\u00dferdem \u00fcbergaben wir den Konzernzentralen von Google Deutschland in Hamburg und der Str\u00f6er AG in K\u00f6ln jeweils einen Brief, in dem wir die beiden Unternehmen an ihre gesellschaftliche Verantwortung erinnerten. Beide k\u00f6nnen auf die Platzierung der Bundeswehr-Werbung Einfluss nehmen. Mit Str\u00f6er fand ein l\u00e4ngeres Gespr\u00e4ch statt, in dem wir auch die M\u00f6glichkeit von \u201eBannmeilen\u201c f\u00fcr Milit\u00e4rwerbung rund um Kinder- und Jugendeinrichtungen diskutierten.<\/p>\n<p>Str\u00f6er zeigte im September 2019 wieder Bundeswehr-Gro\u00dfplakate ganz in der N\u00e4he K\u00f6lner Schulen. Es ist also nicht mit einem Brief und einem Gespr\u00e4ch getan. Wir freuen uns daher \u00fcber Menschen, die Lust und Zeit mitbringen, um gemeinsam mit uns in K\u00f6ln den kritischen Dialog mit Unternehmen, der Stadtverwaltung, der Politik, aber auch den Vertretungen der Eltern, der Lehrer*innen und Sch\u00fcler*innen weiterzuf\u00fchren. Auch freuen wir uns \u00fcber Ihre Erfahrungsberichte: hatten Sie als Eltern oder Lehrkr\u00e4fte mit der Bundeswehr zu tun? Was ist Ihr Eindruck?<\/p>\n<h4>K\u00f6lner Aktionsb\u00fcndnis gegen die Rekrutierung Minderj\u00e4hriger durch die Bundeswehr<\/h4>\n<p><span style=\"text-decoration: underline;\">Mitglieder<\/span>:<\/p>\n<ul>\n<li>Deutsche Friedensgesellschaft \u2013 Vereinigte KriegsdienstgegnerInnen e. V. (DFG-VK) Gruppe K\u00f6ln<\/li>\n<li>Evangelische Sch\u00fcler*- und Sch\u00fclerinnen*arbeit im Rheinland e.V. (ESR), K\u00f6ln<\/li>\n<li>Gewerkschaft Erziehung und Wissenschaft (GEW), Stadtverband K\u00f6ln<\/li>\n<li>Pax Christi K\u00f6ln<\/li>\n<li>Religi\u00f6se Gesellschaft der Freunde (Qu\u00e4ker), Bezirk Rhein- \u2028Ruhr<\/li>\n<li>terre des hommes (tdh) Ortsgruppe K\u00f6ln<\/li>\n<\/ul>\n<p><span style=\"text-decoration: underline;\">Forderungen<\/span>:<\/p>\n<ul>\n<li>Mindestalter f\u00fcr die Rekrutierung auf 18 Jahre anheben<\/li>\n<li>Werbung der Bundeswehr, die sich gezielt an Minderj\u00e4hrige richtet, stoppen<\/li>\n<\/ul>\n<p><span style=\"text-decoration: underline;\">N\u00e4chste Treffen<\/span>:<\/p>\n<p>Mittwoch, 8.1.2020, 10:00 \u2013 11:30 Uhr, ESR, Kart\u00e4usergasse 9-11, K\u00f6ln<br \/>\nMittwoch, 11.3.2020, 17:00 \u2013 18:30 Uhr, Qu\u00e4ker NBH, Kreutzerstra\u00dfe 5-9, K\u00f6ln<br \/>\nMittwoch, 6.5.2020, ESR, Kart\u00e4usergasse 9-11, K\u00f6ln<\/p>\n<p>Kontakt: Stefanie Intveen, stefanie.intveen@web.de, 0151 560 949 20.<\/p>\n<hr \/>\n<p><em>Auf der Seite des GEW Stadtverband K\u00f6ln ist die gesamte Ausgabe des &#8222;forum&#8220; zum <a href=\"https:\/\/koeln.gew-nrw.de\/wir-in-koeln\/mitgliederzeitung-forum.html?tx_szdownloadcenter_pi2%5Baction%5D=download&amp;tx_szdownloadcenter_pi2%5Bcontroller%5D=Download&amp;tx_szdownloadcenter_pi2%5Bdownload%5D=2143\">Download<\/a>.<\/em><\/p>\n","protected":false},"excerpt":{"rendered":"<p>Das &#8222;K\u00f6lner Aktionsb\u00fcndnis gegen die Rekrutierung Minderj\u00e4hriger durch die Bundeswehr&#8220; stellt sich in der aktuellen Ausgabe des &#8222;forum&#8220; vor. \u00a0Das &#8222;forum&#8220; ist die viertelj\u00e4hrlich erscheinende Mitgliederzeitschrift des Stadtverbands K\u00f6ln der Gewerkschaft Erziehung und Wissenschaft&#46;&#46;&#46;<\/p>\n","protected":false},"author":110,"featured_media":0,"comment_status":"open","ping_status":"open","sticky":false,"template":"","format":"standard","meta":{"footnotes":""},"categories":[105],"tags":[48,97,65],"class_list":["post-14467","post","type-post","status-publish","format-standard","hentry","category-bericht","tag-bundeswehr","tag-gewerkschaft","tag-schule"],"_links":{"self":[{"href":"https:\/\/www.friedenkoeln.de\/index.php?rest_route=\/wp\/v2\/posts\/14467","targetHints":{"allow":["GET"]}}],"collection":[{"href":"https:\/\/www.friedenkoeln.de\/index.php?rest_route=\/wp\/v2\/posts"}],"about":[{"href":"https:\/\/www.friedenkoeln.de\/index.php?rest_route=\/wp\/v2\/types\/post"}],"author":[{"embeddable":true,"href":"https:\/\/www.friedenkoeln.de\/index.php?rest_route=\/wp\/v2\/users\/110"}],"replies":[{"embeddable":true,"href":"https:\/\/www.friedenkoeln.de\/index.php?rest_route=%2Fwp%2Fv2%2Fcomments&post=14467"}],"version-history":[{"count":5,"href":"https:\/\/www.friedenkoeln.de\/index.php?rest_route=\/wp\/v2\/posts\/14467\/revisions"}],"predecessor-version":[{"id":14475,"href":"https:\/\/www.friedenkoeln.de\/index.php?rest_route=\/wp\/v2\/posts\/14467\/revisions\/14475"}],"wp:attachment":[{"href":"https:\/\/www.friedenkoeln.de\/index.php?rest_route=%2Fwp%2Fv2%2Fmedia&parent=14467"}],"wp:term":[{"taxonomy":"category","embeddable":true,"href":"https:\/\/www.friedenkoeln.de\/index.php?rest_route=%2Fwp%2Fv2%2Fcategories&post=14467"},{"taxonomy":"post_tag","embeddable":true,"href":"https:\/\/www.friedenkoeln.de\/index.php?rest_route=%2Fwp%2Fv2%2Ftags&post=14467"}],"curies":[{"name":"wp","href":"https:\/\/api.w.org\/{rel}","templated":true}]}}