{"id":14476,"date":"2019-12-21T07:00:04","date_gmt":"2019-12-21T05:00:04","guid":{"rendered":"https:\/\/www.friedenkoeln.de\/?p=14476"},"modified":"2019-12-20T19:47:14","modified_gmt":"2019-12-20T17:47:14","slug":"wir-sind-hoerbar-radio-koeln-sendet-greenpeace-radiobeitrag-mit-frieder-wagner-ueber-uranmunition-und-atomwaffen","status":"publish","type":"post","link":"https:\/\/www.friedenkoeln.de\/?p=14476","title":{"rendered":"Wir sind h\u00f6rbar: Radio K\u00f6ln sendet Greenpeace-Radiobeitrag mit Frieder Wagner \u00fcber Uranmunition und Atomwaffen"},"content":{"rendered":"<p>Unser Tipp f\u00fcr die &#8222;Tage zwischen den Tagen&#8220;: am<\/p>\n<p style=\"text-align: center;\"><strong><span class=\"field--ec-date-inline\">Samstag, 28. Dezember 2019,\u00a0<\/span><\/strong><span class=\"field--ec-start-time\"><strong>20:04 bis 20:30 Uhr<\/strong> <\/span><\/p>\n<p style=\"text-align: left;\"><span class=\"field--ec-start-time\">sendet Radio K\u00f6ln (107,1 Mhz) einen Beitrag von Greenpeace K\u00f6ln. Dazu haben die B\u00fcrgerfunker*innen von Greenpeace den Journalisten und Filmemacher Frieder Wagner interviewt. Wir haben Hinweise zu ICAN beigesteuert.<\/span><\/p>\n<p style=\"text-align: left;\"><span class=\"field--ec-start-time\">Es folgt die Ank\u00fcndigung der Radio-AG von Greenpeace K\u00f6ln.<\/span><\/p>\n<div class=\"ec-appointment-info--where\">\n<hr \/>\n<p>Der Journalist und Regisseur Frieder Wagner aus K\u00f6ln hat uns \u00fcber Uranmunition und -bomben berichtet und \u00fcber seine Filme und sein Buch &#8222;Deadly Dust &#8211; Todesstaub made in USA&#8220;, erschienen im Promedia-Verlag, Wien.<\/p>\n<div id=\"attachment_14483\" style=\"width: 484px\" class=\"wp-caption alignleft\"><img loading=\"lazy\" decoding=\"async\" aria-describedby=\"caption-attachment-14483\" class=\" wp-image-14483\" src=\"https:\/\/www.friedenkoeln.de\/wp-content\/uploads\/2019\/12\/Frieder-Wagner_Videobild-von-KenFm_2018.jpeg\" alt=\"Ein \u00e4lterer Herr mit Glatze und einem grauen Haarkranz in braunem Jackett, hellem Hemd und lila Pullover schaut im Gespr\u00e4ch leicht nach rechts.\" width=\"474\" height=\"371\" srcset=\"https:\/\/www.friedenkoeln.de\/wp-content\/uploads\/2019\/12\/Frieder-Wagner_Videobild-von-KenFm_2018.jpeg 743w, https:\/\/www.friedenkoeln.de\/wp-content\/uploads\/2019\/12\/Frieder-Wagner_Videobild-von-KenFm_2018-150x117.jpeg 150w\" sizes=\"auto, (max-width: 474px) 100vw, 474px\" \/><p id=\"caption-attachment-14483\" class=\"wp-caption-text\">Frieder Wagner. Bildausschnitt aus dem Video &#8222;KenFM-Spotlight: Frieder Wagner \u00fcber die Wirkung von Uranmunition&#8220; vom 8.10.2016. Quelle: https:\/\/youtu.be\/Wu9BnNS0CdI (Download 20.12.2019)<\/p><\/div>\n<p>Dieses Thema wird in den Medien kaum erw\u00e4hnt. Aber die Uranmunition aus abgereichertem Uran &#8211; &#8222;depleted uranium&#8220; (daher die Abk\u00fcrzung DU) &#8211; ist mehrfach t\u00f6dlich: durch den Einschlag in Panzer, H\u00e4user oder Bunker, durch ungeheure Hitze bei der Explosion, durch direkte Verstrahlung und durch den radioaktiven Staub, der sich durch die Explosion bildet und sich durch den Wind hunderte von Kilometern weit verbreitet und \u00fcberall, wo er auf Menschen und Tiere trifft, Strahlenkrankheit und Krebs erzeugen kann.<\/p>\n<p>ICAN &#8211; Internationale Kampagne zur Abschaffung von Nuklearwaffen &#8211; f\u00fchrt eine weltweite Kampagne durch, die die UN auffordert, Atomwaffen zu verbieten. Auf folgendem Link k\u00f6nnt ihr die Petition an den Bundestag unterst\u00fctzen, dem Atomwaffenverbotsvertrag beizutreten und Atomwaffen aus unserem Land zu verbannen. In B\u00fcchel zum Beispiel lagern US-Atombomben. Die Bundesluftwaffe nimmt regelm\u00e4\u00dfig an \u00dcbungen teil, um den Einsatz von diesen Bomben sicher zu beherrschen. Hier der Link:\u00a0<a class=\"moz-txt-link-freetext\" href=\"https:\/\/www.icanw.de\/aktivitaten\/petition-unterschreiben\/\">https:\/\/www.icanw.de\/aktivitaten\/petition-unterschreiben\/<\/a><\/p>\n<p>Die Radio-AG w\u00fcnscht euch allen ein frohes Weihnachtsfest und ein gl\u00fcckliches und friedliches neues Jahr.<\/p>\n<\/div>\n","protected":false},"excerpt":{"rendered":"<p>Unser Tipp f\u00fcr die &#8222;Tage zwischen den Tagen&#8220;: am Samstag, 28. Dezember 2019,\u00a020:04 bis 20:30 Uhr sendet Radio K\u00f6ln (107,1 Mhz) einen Beitrag von Greenpeace K\u00f6ln. Dazu haben die B\u00fcrgerfunker*innen von Greenpeace den Journalisten&#46;&#46;&#46;<\/p>\n","protected":false},"author":110,"featured_media":0,"comment_status":"open","ping_status":"open","sticky":false,"template":"","format":"standard","meta":{"footnotes":""},"categories":[104],"tags":[112,147,36,6],"class_list":["post-14476","post","type-post","status-publish","format-standard","hentry","category-ankuendigung","tag-atomwaffenverbotsvertrag","tag-gesundheitswesen","tag-oekologie-und-frieden","tag-uranmunition"],"_links":{"self":[{"href":"https:\/\/www.friedenkoeln.de\/index.php?rest_route=\/wp\/v2\/posts\/14476","targetHints":{"allow":["GET"]}}],"collection":[{"href":"https:\/\/www.friedenkoeln.de\/index.php?rest_route=\/wp\/v2\/posts"}],"about":[{"href":"https:\/\/www.friedenkoeln.de\/index.php?rest_route=\/wp\/v2\/types\/post"}],"author":[{"embeddable":true,"href":"https:\/\/www.friedenkoeln.de\/index.php?rest_route=\/wp\/v2\/users\/110"}],"replies":[{"embeddable":true,"href":"https:\/\/www.friedenkoeln.de\/index.php?rest_route=%2Fwp%2Fv2%2Fcomments&post=14476"}],"version-history":[{"count":9,"href":"https:\/\/www.friedenkoeln.de\/index.php?rest_route=\/wp\/v2\/posts\/14476\/revisions"}],"predecessor-version":[{"id":14487,"href":"https:\/\/www.friedenkoeln.de\/index.php?rest_route=\/wp\/v2\/posts\/14476\/revisions\/14487"}],"wp:attachment":[{"href":"https:\/\/www.friedenkoeln.de\/index.php?rest_route=%2Fwp%2Fv2%2Fmedia&parent=14476"}],"wp:term":[{"taxonomy":"category","embeddable":true,"href":"https:\/\/www.friedenkoeln.de\/index.php?rest_route=%2Fwp%2Fv2%2Fcategories&post=14476"},{"taxonomy":"post_tag","embeddable":true,"href":"https:\/\/www.friedenkoeln.de\/index.php?rest_route=%2Fwp%2Fv2%2Ftags&post=14476"}],"curies":[{"name":"wp","href":"https:\/\/api.w.org\/{rel}","templated":true}]}}