{"id":14488,"date":"2019-12-22T07:00:25","date_gmt":"2019-12-22T05:00:25","guid":{"rendered":"https:\/\/www.friedenkoeln.de\/?p=14488"},"modified":"2019-12-20T20:25:06","modified_gmt":"2019-12-20T18:25:06","slug":"zentrale-gedenkfeier-fuer-die-opfer-des-nationalsozialismus-in-koeln-erinnern-eine-bruecke-in-die-zukunft","status":"publish","type":"post","link":"https:\/\/www.friedenkoeln.de\/?p=14488","title":{"rendered":"Zentrale Gedenkfeier f\u00fcr die Opfer des Nationalsozialismus in K\u00f6ln: &#8222;Erinnern &#8211; eine Br\u00fccke in die Zukunft&#8220;"},"content":{"rendered":"<p>Zur Gedenkfeier der Befreiung von Auschwitz &#8222;Erinnern &#8211; eine Br\u00fccke in die Zukunft&#8220; laden wir f\u00fcr<\/p>\n<p style=\"text-align: center;\"><strong>Montag, 27. Januar, 18 Uhr, in die Antoniterkirche K\u00f6ln, Schildergasse 57,<\/strong><\/p>\n<p style=\"text-align: left;\"><a href=\"https:\/\/www.friedenkoeln.de\/wp-content\/uploads\/2019\/12\/egk_handzettel_erinnern_2020_sd02.pdf\">ein.<\/a>\u00a0Im Anschluss gibt es einen Mahngang.<\/p>\n<p><img loading=\"lazy\" decoding=\"async\" class=\" wp-image-14490 alignright\" src=\"https:\/\/www.friedenkoeln.de\/wp-content\/uploads\/2019\/12\/egk_handzettel_erinnern_2020_sd02_s1-scaled.jpg\" alt=\"Veranstaltungsplakat in rot-schwarzem Design: &quot;Erinnern. Eine Br\u00fccke in die Zukunft&quot; 2020 K\u00f6ln\" width=\"416\" height=\"589\" srcset=\"https:\/\/www.friedenkoeln.de\/wp-content\/uploads\/2019\/12\/egk_handzettel_erinnern_2020_sd02_s1-scaled.jpg 1809w, https:\/\/www.friedenkoeln.de\/wp-content\/uploads\/2019\/12\/egk_handzettel_erinnern_2020_sd02_s1-106x150.jpg 106w, https:\/\/www.friedenkoeln.de\/wp-content\/uploads\/2019\/12\/egk_handzettel_erinnern_2020_sd02_s1-768x1087.jpg 768w, https:\/\/www.friedenkoeln.de\/wp-content\/uploads\/2019\/12\/egk_handzettel_erinnern_2020_sd02_s1-1085x1536.jpg 1085w, https:\/\/www.friedenkoeln.de\/wp-content\/uploads\/2019\/12\/egk_handzettel_erinnern_2020_sd02_s1-1447x2048.jpg 1447w\" sizes=\"auto, (max-width: 416px) 100vw, 416px\" \/><\/p>\n<p style=\"text-align: left;\">Seit 1996 der damalige Bundespr\u00e4sident Roman Herzog den 27. Januar, den Tag der Befreiung des\u00a0Vernichtungslagers Auschwitz-Birkenau\u00a0und der beiden anderen Konzentrationslager Auschwitz\u00a0durch die\u00a0Rote Armee\u00a0im letzten Jahr des\u00a0Zweiten Weltkriegs,\u00a0zum Nationalen Gedenktag an die Opfer des Nationalsozialismus erkl\u00e4rt hat, findet jedes Jahr in der Antoniterkirche die zentrale Gedenkveranstaltung der Stadt K\u00f6ln statt. Jedes Jahr wird dabei an eine andere Gruppe von Menschen erinnert. 2005 wurde der 27. Januar von den Vereinten Nationen zum Internationalen Tag des Gedenkens an die Opfer des Holocaust erkl\u00e4rt.<\/p>\n<p style=\"text-align: left;\">In diesem Jahr liegt ein Schwerpunkt auf dem Wirken und den Schicksalen von Frauen. Nach 1918 haben sich diese pers\u00f6nliche Freiheiten verschafft und waren als Gegnerinnen des aufkommenden Nationalsozialismus aktiv. Die NS-Diktatur setzte dann ein r\u00fcckschrittliches Frauenbild durch, sie minderte Bildungsm\u00f6glichkeiten und politische Mitwirkung. Vorgestellt werden u.a. die kommunistische Widerstandsk\u00e4mpferin Gertrud Hamacher, die aus dem Ausland Flugbl\u00e4tter nach Deutschland schmuggelte, die K\u00f6lner J\u00fcdin Ren\u00e9e Duering, die in Auschwitz gyn\u00e4kologischen Experimenten ausgesetzt war und durch Flucht \u00fcberlebte, und die in K\u00f6ln geborene Herta Oberheuser, eine grausame KZ-\u00c4rztin.<\/p>\n<p><a href=\"http:\/\/www.antonitercitykirche.de\/gedenkfeier-27.-januar.aspx?fbclid=IwAR2qg-LKhyQgqWKzU9eOwg95RSd_q2DMOo3qm_7ie1fj6ptUZLC1DoOg8YY\" target=\"_blank\" rel=\"nofollow noopener noreferrer\" data-lynx-mode=\"hover\" data-lynx-uri=\"https:\/\/l.facebook.com\/l.php?u=http%3A%2F%2Fwww.antonitercitykirche.de%2Fgedenkfeier-27.-januar.aspx%3Ffbclid%3DIwAR2qg-LKhyQgqWKzU9eOwg95RSd_q2DMOo3qm_7ie1fj6ptUZLC1DoOg8YY&amp;h=AT0erK7R4Od1ly4u36PxLNm79TF4XCPXTaSXZ-uxFOPMNrg9G4Vf_hX_55jDNf1pREB-_gUOPQ80wQT1LBuhE2USkasw_WUpMf69INohkDxtknlyqtkH-hE0rDSlNz677REaZ5NMPbKSDQ8ccGkzeCZfyg\">www.antonitercitykirche.de\/gedenkfeier-27.-januar.aspx<\/a><\/p>\n","protected":false},"excerpt":{"rendered":"<p>Zur Gedenkfeier der Befreiung von Auschwitz &#8222;Erinnern &#8211; eine Br\u00fccke in die Zukunft&#8220; laden wir f\u00fcr Montag, 27. Januar, 18 Uhr, in die Antoniterkirche K\u00f6ln, Schildergasse 57, ein.\u00a0Im Anschluss gibt es einen Mahngang. Seit&#46;&#46;&#46;<\/p>\n","protected":false},"author":110,"featured_media":0,"comment_status":"open","ping_status":"open","sticky":false,"template":"","format":"standard","meta":{"footnotes":""},"categories":[104],"tags":[123,168,45,169,162],"class_list":["post-14488","post","type-post","status-publish","format-standard","hentry","category-ankuendigung","tag-faschismus","tag-frauen","tag-geschichte","tag-holocaust","tag-nationalismus"],"_links":{"self":[{"href":"https:\/\/www.friedenkoeln.de\/index.php?rest_route=\/wp\/v2\/posts\/14488","targetHints":{"allow":["GET"]}}],"collection":[{"href":"https:\/\/www.friedenkoeln.de\/index.php?rest_route=\/wp\/v2\/posts"}],"about":[{"href":"https:\/\/www.friedenkoeln.de\/index.php?rest_route=\/wp\/v2\/types\/post"}],"author":[{"embeddable":true,"href":"https:\/\/www.friedenkoeln.de\/index.php?rest_route=\/wp\/v2\/users\/110"}],"replies":[{"embeddable":true,"href":"https:\/\/www.friedenkoeln.de\/index.php?rest_route=%2Fwp%2Fv2%2Fcomments&post=14488"}],"version-history":[{"count":3,"href":"https:\/\/www.friedenkoeln.de\/index.php?rest_route=\/wp\/v2\/posts\/14488\/revisions"}],"predecessor-version":[{"id":14493,"href":"https:\/\/www.friedenkoeln.de\/index.php?rest_route=\/wp\/v2\/posts\/14488\/revisions\/14493"}],"wp:attachment":[{"href":"https:\/\/www.friedenkoeln.de\/index.php?rest_route=%2Fwp%2Fv2%2Fmedia&parent=14488"}],"wp:term":[{"taxonomy":"category","embeddable":true,"href":"https:\/\/www.friedenkoeln.de\/index.php?rest_route=%2Fwp%2Fv2%2Fcategories&post=14488"},{"taxonomy":"post_tag","embeddable":true,"href":"https:\/\/www.friedenkoeln.de\/index.php?rest_route=%2Fwp%2Fv2%2Ftags&post=14488"}],"curies":[{"name":"wp","href":"https:\/\/api.w.org\/{rel}","templated":true}]}}