{"id":14513,"date":"2020-01-10T10:43:50","date_gmt":"2020-01-10T08:43:50","guid":{"rendered":"https:\/\/www.friedenkoeln.de\/?p=14513"},"modified":"2020-01-10T10:44:42","modified_gmt":"2020-01-10T08:44:42","slug":"usa-iran-krise-einladung-zur-mahnwache-vor-us-generalkonsulat-in-duesseldorf","status":"publish","type":"post","link":"https:\/\/www.friedenkoeln.de\/?p=14513","title":{"rendered":"USA-Iran-Krise: Einladung zur Mahnwache vor US-Generalkonsulat in D\u00fcsseldorf"},"content":{"rendered":"<h4>Noch mehr Krieg? Auf keinen Fall!<\/h4>\n<p>Das Friedensforum D\u00fcsseldorf l\u00e4dt ein:<\/p>\n<p>Mahnwache von Friedensfreundinnen und Friedensfreunden aus dem Rheinland\u00a0am<\/p>\n<p style=\"text-align: center;\"><strong>Samstag, dem 11. Januar von 12 bis ca. 13 Uhr<\/strong><br \/>\n<strong>vor dem Generalkonsulat der USA, Bertha-von-Suttner-Platz, D\u00fcsseldorf<\/strong><\/p>\n<p>Die USA f\u00fchren seit Jahren einen Drohnenkrieg. Vom Pr\u00e4sidenten ausgew\u00e4hlte Menschen werden per Knopfdruck umgebracht, Staatsangeh\u00f6rige von L\u00e4ndern, mit denen die USA nicht im Krieg sind, und meist in L\u00e4ndern, mit denen sie offiziell keinen Krieg f\u00fchren.<\/p>\n<div id=\"attachment_10924\" style=\"width: 409px\" class=\"wp-caption alignright\"><img loading=\"lazy\" decoding=\"async\" aria-describedby=\"caption-attachment-10924\" class=\" wp-image-10924\" src=\"https:\/\/www.friedenkoeln.de\/wp-content\/uploads\/2017\/06\/1.PETX1748.jpg\" alt=\"Das Foto zeigt ein gro\u00dfes Transparent mit der Aufschrift &quot;Stoppt den US-Drohnenkrieg via Ramstein! Solidarit\u00e4t mit den Opfern!&quot; Mehr als ein Dutzend Friedensaktivisten halten es hoch.\" width=\"399\" height=\"265\" srcset=\"https:\/\/www.friedenkoeln.de\/wp-content\/uploads\/2017\/06\/1.PETX1748.jpg 3008w, https:\/\/www.friedenkoeln.de\/wp-content\/uploads\/2017\/06\/1.PETX1748-768x511.jpg 768w, https:\/\/www.friedenkoeln.de\/wp-content\/uploads\/2017\/06\/1.PETX1748-1024x681.jpg 1024w\" sizes=\"auto, (max-width: 399px) 100vw, 399px\" \/><p id=\"caption-attachment-10924\" class=\"wp-caption-text\">Mahnwache vor dem Oberlandesgericht D\u00fcsseldorf am 31.5.2017. Foto: Gisela Theodora Blomberg.<\/p><\/div>\n<p>Mit der Hinrichtung des iranischen Generals auf irakischem Boden hat jetzt Donald Trump diesen Krieg dramatisch eskaliert, sodass ein neuer hei\u00dfer Krieg im Nahen Osten in greifbarer N\u00e4he liegt. Wieder einmal werden dem V\u00f6lkerrecht ein grober Schlag versetzt und alle Bem\u00fchungen, die Kriege im Nahen Osten zu beenden, durch Provokation zum Krieg zur\u00fcckgeschlagen.<\/p>\n<p>Das erfordert eine deutliche Antwort &#8211;\u00a0 gerade aus den mit den USA verb\u00fcndeten L\u00e4ndern :<\/p>\n<ul>\n<li>Die Bundesregierung muss diese Politik des Z\u00fcndelns und der Provokation gegen das V\u00f6lkerrecht unumwunden verurteilen.<\/li>\n<li>Sie muss alle Soldaten aus dem potentiellen Kriegsgebiet sofort zur\u00fcckholen.<\/li>\n<li>Sie muss die US-Basis Ramstein in der Pfalz schlie\u00dfen, die eine Zwischenstation des US-Drohnenkriegs im Nahen und Mittleren Osten ist.<\/li>\n<li>Im \u00dcbrigen fordern wir: Keine Milit\u00e4reins\u00e4tze der Bundeswehr im Ausland, statt dessen Verhandlungen, die zu stabilen Friedensl\u00f6sungen f\u00fchren.<\/li>\n<\/ul>\n<p>Es werden sprechen:<\/p>\n<p><strong>Joachim Schramm, Gesch\u00e4ftsf\u00fchrer der DFG-VK NRW und Sprecher des Ostermarsches RheinRuhr und<\/strong><\/p>\n<p><strong>ein\/e Friedensfreund\/in aus K\u00f6ln (angefragt).<\/strong><\/p>\n","protected":false},"excerpt":{"rendered":"<p>Noch mehr Krieg? Auf keinen Fall! Das Friedensforum D\u00fcsseldorf l\u00e4dt ein: Mahnwache von Friedensfreundinnen und Friedensfreunden aus dem Rheinland\u00a0am Samstag, dem 11. Januar von 12 bis ca. 13 Uhr vor dem Generalkonsulat der USA,&#46;&#46;&#46;<\/p>\n","protected":false},"author":110,"featured_media":10924,"comment_status":"open","ping_status":"open","sticky":false,"template":"","format":"standard","meta":{"footnotes":""},"categories":[2,104],"tags":[70,44,99,91],"class_list":["post-14513","post","type-post","status-publish","format-standard","has-post-thumbnail","hentry","category-aktionen","category-ankuendigung","tag-auslandseinsaetze-der-bundeswehr","tag-drohnen","tag-menschenrechte","tag-voelkerrecht"],"_links":{"self":[{"href":"https:\/\/www.friedenkoeln.de\/index.php?rest_route=\/wp\/v2\/posts\/14513","targetHints":{"allow":["GET"]}}],"collection":[{"href":"https:\/\/www.friedenkoeln.de\/index.php?rest_route=\/wp\/v2\/posts"}],"about":[{"href":"https:\/\/www.friedenkoeln.de\/index.php?rest_route=\/wp\/v2\/types\/post"}],"author":[{"embeddable":true,"href":"https:\/\/www.friedenkoeln.de\/index.php?rest_route=\/wp\/v2\/users\/110"}],"replies":[{"embeddable":true,"href":"https:\/\/www.friedenkoeln.de\/index.php?rest_route=%2Fwp%2Fv2%2Fcomments&post=14513"}],"version-history":[{"count":2,"href":"https:\/\/www.friedenkoeln.de\/index.php?rest_route=\/wp\/v2\/posts\/14513\/revisions"}],"predecessor-version":[{"id":14515,"href":"https:\/\/www.friedenkoeln.de\/index.php?rest_route=\/wp\/v2\/posts\/14513\/revisions\/14515"}],"wp:featuredmedia":[{"embeddable":true,"href":"https:\/\/www.friedenkoeln.de\/index.php?rest_route=\/wp\/v2\/media\/10924"}],"wp:attachment":[{"href":"https:\/\/www.friedenkoeln.de\/index.php?rest_route=%2Fwp%2Fv2%2Fmedia&parent=14513"}],"wp:term":[{"taxonomy":"category","embeddable":true,"href":"https:\/\/www.friedenkoeln.de\/index.php?rest_route=%2Fwp%2Fv2%2Fcategories&post=14513"},{"taxonomy":"post_tag","embeddable":true,"href":"https:\/\/www.friedenkoeln.de\/index.php?rest_route=%2Fwp%2Fv2%2Ftags&post=14513"}],"curies":[{"name":"wp","href":"https:\/\/api.w.org\/{rel}","templated":true}]}}