{"id":14517,"date":"2020-01-12T07:00:56","date_gmt":"2020-01-12T05:00:56","guid":{"rendered":"https:\/\/www.friedenkoeln.de\/?p=14517"},"modified":"2020-01-11T19:24:53","modified_gmt":"2020-01-11T17:24:53","slug":"mahnwache-zum-soldatengottesdienst-flecktarn-und-ruestungsindustrie-im-koelner-dom","status":"publish","type":"post","link":"https:\/\/www.friedenkoeln.de\/?p=14517","title":{"rendered":"Flecktarn und R\u00fcstungsindustrie im K\u00f6lner Dom &#8211; Mahnwache zum Soldatengottesdienst"},"content":{"rendered":"<div class=\"_63eu _63ev\">\n<div class=\"_63ew\" data-testid=\"event-permalink-details\"><em>Am 16. Januar 2020 findet um 9:00 Uhr der j\u00e4hrliche \u201eInternationale Soldatengottesdienst\u201c im K\u00f6lner Dom statt, der jeweils zum Weltfriedenstag der Kirchen gefeiert wird. <\/em><em>Gemeinsam mit dem K\u00f6lner Friedensforum kritisieren wir das und laden ab 8:00 Uhr zur Teilnahme an der Mahnwache auf der Domplatte ein. <\/em><\/div>\n<div data-testid=\"event-permalink-details\"><\/div>\n<div class=\"_63ew\" data-testid=\"event-permalink-details\"><em>Das Erzbistum erwartet auch Bundesminister a. D. Dr. Franz-Josef Jung, der seit 2017 als Aufsichtsratsmitglied das deutsche R\u00fcstungsunternehmen Rheinmetall vertritt.\u00a0<\/em><em>Es folgt der Text unseres Flyers.<\/em><\/div>\n<div class=\"_63ew\" data-testid=\"event-permalink-details\">\n<hr \/>\n<p>Wir fordern:<\/p>\n<ul>\n<li>Keinen \u201eSoldatengottesdienst\u201c im Dom!<\/li>\n<li>Keine Erh\u00f6hung der R\u00fcstungsausgaben: \u201eAbr\u00fcsten statt Aufr\u00fcsten!\u201c<\/li>\n<li>Keine Auslandseins\u00e4tze der Bundeswehr.<\/li>\n<li>Unterzeichnung des UN-Atomwaffenverbotsvertrags auch durch die Bundesregierung!<\/li>\n<\/ul>\n<p>Bitte unterzeichnen Sie auch<\/p>\n<ul>\n<li>den Aufruf \u201eAbr\u00fcsten statt aufr\u00fcsten!\u201c <a href=\"https:\/\/l.facebook.com\/l.php?u=http%3A%2F%2Fwww.abruesten.jetzt%2F%3Ffbclid%3DIwAR2Bp0WuGiPBaIaievnRb-a4Q28sCDrFTYLlUwpnEI9uII2mGUHLoNFptWc&amp;h=AT1dWkQd9mruIc-mYsAyYVSgj1pgBcsIn1KPu1T9W8GjD9jHwBJtFU-iwaigubDEEk-7QrNpkD-YKY2RzJRVsiR91KBYnv3K0gukmX2tab4mIaW2O-UuWcW15tq2rpiPRv0hV254rVRbY8s06FKFM0SsBQ\" target=\"_blank\" rel=\"nofollow noopener noreferrer\" data-lynx-mode=\"hover\">www.abruesten.jetzt<\/a><\/li>\n<li>die Petition an die Bundesregierung, zur Unterst\u00fctzung des UN-Atomwaffen-Verbots:<br \/>\n<a href=\"https:\/\/aktion.nuclearban.de\/node\/9?fbclid=IwAR2es5DXk469jhxSJTtJI3EFaT0jA6eyVGQ2Lx0a-6yvm7GP66Xb3oyQCHo\" target=\"_blank\" rel=\"nofollow noopener noreferrer\" data-lynx-mode=\"hover\" data-lynx-uri=\"https:\/\/l.facebook.com\/l.php?u=https%3A%2F%2Faktion.nuclearban.de%2Fnode%2F9%3Ffbclid%3DIwAR2es5DXk469jhxSJTtJI3EFaT0jA6eyVGQ2Lx0a-6yvm7GP66Xb3oyQCHo&amp;h=AT0SC2In0PKJEaXsIc0IH8BiEKzzq1YkgMOLTgUYTOqmZUNo-b7UUzGyAMvi1LdhgyGYr9ywyrJKstToap_R6n_hM0E9tC6hvlvZOE0A9nPbaCKMhXt_ZHR4ICiWFwfmZ9fDxioLGw87LWGZeNupMxTFug\">https:\/\/aktion.nuclearban.de\/node\/9<\/a><\/li>\n<\/ul>\n<div id=\"attachment_14529\" style=\"width: 581px\" class=\"wp-caption aligncenter\"><img loading=\"lazy\" decoding=\"async\" aria-describedby=\"caption-attachment-14529\" class=\" wp-image-14529\" src=\"https:\/\/www.friedenkoeln.de\/wp-content\/uploads\/2020\/01\/DSC_0109-scaled.jpg\" alt=\"\" width=\"571\" height=\"380\" srcset=\"https:\/\/www.friedenkoeln.de\/wp-content\/uploads\/2020\/01\/DSC_0109-scaled.jpg 2560w, https:\/\/www.friedenkoeln.de\/wp-content\/uploads\/2020\/01\/DSC_0109-150x100.jpg 150w, https:\/\/www.friedenkoeln.de\/wp-content\/uploads\/2020\/01\/DSC_0109-768x512.jpg 768w, https:\/\/www.friedenkoeln.de\/wp-content\/uploads\/2020\/01\/DSC_0109-1536x1024.jpg 1536w, https:\/\/www.friedenkoeln.de\/wp-content\/uploads\/2020\/01\/DSC_0109-2048x1365.jpg 2048w\" sizes=\"auto, (max-width: 571px) 100vw, 571px\" \/><p id=\"caption-attachment-14529\" class=\"wp-caption-text\">Internationaler Protest beim Soldatengottesdienst, K\u00f6ln, 17.1.2019. Foto: Stefanie Intveen<\/p><\/div>\n<p>Auch in diesem Jahr tr\u00e4gt der &#8222;Internationale Soldatengottesdienst\u201c im Dom zu K\u00f6ln dazu bei, der Bundeswehr und dem Militarismus in der \u00d6ffentlichkeit Raum zu geben. Somit werden laufende bzw. geplante Kriegshandlungen von Frau Merkel und Frau Kramp-Karrenbauer als &#8222;\u00dcbernahme von Verantwortung&#8220; getarnt. Sie seien unumg\u00e4nglich und der Normalzustand. Die Pr\u00e4sidentin der Europ\u00e4ischen Kommission, Frau von der Leyen, m\u00f6chte zus\u00e4tzlich die milit\u00e4rische Leistungsf\u00e4higkeit der EU verst\u00e4rken.<\/p>\n<p>Dies geschieht, obwohl Papst Franziskus hierzu ausf\u00fchrt:<\/p>\n<blockquote><p>Wir stecken mitten im dritten Weltkrieg, allerdings in einem Krieg in Raten. Es gibt Wirtschaftssysteme, die, um \u00fcberleben zu k\u00f6nnen, Krieg f\u00fchren m\u00fcssen.<\/p><\/blockquote>\n<p>Wer Soldaten als Ausf\u00fchrende dieser Politik segnet, erleichtert ihr Gewissen. Er sorgt daf\u00fcr, dass Kriege weiterhin gerechtfertigt werden, statt zu ziviler Konfliktl\u00f6sung und Sicherheit durch Entspannungspolitik zu mahnen. Krieg darf nicht zur Normalit\u00e4t werden, und darum stehen wir heute wieder hier.<\/p>\n<div id=\"attachment_11708\" style=\"width: 343px\" class=\"wp-caption alignleft\"><img loading=\"lazy\" decoding=\"async\" aria-describedby=\"caption-attachment-11708\" class=\" wp-image-11708\" src=\"https:\/\/www.friedenkoeln.de\/wp-content\/uploads\/2018\/01\/2018-01-11-12.06.23-e1516486939499.jpg\" alt=\"\" width=\"333\" height=\"499\" srcset=\"https:\/\/www.friedenkoeln.de\/wp-content\/uploads\/2018\/01\/2018-01-11-12.06.23-e1516486939499.jpg 3072w, https:\/\/www.friedenkoeln.de\/wp-content\/uploads\/2018\/01\/2018-01-11-12.06.23-e1516486939499-768x1152.jpg 768w, https:\/\/www.friedenkoeln.de\/wp-content\/uploads\/2018\/01\/2018-01-11-12.06.23-e1516486939499-683x1024.jpg 683w\" sizes=\"auto, (max-width: 333px) 100vw, 333px\" \/><p id=\"caption-attachment-11708\" class=\"wp-caption-text\">Soldatengottesdienst am 11.1.2018 in K\u00f6ln. Michael S\u00fcnner diskutiert mit einem Bundeswehrsoldaten. Foto: Stefanie Intveen<\/p><\/div>\n<p>Deutschland wird nicht milit\u00e4risch angegriffen, aber die Bundeswehr ist weltweit im milit\u00e4rischen Einsatz &#8211; gegen den erkl\u00e4rten Mehrheitswillen der Bev\u00f6lkerung. Kriege und Waffenexporte (der Export von Kleinwaffen stieg 2019 um 53 Prozent! KStA vom 28.11.2019) sind die wesentlichen Ursachen f\u00fcr Flucht und Vertreibung. Weiterhin werden verzweifelte, traumatisierte Menschen ohne Lebensperspektive hier bei uns Schutz suchen m\u00fcssen.<\/p>\n<p>Eine weitere M\u00f6glichkeit Deutschlands, in aktuelle Konflikte einzugreifen, w\u00e4re nach der K\u00fcndigung des INF-Vertrages ein Appell an die USA und Russland, den New-Start-Vertrag zur Begrenzung strategischer Atomwaffen zu retten. Auch er liefe ansonsten 2021 aus. Die Folge w\u00e4re ein erneutes atomares Wettr\u00fcsten.<\/p>\n<p>Statt in zivile Konfliktl\u00f6sungen zu investieren, will die Bundesregierung die Mittel f\u00fcr die angepeilte Hochr\u00fcstung binnen f\u00fcnf Jahren von 37 auf 70 Milliarden Euro nahezu verdoppeln. Zur Sicherung sozialer Grundbed\u00fcrfnisse ist angeblich kein Geld vorhanden.<\/p>\n<p>Keinen Segen, sondern Protest und Widerstand gegen Hochr\u00fcstung und Krieg! Keinen &#8222;Soldaten-Gottesdienst&#8220; im Dom!<\/p>\n<\/div>\n<div data-testid=\"event-permalink-details\">\n<hr \/>\n<p><a href=\"https:\/\/www.friedenkoeln.de\/wp-content\/uploads\/2020\/01\/SGD-2020_02.pdf\">Flyer zum Download.<\/a><\/p>\n<\/div>\n<\/div>\n","protected":false},"excerpt":{"rendered":"<p>Am 16. Januar 2020 findet um 9:00 Uhr der j\u00e4hrliche \u201eInternationale Soldatengottesdienst\u201c im K\u00f6lner Dom statt, der jeweils zum Weltfriedenstag der Kirchen gefeiert wird. Gemeinsam mit dem K\u00f6lner Friedensforum kritisieren wir das und laden&#46;&#46;&#46;<\/p>\n","protected":false},"author":110,"featured_media":14529,"comment_status":"open","ping_status":"open","sticky":false,"template":"","format":"standard","meta":{"footnotes":""},"categories":[104,116],"tags":[48,59,127,130],"class_list":["post-14517","post","type-post","status-publish","format-standard","has-post-thumbnail","hentry","category-ankuendigung","category-aufruf","tag-bundeswehr","tag-kirche","tag-militarisierung","tag-ruestungsindustrie"],"_links":{"self":[{"href":"https:\/\/www.friedenkoeln.de\/index.php?rest_route=\/wp\/v2\/posts\/14517","targetHints":{"allow":["GET"]}}],"collection":[{"href":"https:\/\/www.friedenkoeln.de\/index.php?rest_route=\/wp\/v2\/posts"}],"about":[{"href":"https:\/\/www.friedenkoeln.de\/index.php?rest_route=\/wp\/v2\/types\/post"}],"author":[{"embeddable":true,"href":"https:\/\/www.friedenkoeln.de\/index.php?rest_route=\/wp\/v2\/users\/110"}],"replies":[{"embeddable":true,"href":"https:\/\/www.friedenkoeln.de\/index.php?rest_route=%2Fwp%2Fv2%2Fcomments&post=14517"}],"version-history":[{"count":8,"href":"https:\/\/www.friedenkoeln.de\/index.php?rest_route=\/wp\/v2\/posts\/14517\/revisions"}],"predecessor-version":[{"id":14533,"href":"https:\/\/www.friedenkoeln.de\/index.php?rest_route=\/wp\/v2\/posts\/14517\/revisions\/14533"}],"wp:featuredmedia":[{"embeddable":true,"href":"https:\/\/www.friedenkoeln.de\/index.php?rest_route=\/wp\/v2\/media\/14529"}],"wp:attachment":[{"href":"https:\/\/www.friedenkoeln.de\/index.php?rest_route=%2Fwp%2Fv2%2Fmedia&parent=14517"}],"wp:term":[{"taxonomy":"category","embeddable":true,"href":"https:\/\/www.friedenkoeln.de\/index.php?rest_route=%2Fwp%2Fv2%2Fcategories&post=14517"},{"taxonomy":"post_tag","embeddable":true,"href":"https:\/\/www.friedenkoeln.de\/index.php?rest_route=%2Fwp%2Fv2%2Ftags&post=14517"}],"curies":[{"name":"wp","href":"https:\/\/api.w.org\/{rel}","templated":true}]}}