{"id":14556,"date":"2020-01-15T22:13:43","date_gmt":"2020-01-15T20:13:43","guid":{"rendered":"https:\/\/www.friedenkoeln.de\/?p=14556"},"modified":"2020-01-15T22:13:43","modified_gmt":"2020-01-15T20:13:43","slug":"zum-nachhoeren-frieder-wagner-ueber-uranmunition-beim-buergerfunk-von-greenpeace-koeln","status":"publish","type":"post","link":"https:\/\/www.friedenkoeln.de\/?p=14556","title":{"rendered":"Zum Nachh\u00f6ren: Frieder Wagner \u00fcber Uranmunition beim B\u00fcrgerfunk von Greenpeace K\u00f6ln"},"content":{"rendered":"<p>Wer die von uns <a href=\"https:\/\/www.friedenkoeln.de\/?p=14476\">angek\u00fcndigte<\/a>\u00a0Sendung von Greenpeace K\u00f6ln Ende 2019 verpasst hat, kann sie jetzt bei uns <a href=\"https:\/\/www.friedenkoeln.de\/wp-content\/uploads\/2020\/01\/JINGLE-radioclub.mp3\">nachh\u00f6ren<\/a>.<\/p>\n<div id=\"attachment_14483\" style=\"width: 391px\" class=\"wp-caption alignleft\"><img loading=\"lazy\" decoding=\"async\" aria-describedby=\"caption-attachment-14483\" class=\" wp-image-14483\" src=\"https:\/\/www.friedenkoeln.de\/wp-content\/uploads\/2019\/12\/Frieder-Wagner_Videobild-von-KenFm_2018.jpeg\" alt=\"Ein \u00e4lterer Herr mit Glatze und einem grauen Haarkranz in braunem Jackett, hellem Hemd und lila Pullover schaut im Gespr\u00e4ch leicht nach rechts.\" width=\"381\" height=\"298\" srcset=\"https:\/\/www.friedenkoeln.de\/wp-content\/uploads\/2019\/12\/Frieder-Wagner_Videobild-von-KenFm_2018.jpeg 743w, https:\/\/www.friedenkoeln.de\/wp-content\/uploads\/2019\/12\/Frieder-Wagner_Videobild-von-KenFm_2018-150x117.jpeg 150w\" sizes=\"auto, (max-width: 381px) 100vw, 381px\" \/><p id=\"caption-attachment-14483\" class=\"wp-caption-text\">Frieder Wagner. Bildausschnitt aus dem Video &#8222;KenFM-Spotlight: Frieder Wagner \u00fcber die Wirkung von Uranmunition&#8220; vom 8.10.2016. Quelle: https:\/\/youtu.be\/Wu9BnNS0CdI (Download 20.12.2019)<\/p><\/div>\n<p>Der Journalist und Regisseur Frieder Wagner aus K\u00f6ln hat den Greenpeace-B\u00fcrgerfunker*innen \u00fcber Uranmunition und -bomben und \u00fcber seine Filme und sein Buch \u201cDeadly Dust \u2013 Todesstaub made in USA\u201d\u00a0berichtet.<\/p>\n<p>Unbedingt empfehlenswert!<\/p>\n<hr \/>\n<p><em>Ganz herzlichen Dank an Greenpeace K\u00f6ln f\u00fcr die Aufnahme dieses brennenden Themas und die Bereitstellung des Audio-Mitschnitts!<\/em><\/p>\n","protected":false},"excerpt":{"rendered":"<p>Wer die von uns angek\u00fcndigte\u00a0Sendung von Greenpeace K\u00f6ln Ende 2019 verpasst hat, kann sie jetzt bei uns nachh\u00f6ren. Der Journalist und Regisseur Frieder Wagner aus K\u00f6ln hat den Greenpeace-B\u00fcrgerfunker*innen \u00fcber Uranmunition und -bomben und&#46;&#46;&#46;<\/p>\n","protected":false},"author":110,"featured_media":14483,"comment_status":"open","ping_status":"open","sticky":false,"template":"","format":"standard","meta":{"footnotes":""},"categories":[106],"tags":[33,85,99,6],"class_list":["post-14556","post","type-post","status-publish","format-standard","has-post-thumbnail","hentry","category-analyse","tag-atomwaffen","tag-kriegsverbrechen","tag-menschenrechte","tag-uranmunition"],"_links":{"self":[{"href":"https:\/\/www.friedenkoeln.de\/index.php?rest_route=\/wp\/v2\/posts\/14556","targetHints":{"allow":["GET"]}}],"collection":[{"href":"https:\/\/www.friedenkoeln.de\/index.php?rest_route=\/wp\/v2\/posts"}],"about":[{"href":"https:\/\/www.friedenkoeln.de\/index.php?rest_route=\/wp\/v2\/types\/post"}],"author":[{"embeddable":true,"href":"https:\/\/www.friedenkoeln.de\/index.php?rest_route=\/wp\/v2\/users\/110"}],"replies":[{"embeddable":true,"href":"https:\/\/www.friedenkoeln.de\/index.php?rest_route=%2Fwp%2Fv2%2Fcomments&post=14556"}],"version-history":[{"count":2,"href":"https:\/\/www.friedenkoeln.de\/index.php?rest_route=\/wp\/v2\/posts\/14556\/revisions"}],"predecessor-version":[{"id":14558,"href":"https:\/\/www.friedenkoeln.de\/index.php?rest_route=\/wp\/v2\/posts\/14556\/revisions\/14558"}],"wp:featuredmedia":[{"embeddable":true,"href":"https:\/\/www.friedenkoeln.de\/index.php?rest_route=\/wp\/v2\/media\/14483"}],"wp:attachment":[{"href":"https:\/\/www.friedenkoeln.de\/index.php?rest_route=%2Fwp%2Fv2%2Fmedia&parent=14556"}],"wp:term":[{"taxonomy":"category","embeddable":true,"href":"https:\/\/www.friedenkoeln.de\/index.php?rest_route=%2Fwp%2Fv2%2Fcategories&post=14556"},{"taxonomy":"post_tag","embeddable":true,"href":"https:\/\/www.friedenkoeln.de\/index.php?rest_route=%2Fwp%2Fv2%2Ftags&post=14556"}],"curies":[{"name":"wp","href":"https:\/\/api.w.org\/{rel}","templated":true}]}}