{"id":14563,"date":"2020-01-25T13:15:11","date_gmt":"2020-01-25T11:15:11","guid":{"rendered":"https:\/\/www.friedenkoeln.de\/?p=14563"},"modified":"2020-01-25T13:17:48","modified_gmt":"2020-01-25T11:17:48","slug":"aufruf-nein-zu-nato-kriegsmanoevern-ja-zu-frieden-entspannungspolitik-und-abruestung","status":"publish","type":"post","link":"https:\/\/www.friedenkoeln.de\/?p=14563","title":{"rendered":"Aufruf: Nein zu NATO-Kriegsman\u00f6vern \u2013 ja zu Frieden, Entspannungspolitik und Abr\u00fcstung"},"content":{"rendered":"<p><em>Wir haben am 23.1.2020 beschlossen, den folgenden Aufruf zu unterst\u00fctzen.<\/em><\/p>\n<hr \/>\n<p>Im April und Mai 2020 plant die NATO mit DEFENDER (Verteidiger!) 2020 eines der gr\u00f6\u00dften Man\u00f6ver von Landstreitkr\u00e4ften in Europa seit Ende des Kalten Krieges.<\/p>\n<p>Mit insgesamt 37 000 Soldatinnen und Soldaten aus 16 NATO-Staaten sowie aus Finnland und Georgien wird eine neue Dimension milit\u00e4rischer Aktivit\u00e4ten erreicht. Bis zu 20 000 US- GIs mit entsprechendem schweren Ger\u00e4t werden \u00fcber den Atlantik und anschlie\u00dfend quer durch Europa an die russische Grenze transportiert. Ziel des Man\u00f6vers ist neben der Zurschaustellung milit\u00e4rischer \u00dcberlegenheit die Demonstration einer blitzschnellen Verlegung kampfstarker Gro\u00dfverb\u00e4nde aus den USA an die NATO-Ostflanke.<\/p>\n<p><img loading=\"lazy\" decoding=\"async\" class=\"alignnone size-full wp-image-14568\" src=\"https:\/\/www.friedenkoeln.de\/wp-content\/uploads\/2020\/01\/landkarte.jpg\" alt=\"Auf schwarzem Grund ist eine wei\u00dfe Deutschlandkarte skizziert, \u00fcber die Bahnstrecken in West-Ost und S\u00fcd-Nord-Richtung verlaufen. Text: &quot;Krieg beginnt hier. Drum lasst uns pr\u00fcfen, was unsere Stra\u00dfen und Br\u00fccken alles aushalten k\u00f6nnen&quot;, &quot;Stra\u00dfentransporte&quot;, &quot;Defender 2020. Das NATO-Man\u00f6ver mit 17 Nationen! Auch bald in Deiner Stadt! Begr\u00fc\u00dfe 37.000 Soldaten!&quot;, \" width=\"1207\" height=\"1435\" srcset=\"https:\/\/www.friedenkoeln.de\/wp-content\/uploads\/2020\/01\/landkarte.jpg 1207w, https:\/\/www.friedenkoeln.de\/wp-content\/uploads\/2020\/01\/landkarte-126x150.jpg 126w, https:\/\/www.friedenkoeln.de\/wp-content\/uploads\/2020\/01\/landkarte-768x913.jpg 768w\" sizes=\"auto, (max-width: 1207px) 100vw, 1207px\" \/>\u00dcberall auf dem Kontinent demonstrieren Menschen gegen die lebensbedrohende Umweltzerst\u00f6rung und f\u00fcr die Eind\u00e4mmung des Klimawandels. W\u00e4hrend die Jugend ihre Zukunft einfordert, praktiziert der gr\u00f6\u00dfte Umweltzerst\u00f6rer und Klimakiller Milit\u00e4r unbeeindruckt seine Rituale. Die Verhinderung dieses \u00fcberdimensionierten Man\u00f6vers w\u00e4re ein erster kleiner Schritt in die richtige Richtung.<\/p>\n<p>Deutschland wird mit dem neuen Joint Support and Enable Command der NATO in Ulm, den Umschlagh\u00e4fen Hamburg, Bremerhaven und Nordenham sowie den Convoy Support Centern in Garlstedt (Niedersachsen),\u00a0in Burg (Sachsen-Anhalt) und auf dem s\u00e4chsischen Truppen\u00fcbungsplatz Oberlausitz s\u00fcdlich von Wei\u00dfwasser zur Drehscheibe der Transporte.<\/p>\n<p>Operativ zust\u00e4ndig f\u00fcr Transport und Man\u00f6ver ist das US-Heereskommando Europa in Wiesbaden, geleitet wird es \u00fcber das EUCOM in Stuttgart. Daten\u00fcbertragung und erg\u00e4nzende Lufttransporte erfolgen \u00fcber die US-Air Base Ramstein. Parallel finden Truppen\u00fcbungen auf den US-\u00dcbungspl\u00e4tzen in Grafenw\u00f6hr und Hohenfels in Bayern statt.<\/p>\n<p>W\u00e4hrend der Transporte wird es zu schweren Einschr\u00e4nkungen des Stra\u00dfen- und Schienenverkehrs entlang der Transportstrecken kommen. Die Bundeswehr hat mit der Deutschen Bahn AG eine Vorfahrtsregel f\u00fcr alle Milit\u00e4rtransporte vereinbart.<\/p>\n<p class=\"has-normal-font-size\">Die Gr\u00f6\u00dfe des Man\u00f6vers und die \u00d6rtlichkeit entlang der russischen Westgrenze stellen eine Provokation gegen\u00fcber Russland dar. Das Man\u00f6ver birgt die Gefahr einer m\u00f6glichen direkten Konfrontation zwischen milit\u00e4rischen Verb\u00e4nden von NATO und Russland in sich. Auch der Zeitpunkt wurde nicht zuf\u00e4llig gew\u00e4hlt: 75 Jahre nach der Befreiung Europas vom Faschismus vor allem durch die Rote Armee marschieren wieder deutsche Soldaten an der russischen Grenze auf. Mit Defender 2020 senden die USA, Gro\u00dfbritannien und Frankreich ein geschichtsvergessenes Signal an den ehemaligen Verb\u00fcndeten aus der Anti-Hitler-Koalition.<\/p>\n<p>Das Man\u00f6ver ist eine erneute Zuspitzung der Konfrontationspolitik von NATO und EU gegen\u00fcber Russland, die mit der Osterweiterung der NATO 1990 begonnen wurde und zur Einkreisung Russlands f\u00fchrte. Demgegen\u00fcber sollten Entspannungspolitik und freundschaftliche kooperative Beziehungen mit Russland das Gebot der Stunde sein. So wie es 1990 in der Charta von Paris von allen europ\u00e4ischen Staaten einschlie\u00dflich Russland, den USA und Kanada gemeinsam formuliert wurde:<\/p>\n<blockquote><p>Das Zeitalter der Konfrontation und der Teilung Europas ist zu Ende gegangen. Wir erkl\u00e4ren, dass sich unsere Beziehungen k\u00fcnftig auf Achtung und Zusammenarbeit gr\u00fcnden werden.<\/p><\/blockquote>\n<p>W\u00e4hrend in Deutschland, Europa und der Welt dringend gewaltige Mittel gebraucht werden, um die aktuellen Menschheitsprobleme zu l\u00f6sen, wird in allen NATO-Staaten zielgerichtet auf die Erh\u00f6hung des R\u00fcstungshaushaltes auf 2% des Bruttoinlandsproduktes hingearbeitet. F\u00fcr die milit\u00e4rische Aufr\u00fcstung werden Mittel und Ressourcen verschlungen, die f\u00fcr soziale, \u00f6kologische und infrastrukturelle Aufgaben schmerzlich fehlen.<\/p>\n<p>Im \u201e2 plus 4\u201c-Vertrag von 1990, der Grundlage der deutschen Einheit, wurde vereinbart: von deutschem Boden soll nur Frieden ausgehen. Dies ist auch der Kerngedanke des Grundgesetzes, dies muss die Grundlage deutscher und europ\u00e4ischer Politik sein.<\/p>\n<p>F\u00fcr diese Ziele treten wir ein und sagen entschieden:<\/p>\n<p><strong>NEIN zum NATO -Kriegsman\u00f6ver Defender 2020<\/strong><\/p>\n<p>Wir fordern:<\/p>\n<ul>\n<li>Entspannungspolitik und politische Konfliktl\u00f6sungen statt milit\u00e4rischer Konfrontation<\/li>\n<li>Kooperation mit Russland in einem gemeinsamen Haus Europa<\/li>\n<li>konsequente Abr\u00fcstung und Umverteilung der freiwerdenden Mittel<\/li>\n<\/ul>\n<p>Daf\u00fcr werden wir \u00fcberall vor und w\u00e4hrend des Man\u00f6vers demonstrieren \u2013 gewaltfrei, aber gewaltig. Auf den Stra\u00dfen, Pl\u00e4tzen und Br\u00fccken, den betroffenen Bahnh\u00f6fen, vor den Truppen\u00fcbungspl\u00e4tzen \u2013 in Deutschland und international. Mit einer Mahnwachen-Stafette an der gesamten Strecke, rechtlichen Schritten und Aktionen des zivilen Ungehorsams \u2013 kreativ und vielf\u00e4ltig.<\/p>\n<p>Wir wenden uns an alle, die sich Sorgen um den Frieden machen!<\/p>\n<p>Geht mit uns auf die Stra\u00dfen, protestiert dort, wo ihr arbeitet und lebt!<\/p>\n<p>Frieden braucht Bewegung, fangen wir mit diesem defENDEr an!<\/p>\n<hr \/>\n<p><em>Ein\u00a0<\/em><em>NRW-<span class=\"\">Koordinierungstreffen findet am 7.2.2020 um 18:00 Uhr im ZAKK \/ Fichtenstr. 40, D\u00fcsseldorf, \u00a0statt. Ansprechpartner: Joachim Schramm, DFG-VK NRW, dfg-vk.nrw@t-online.de<\/span><span class=\"\" style=\"font-family: ArialMT; font-size: small;\">.<\/span><\/em><\/p>\n<p><em>Der Aufruf kann <a href=\"https:\/\/www.antidef20.de\/unterschriften\/\">hier<\/a> online unterzeichnet werden.<\/em><\/p>\n<p><em>Anmerkung d. Red.: Bei Defender 2020 handelt es sich um ein Milit\u00e4rman\u00f6ver der USA in Europa, nicht der NATO. \u00a0NATO-Staaten wie Deutschland kooperieren aber eng im Rahmen des &#8222;Host Nation Support&#8220;.<\/em><\/p>\n","protected":false},"excerpt":{"rendered":"<p>Wir haben am 23.1.2020 beschlossen, den folgenden Aufruf zu unterst\u00fctzen. Im April und Mai 2020 plant die NATO mit DEFENDER (Verteidiger!) 2020 eines der gr\u00f6\u00dften Man\u00f6ver von Landstreitkr\u00e4ften in Europa seit Ende des Kalten&#46;&#46;&#46;<\/p>\n","protected":false},"author":110,"featured_media":14568,"comment_status":"open","ping_status":"open","sticky":false,"template":"","format":"standard","meta":{"footnotes":""},"categories":[116],"tags":[48,167,94,36],"class_list":["post-14563","post","type-post","status-publish","format-standard","has-post-thumbnail","hentry","category-aufruf","tag-bundeswehr","tag-militaermanoever","tag-nato","tag-oekologie-und-frieden"],"_links":{"self":[{"href":"https:\/\/www.friedenkoeln.de\/index.php?rest_route=\/wp\/v2\/posts\/14563","targetHints":{"allow":["GET"]}}],"collection":[{"href":"https:\/\/www.friedenkoeln.de\/index.php?rest_route=\/wp\/v2\/posts"}],"about":[{"href":"https:\/\/www.friedenkoeln.de\/index.php?rest_route=\/wp\/v2\/types\/post"}],"author":[{"embeddable":true,"href":"https:\/\/www.friedenkoeln.de\/index.php?rest_route=\/wp\/v2\/users\/110"}],"replies":[{"embeddable":true,"href":"https:\/\/www.friedenkoeln.de\/index.php?rest_route=%2Fwp%2Fv2%2Fcomments&post=14563"}],"version-history":[{"count":5,"href":"https:\/\/www.friedenkoeln.de\/index.php?rest_route=\/wp\/v2\/posts\/14563\/revisions"}],"predecessor-version":[{"id":14569,"href":"https:\/\/www.friedenkoeln.de\/index.php?rest_route=\/wp\/v2\/posts\/14563\/revisions\/14569"}],"wp:featuredmedia":[{"embeddable":true,"href":"https:\/\/www.friedenkoeln.de\/index.php?rest_route=\/wp\/v2\/media\/14568"}],"wp:attachment":[{"href":"https:\/\/www.friedenkoeln.de\/index.php?rest_route=%2Fwp%2Fv2%2Fmedia&parent=14563"}],"wp:term":[{"taxonomy":"category","embeddable":true,"href":"https:\/\/www.friedenkoeln.de\/index.php?rest_route=%2Fwp%2Fv2%2Fcategories&post=14563"},{"taxonomy":"post_tag","embeddable":true,"href":"https:\/\/www.friedenkoeln.de\/index.php?rest_route=%2Fwp%2Fv2%2Ftags&post=14563"}],"curies":[{"name":"wp","href":"https:\/\/api.w.org\/{rel}","templated":true}]}}