{"id":14581,"date":"2020-02-09T18:12:02","date_gmt":"2020-02-09T16:12:02","guid":{"rendered":"https:\/\/www.friedenkoeln.de\/?p=14581"},"modified":"2020-02-09T18:19:44","modified_gmt":"2020-02-09T16:19:44","slug":"widerstaendige-alte-fuer-atomwaffenabruestung-berufungsprozess-in-koblenz","status":"publish","type":"post","link":"https:\/\/www.friedenkoeln.de\/?p=14581","title":{"rendered":"\u201eWiderst\u00e4ndige Alte\u201c f\u00fcr Atomwaffenabr\u00fcstung: Berufungsprozess in Koblenz"},"content":{"rendered":"<div class=\"page\" title=\"Page 1\">\n<div class=\"layoutArea\">\n<div class=\"column\">\n<p><em>Wir dokumentieren eine Pressemitteilung vom 16.1.2020.<\/em><\/p>\n<\/div>\n<\/div>\n<div class=\"layoutArea\">\n<div class=\"column\">\n<hr \/>\n<h4>Berufungsprozess in Koblenz gegen f\u00fcnf Senior*innen wegen \u201eGo-In\u201c auf die Startbahn des Bundeswehr-Flugplatzes B\u00fcchel (Eifel)<\/h4>\n<h4>\u201eWiderst\u00e4ndige Alte\u201c fordern Abzug der US-Atomwaffen und Beitritt Deutschlands zum Atomwaffenverbotsvertrag der Vereinten Nationen<\/h4>\n<p><em>K\u00f6ln\/Erlangen\/N\u00fcrnberg\/Hilpoltstein\/L\u00fcbtheen, 16.1.2020.<\/em> \u201eAtomwaffen auf die Anklagebank!\u201c fordern f\u00fcnf \u201eWiderst\u00e4ndige Alte\u201c (zwischen 67 und 79 Jahren), die am 4. Februar 2020 im Berufungsverfahren vor dem Landgericht Koblenz ihren gewaltfreien Zivilen Widerstand gegen die v\u00f6lkerrechtswidrige Stationierung von Atombomben in Deutschland rechtfertigen werden.<\/p>\n<p>Die Staatsanwaltschaft klagt sie wegen \u201eHausfriedensbruch\u201c des Bundeswehr-Flugplatz B\u00fcchel (Eifel) an, auf dem 20 US-Atombomben stationiert sind. Insgesamt sieben Menschen hatten den Milit\u00e4rflugplatz am 23. Juli 2018 unautorisiert betreten und damit zeitweise den Flugbetrieb unterbrochen. Auf der Startbahn brachten sie ihren Protest mit Musik und \u201eSaatbomben statt Atombomben\u201c zum Ausdruck. Das Amtsgericht Cochem verh\u00e4ngte daf\u00fcr im Dezember 2018 je 30 Tagess\u00e4tze Strafe (in einem Fall 60). Die Beklagten legten Berufung ein.<\/p>\n<p>Nach der K\u00fcndigung des INF-Vertrags und in Ermangelung ernsthafter Abr\u00fcstungsverhandlungen sei der Abzug der US-Atombomben B61 aus B\u00fcchel dringend notwendig, so eine Sprecherin der Gruppe. Atombomben seien Angriffsziele, und der aktuelle USA-Iran-Konflikt k\u00f6nne zu einem Stellvertreterkrieg zwischen den USA und anderen Atomm\u00e4chten werden.<\/p>\n<p>Im Rahmen der \u201eNuklearen Teilhabe\u201c Deutschlands \u00fcben Bundeswehrsoldaten in B\u00fcchel t\u00e4glich mit Tornado-Kampfflugzeugen den Abwurf von US-Atombomben. Im Kriegsfall w\u00fcrden deutsche Piloten unter dem Oberbefehl des US-Pr\u00e4sidenten die Bomben ins Zielgebiet fliegen.<\/p>\n<div id=\"attachment_12597\" style=\"width: 1642px\" class=\"wp-caption alignright\"><img loading=\"lazy\" decoding=\"async\" aria-describedby=\"caption-attachment-12597\" class=\"size-full wp-image-12597\" src=\"https:\/\/www.friedenkoeln.de\/wp-content\/uploads\/2018\/08\/signal-2018-07-24-124730.jpg\" alt=\"Eine Gruppe von sechs Personen steht mitten auf einer riesigen asphaltierten Fl\u00e4che und h\u00e4lt ein Transparent der Qu\u00e4ker mit der Aufschrift &quot;Atomwaffen abschaffen jetzt! Miteinander in Frieden leben&quot;.\" width=\"1632\" height=\"1224\" srcset=\"https:\/\/www.friedenkoeln.de\/wp-content\/uploads\/2018\/08\/signal-2018-07-24-124730.jpg 1632w, https:\/\/www.friedenkoeln.de\/wp-content\/uploads\/2018\/08\/signal-2018-07-24-124730-150x113.jpg 150w, https:\/\/www.friedenkoeln.de\/wp-content\/uploads\/2018\/08\/signal-2018-07-24-124730-768x576.jpg 768w\" sizes=\"auto, (max-width: 1632px) 100vw, 1632px\" \/><p id=\"caption-attachment-12597\" class=\"wp-caption-text\">Go-In auf Luftwaffenst\u00fctzpunkt B\u00fcchel am 23.7.2018 mit 7 Friedensaktivist*innen. Foto: privat \/ Atomwaffenfrei jetzt!<\/p><\/div>\n<p>Die Beklagten verlangen dagegen die Erf\u00fcllung des Atomwaffensperrvertrags (Non-Proliferation Treaty, NPT) vom 5. M\u00e4rz 1970. Sowohl die \u201eNukleare Teilhabe\u201c als auch die Weigerung der Atomwaffenstaaten, ihre Arsenale abzur\u00fcsten, versto\u00dfe gegen den Vertrag, erl\u00e4utert die Sprecherin. Die Bundesregierung solle zudem den Atomwaffenverbotsvertrag der Vereinten Nationen unterzeichnen.<\/p>\n<blockquote><p>Der in B\u00fcchel t\u00e4glich von deutschen Soldaten mit US-Bomben ge\u00fcbte Atomkrieg ist ein Verbrechen an der Menschheit &#8211; sich dagegen aufzulehnen sollte B\u00fcrgerpflicht sein,<\/p><\/blockquote>\n<p>so die Beklagte Ariane Dettloff aus K\u00f6ln.<\/p>\n<p>Unter den Beklagten sind Mitglieder der \u201eDeutschen Friedensgesellschaft \u2013 Vereinigte KriegsdienstgegnerInnen\u201c (DFG-VK), der \u201eInternationale \u00c4rzte f\u00fcr die Verh\u00fctung des Atomkriegs \u2013 \u00c4rzte in sozialer Verantwortung\u201c (IPPNW), der katholischen Friedensorganisation \u201epax christi\u201c, des \u201eForum Friedensethik in der Evangelischen Landeskirche in Baden&#8220;, der Qu\u00e4ker und des \u201eNetzwerk Friedenssteuer\u201c.<\/p>\n<\/div>\n<\/div>\n<\/div>\n<div class=\"page\" title=\"Page 2\">\n<div class=\"layoutArea\">\n<div class=\"column\">\n<p>Angeklagt sind: Ariane Dettloff, Journalistin aus K\u00f6ln; Susanne Gro\u00dfmann, Grundschullehrerin aus Erlangen; Brigitte Janus, \u00c4rztin aus N\u00fcrnberg; Herbert R\u00f6mpp, Diakon aus Hilpoltstein (Bayern) und Ernst Ludwig Iskenius, Arzt aus L\u00fcbtheen. Alle sind indirekt \u00fcber ihre Mitgliedschaften bei ICAN, IPPNW oder den Qu\u00e4kern Friedensnobelpreistr\u00e4ger*innen.<\/p>\n<hr \/>\n<p><strong>Pressekontakt<\/strong><br \/>\nAriane Dettloff, arianedettloff@ina-koeln.org, Tel, 0221-315783<\/p>\n<p><strong>Gerichtsverhandlung und Mahnwache<\/strong><br \/>\nDienstag, 4.2.2020, 13:00 Uhr<br \/>\nLandgericht Koblenz, Karmeliterstra\u00dfe 14, 56068 Koblenz, Saal 48<br \/>\nMahnwache ab 12:00 Uhr vor dem Landgericht<\/p>\n<p><strong>\u00d6ffentlicher Vortrag Prof. Dr. Karl Hans Bl\u00e4sius: \u201eAtomkrieg aus Versehen\u201c<\/strong><br \/>\nMontag, 3.2.2020, 19:30 Uhr,<br \/>\nKatholische Hochschulgemeinde Koblenz, L\u00f6hrrondell 1a<br \/>\nProf. Dr. Karl Hans Bl\u00e4sius ist Informatiker an der Universit\u00e4t Trier und forscht u. a. zu computergest\u00fctzten Fr\u00fchwarn- und Entscheidungssystemen<\/p>\n<\/div>\n<hr \/>\n<p><em>Pressemitteilung als <a href=\"https:\/\/www.friedenkoeln.de\/wp-content\/uploads\/2020\/02\/PM_Widerst\u00e4ndige-Alte_Atomwaffen_Landgericht-Koblenz_20200116_final.pdf\">pdf<\/a> zum Download.<\/em><\/p>\n<\/div>\n<\/div>\n","protected":false},"excerpt":{"rendered":"<p>Wir dokumentieren eine Pressemitteilung vom 16.1.2020. Berufungsprozess in Koblenz gegen f\u00fcnf Senior*innen wegen \u201eGo-In\u201c auf die Startbahn des Bundeswehr-Flugplatzes B\u00fcchel (Eifel) \u201eWiderst\u00e4ndige Alte\u201c fordern Abzug der US-Atomwaffen und Beitritt Deutschlands zum Atomwaffenverbotsvertrag der Vereinten&#46;&#46;&#46;<\/p>\n","protected":false},"author":110,"featured_media":12597,"comment_status":"open","ping_status":"open","sticky":false,"template":"","format":"standard","meta":{"footnotes":""},"categories":[104,87],"tags":[33,112,80,91],"class_list":["post-14581","post","type-post","status-publish","format-standard","has-post-thumbnail","hentry","category-ankuendigung","category-pressemitteilung","tag-atomwaffen","tag-atomwaffenverbotsvertrag","tag-rechtsprechung","tag-voelkerrecht"],"_links":{"self":[{"href":"https:\/\/www.friedenkoeln.de\/index.php?rest_route=\/wp\/v2\/posts\/14581","targetHints":{"allow":["GET"]}}],"collection":[{"href":"https:\/\/www.friedenkoeln.de\/index.php?rest_route=\/wp\/v2\/posts"}],"about":[{"href":"https:\/\/www.friedenkoeln.de\/index.php?rest_route=\/wp\/v2\/types\/post"}],"author":[{"embeddable":true,"href":"https:\/\/www.friedenkoeln.de\/index.php?rest_route=\/wp\/v2\/users\/110"}],"replies":[{"embeddable":true,"href":"https:\/\/www.friedenkoeln.de\/index.php?rest_route=%2Fwp%2Fv2%2Fcomments&post=14581"}],"version-history":[{"count":6,"href":"https:\/\/www.friedenkoeln.de\/index.php?rest_route=\/wp\/v2\/posts\/14581\/revisions"}],"predecessor-version":[{"id":14590,"href":"https:\/\/www.friedenkoeln.de\/index.php?rest_route=\/wp\/v2\/posts\/14581\/revisions\/14590"}],"wp:featuredmedia":[{"embeddable":true,"href":"https:\/\/www.friedenkoeln.de\/index.php?rest_route=\/wp\/v2\/media\/12597"}],"wp:attachment":[{"href":"https:\/\/www.friedenkoeln.de\/index.php?rest_route=%2Fwp%2Fv2%2Fmedia&parent=14581"}],"wp:term":[{"taxonomy":"category","embeddable":true,"href":"https:\/\/www.friedenkoeln.de\/index.php?rest_route=%2Fwp%2Fv2%2Fcategories&post=14581"},{"taxonomy":"post_tag","embeddable":true,"href":"https:\/\/www.friedenkoeln.de\/index.php?rest_route=%2Fwp%2Fv2%2Ftags&post=14581"}],"curies":[{"name":"wp","href":"https:\/\/api.w.org\/{rel}","templated":true}]}}