{"id":14586,"date":"2020-02-09T18:41:47","date_gmt":"2020-02-09T16:41:47","guid":{"rendered":"https:\/\/www.friedenkoeln.de\/?p=14586"},"modified":"2020-02-09T18:41:47","modified_gmt":"2020-02-09T16:41:47","slug":"ziviler-ungehorsam-gegen-atombomben-in-der-eifel-koelner-journalistin-hofft-auf-freispruch-durch-landgericht-koblenz","status":"publish","type":"post","link":"https:\/\/www.friedenkoeln.de\/?p=14586","title":{"rendered":"Ziviler Ungehorsam gegen Atombomben in der Eifel &#8211; K\u00f6lner Journalistin hofft auf Freispruch durch Landgericht Koblenz"},"content":{"rendered":"<div class=\"layoutArea\">\n<div class=\"column\">\n<p><em>Wir dokumentieren unsere Pressemitteilung vom 28.1.2020.<\/em><\/p>\n<hr \/>\n<\/div>\n<\/div>\n<p><em>K\u00f6ln, den 28. Januar 2020.\u00a0<\/em>Die K\u00f6lner Journalistin Ariane Dettloff (76 J.) hofft auf einen Freispruch durch das Landgericht Koblenz am 4.2.2020 im Berufungsverfahren zu einem \u201eGo-In\u201c auf dem Bundeswehr-Flughafen B\u00fcchel (Eifel), an dem sie mit der Gruppe \u201eWiderst\u00e4ndige Alte\u201c teilgenommen hatte.<\/p>\n<p>Die f\u00fcnf Friedensaktivist*innen im Alter von jetzt 67 bis 79 Jahren erregten bundesweit Aufmerksamkeit, als sie am 23.7.2018 die milit\u00e4rischen Sicherheitsanlagen \u00fcberwanden und auf der Startbahn musizierten, um den milit\u00e4rischen \u00dcbungsbetrieb zu unterbrechen. Dort werden nach \u00fcbereinstimmenden Presseberichten etwa zwanzig US-Atombomben B61 gelagert, die jeweils \u00fcber eine vielfache Sprengkraft der 1945 in Hiroshima und Nagasaki explodierten Bomben verf\u00fcgen.<\/p>\n<p>Das Amtsgericht Cochem verurteilte die Gruppe am 12.12.2018 wegen Hausfriedensbruchs; die Angeklagten legten Berufung ein. Aus ihrer Sicht ist Ziviler Ungehorsam ein legales Mittel, um auf gravierende V\u00f6lkerrechtsverst\u00f6\u00dfe der Bundesrepublik Deutschland hinzuweisen.<\/p>\n<p>Der K\u00f6lner Bundestagsabgeordnete Matthias Birkwald (Die Linke) schrieb anl\u00e4sslich des bevorstehenden Verfahrens in einem Brief:<\/p>\n<blockquote><p>Friedlicher Protest gegen die atomare Bedrohung und der Einsatz f\u00fcr ein Land ohne Atomwaffen d\u00fcrfen nicht kriminalisiert werden. Eine Aktion, welche bei der Bundesregierung einen nicht umgesetzten Verhandlungsauftrag des Bundestages anmahnt, geh\u00f6rt erst recht nicht auf die Anklagebank.<\/p><\/blockquote>\n<p>Der Bundestag hatte 2010 die Bundesregierung aufgefordert, f\u00fcr den Abtransport der US-Atombomben aus Deutschland zu sorgen.<\/p>\n<p>Unterst\u00fctzung kam auch vom K\u00f6lner Bezirksb\u00fcrgermeister Andreas Hupke (Gr\u00fcne). Er hoffe und w\u00fcnsche<\/p>\n<blockquote><p>der mutigen Ariane Dettloff von ganzem Herzen, dass das Landgericht in Koblenz ihr couragiertes Engagement f\u00fcr eine Atomwaffenfreie Welt<\/p><\/blockquote>\n<p>so w\u00fcrdige, dass sie \u201eals unbescholtene Staatsb\u00fcrgerin das Gerichtsgeb\u00e4ude verlassen\u201c k\u00f6nne.<\/p>\n<p>K\u00f6lner Mitglieder der Deutsche Friedensgesellschaft &#8211; Vereinigte KriegsdienstgegnerInnen e. V. (DFG-VK) begleiten Ariane Dettloff nach Koblenz. Der \u00f6ffentlichen Verhandlung geht eine Mahnwache vor dem Gerichtsgeb\u00e4ude voraus.<\/p>\n<div id=\"attachment_14595\" style=\"width: 610px\" class=\"wp-caption aligncenter\"><img loading=\"lazy\" decoding=\"async\" aria-describedby=\"caption-attachment-14595\" class=\" wp-image-14595\" src=\"https:\/\/www.friedenkoeln.de\/wp-content\/uploads\/2020\/02\/DSC_0257-scaled.jpg\" alt=\"Ein schlanker \u00e4lterer Herr in blauer sportlicher Jacke und Jeans spricht in ein Mikro. Im Hintergrund ein Transparent mit der Aufschrift &quot;Zum Gedenken an die Atombombenopfer&quot;, &quot;Hiroshima&quot;, &quot;Nagasaki&quot;\" width=\"600\" height=\"900\" srcset=\"https:\/\/www.friedenkoeln.de\/wp-content\/uploads\/2020\/02\/DSC_0257-scaled.jpg 1707w, https:\/\/www.friedenkoeln.de\/wp-content\/uploads\/2020\/02\/DSC_0257-2000x3000.jpg 2000w, https:\/\/www.friedenkoeln.de\/wp-content\/uploads\/2020\/02\/DSC_0257-100x150.jpg 100w, https:\/\/www.friedenkoeln.de\/wp-content\/uploads\/2020\/02\/DSC_0257-768x1152.jpg 768w, https:\/\/www.friedenkoeln.de\/wp-content\/uploads\/2020\/02\/DSC_0257-1024x1536.jpg 1024w, https:\/\/www.friedenkoeln.de\/wp-content\/uploads\/2020\/02\/DSC_0257-1365x2048.jpg 1365w\" sizes=\"auto, (max-width: 600px) 100vw, 600px\" \/><p id=\"caption-attachment-14595\" class=\"wp-caption-text\">K\u00f6lner Bezirksb\u00fcrgermeister Andreas Hupke bei der Gedenkfeier f\u00fcr die Opfer der Atombombenabw\u00fcrfe auf Hiroshima und Nagasaki. Hiroshima-Nagasaki-Park K\u00f6ln, 10.8.2019. Foto: Stefanie Intveen<\/p><\/div>\n<hr \/>\n<p><b>Dienstag, 4.2.2020, 13:00 Uhr, \u00d6ffentliche Gerichtsverhandlung<span class=\"Apple-converted-space\">\u00a0<\/span><\/b><br \/>\nLandgericht Koblenz, Karmeliterstra\u00dfe 14, 56068 Koblenz, Saal 48<span class=\"Apple-converted-space\">\u00a0<\/span><\/p>\n<p><b>Dienstag, 4.2.2020, ab 12:00 Uhr, Mahnwache<span class=\"Apple-converted-space\">\u00a0<\/span><\/b><br \/>\nvor dem Landgericht Koblenz<span class=\"Apple-converted-space\">\u00a0<\/span><\/p>\n<p><b>Montag, 3.2.2020, 19:30 Uhr, \u00d6ffentlicher Vortrag \u201eAtomkrieg aus Versehen\u201c<span class=\"Apple-converted-space\">\u00a0<\/span><\/b><br \/>\nKatholische Hochschulgemeinde Koblenz, L\u00f6hrrondell 1a, Koblenz \u00d6ffentlicher Vortrag Prof. Dr. Karl Hans Bl\u00e4sius: \u201eAtomkrieg aus Versehen\u201c<span class=\"Apple-converted-space\">\u00a0<\/span><\/p>\n<p>Prof. Dr. Karl Hans Bl\u00e4sius ist Informatiker an der Universit\u00e4t Trier und forscht u. a. zu computergest\u00fctzten Fr\u00fchwarn- und Entscheidungssystemen<span class=\"Apple-converted-space\">\u00a0<\/span><\/p>\n<p><b>Kontakt<span class=\"Apple-converted-space\">\u00a0<\/span><\/b><br \/>\nAriane Dettloff,\u00a0arianedettloff@ina-koeln.org, Tel. 0176 53766189<span class=\"Apple-converted-space\">\u00a0<\/span><br \/>\nMichael S\u00fcnner,<span class=\"Apple-converted-space\">\u00a0<\/span>michael.suenner@netcologne.de, Tel. 0174 9509932<span class=\"Apple-converted-space\">\u00a0<\/span><\/p>\n<hr \/>\n<div class=\"page\" title=\"Page 2\">\n<div class=\"layoutArea\">\n<p><em>Pressemitteilung als <a href=\"https:\/\/www.friedenkoeln.de\/wp-content\/uploads\/2020\/02\/DFG-VK-Gr-K\u00f6ln_PM_Atomwaffen_Widerst\u00e4ndige-Alte_20200128_final.pdf\">pdf<\/a> zum Download.<\/em><\/p>\n<\/div>\n<\/div>\n","protected":false},"excerpt":{"rendered":"<p>Wir dokumentieren unsere Pressemitteilung vom 28.1.2020. K\u00f6ln, den 28. Januar 2020.\u00a0Die K\u00f6lner Journalistin Ariane Dettloff (76 J.) hofft auf einen Freispruch durch das Landgericht Koblenz am 4.2.2020 im Berufungsverfahren zu einem \u201eGo-In\u201c auf dem&#46;&#46;&#46;<\/p>\n","protected":false},"author":110,"featured_media":14595,"comment_status":"open","ping_status":"open","sticky":false,"template":"","format":"standard","meta":{"footnotes":""},"categories":[104,87],"tags":[33,112,80,91],"class_list":["post-14586","post","type-post","status-publish","format-standard","has-post-thumbnail","hentry","category-ankuendigung","category-pressemitteilung","tag-atomwaffen","tag-atomwaffenverbotsvertrag","tag-rechtsprechung","tag-voelkerrecht"],"_links":{"self":[{"href":"https:\/\/www.friedenkoeln.de\/index.php?rest_route=\/wp\/v2\/posts\/14586","targetHints":{"allow":["GET"]}}],"collection":[{"href":"https:\/\/www.friedenkoeln.de\/index.php?rest_route=\/wp\/v2\/posts"}],"about":[{"href":"https:\/\/www.friedenkoeln.de\/index.php?rest_route=\/wp\/v2\/types\/post"}],"author":[{"embeddable":true,"href":"https:\/\/www.friedenkoeln.de\/index.php?rest_route=\/wp\/v2\/users\/110"}],"replies":[{"embeddable":true,"href":"https:\/\/www.friedenkoeln.de\/index.php?rest_route=%2Fwp%2Fv2%2Fcomments&post=14586"}],"version-history":[{"count":5,"href":"https:\/\/www.friedenkoeln.de\/index.php?rest_route=\/wp\/v2\/posts\/14586\/revisions"}],"predecessor-version":[{"id":14596,"href":"https:\/\/www.friedenkoeln.de\/index.php?rest_route=\/wp\/v2\/posts\/14586\/revisions\/14596"}],"wp:featuredmedia":[{"embeddable":true,"href":"https:\/\/www.friedenkoeln.de\/index.php?rest_route=\/wp\/v2\/media\/14595"}],"wp:attachment":[{"href":"https:\/\/www.friedenkoeln.de\/index.php?rest_route=%2Fwp%2Fv2%2Fmedia&parent=14586"}],"wp:term":[{"taxonomy":"category","embeddable":true,"href":"https:\/\/www.friedenkoeln.de\/index.php?rest_route=%2Fwp%2Fv2%2Fcategories&post=14586"},{"taxonomy":"post_tag","embeddable":true,"href":"https:\/\/www.friedenkoeln.de\/index.php?rest_route=%2Fwp%2Fv2%2Ftags&post=14586"}],"curies":[{"name":"wp","href":"https:\/\/api.w.org\/{rel}","templated":true}]}}