{"id":14635,"date":"2020-02-16T15:16:26","date_gmt":"2020-02-16T13:16:26","guid":{"rendered":"https:\/\/www.friedenkoeln.de\/?p=14635"},"modified":"2020-02-16T15:16:26","modified_gmt":"2020-02-16T13:16:26","slug":"widerstaendige-alte-gegen-atomwaffen-berufungsprozess-in-koblenz-am-19-2-2020","status":"publish","type":"post","link":"https:\/\/www.friedenkoeln.de\/?p=14635","title":{"rendered":"\u201eWiderst\u00e4ndige Alte\u201c gegen Atomwaffen: Berufungsprozess in Koblenz am 19.2.2020"},"content":{"rendered":"<h4>\u201eWiderst\u00e4ndige Alte\u201c mit Zivilem Ungehorsam f\u00fcr Abzug der US-Atomwaffen und Beitritt Deutschlands zum UN-Atomwaffenverbotsvertrag<\/h4>\n<h4>Berufungsprozess in Koblenz am 19.2.2020 ab 10:00 Uhr gegen f\u00fcnf Senior*innen wegen \u201eGo-In\u201c auf die Startbahn des Bundeswehr-Flugplatzes B\u00fcchel (Eifel)<\/h4>\n<p><i>K\u00f6ln\/Erlangen\/N\u00fcrnberg\/Hilpoltstein\/L\u00fcbtheen, 16.2.2020. <\/i>Auf einen Freispruch hoffen die f\u00fcnf \u201eWiderst\u00e4ndigen Alten\u201c (zwischen 67 und 79 Jahren), die am zweiten Verhandlungstag am 19. Februar 2020 im Berufungsverfahren vor dem Landgericht Koblenz ihren gewaltfreien Zivilen Widerstand gegen die Stationierung von Atombomben in Deutschland rechtfertigen werden.<span class=\"Apple-converted-space\">\u00a0<\/span><\/p>\n<div id=\"attachment_14637\" style=\"width: 1639px\" class=\"wp-caption alignnone\"><img loading=\"lazy\" decoding=\"async\" aria-describedby=\"caption-attachment-14637\" class=\"size-full wp-image-14637\" src=\"https:\/\/www.friedenkoeln.de\/wp-content\/uploads\/2020\/02\/signal-2018-07-24-124730.jpg\" alt=\"\" width=\"1629\" height=\"472\" srcset=\"https:\/\/www.friedenkoeln.de\/wp-content\/uploads\/2020\/02\/signal-2018-07-24-124730.jpg 1629w, https:\/\/www.friedenkoeln.de\/wp-content\/uploads\/2020\/02\/signal-2018-07-24-124730-150x43.jpg 150w, https:\/\/www.friedenkoeln.de\/wp-content\/uploads\/2020\/02\/signal-2018-07-24-124730-768x223.jpg 768w, https:\/\/www.friedenkoeln.de\/wp-content\/uploads\/2020\/02\/signal-2018-07-24-124730-1536x445.jpg 1536w\" sizes=\"auto, (max-width: 1629px) 100vw, 1629px\" \/><p id=\"caption-attachment-14637\" class=\"wp-caption-text\">Go-In auf Luftwaffenst\u00fctzpunkt B\u00fcchel am 23.7.2018 mit 7 Friedensaktivist*innen. Foto (Ausschnitt): privat \/ Atomwaffenfrei jetzt!<\/p><\/div>\n<p>Die Beklagten fordern, die Bundesregierung solle den Atomwaffensperrvertrag (Non-Proliferation Treaty, NPT)<b> <\/b>einhalten und den 2017 beschlossenen Atomwaffenverbotsvertrag der Vereinten Nationen unterzeichnen<b>. <\/b>Dazu beriefen sie sich auf die Menschenrechte, das V\u00f6lkerrecht und das Grundgesetz und f\u00fchrten ethische, theologische, medizinische und psychologische Argumente an. In B\u00fcchel werden nach \u00fcbereinstimmenden Presseberichten etwa zwanzig US-Atombomben B61 gelagert, die jeweils \u00fcber eine vielfache Sprengkraft der 1945 in Hiroshima und Nagasaki explodierten Bomben verf\u00fcgen.<\/p>\n<p>Das Amtsgericht Cochem verurteilte f\u00fcnf Mitglieder der Gruppe am 12.12.2018 wegen Hausfriedensbruchs zu 30 (in einem Fall 60) Tagess\u00e4tzen. Unter den Beklagten sind Mitglieder der \u201eDeutschen Friedensgesellschaft \u2013 Vereinigte KriegsdienstgegnerInnen\u201c (DFG-VK), der \u201eInternationale \u00c4rzte f\u00fcr die Verh\u00fctung des Atomkriegs \u2013 \u00c4rzte in sozialer Verantwortung\u201c (IPPNW), der katholischen Friedensorganisation \u201epax christi\u201c, des \u201eForum Friedensethik in der Evangelischen Landeskirche in Baden\u201c und der Qu\u00e4ker.<span class=\"Apple-converted-space\">\u00a0<\/span><\/p>\n<p>Angeklagt sind: Ariane Dettloff, Journalistin aus K\u00f6ln; Susanne Gro\u00dfmann, Grundschullehrerin aus Erlangen; Brigitte Janus, \u00c4rztin aus N\u00fcrnberg; Herbert R\u00f6mpp, Diakon aus Hilpoltstein und Ernst Ludwig Iskenius, Arzt aus L\u00fcbtheen.<\/p>\n<p>&nbsp;<\/p>\n<p><span style=\"text-decoration: underline;\"><i>Pressekontakt<\/i><\/span><br \/>\n<i>Stefanie Intveen, <\/i><a href=\"mailto:stefanie.intveen@web.de\"><i>stefanie.intveen@web.de<\/i><\/a><i>, 0151 56094920<\/i><\/p>\n<p><span style=\"text-decoration: underline;\"><i>Gerichtsverhandlung und Mahnwache<\/i><\/span><br \/>\n<i><\/i><i>Dienstag, 19.2.2020, 10:00 Uhr,<span class=\"Apple-converted-space\">\u00a0<\/span><\/i><br \/>\n<i>Landgericht Koblenz, Karmeliterstra\u00dfe 14, 56068 Koblenz, Saal 48<\/i><br \/>\n<i>Mahnwache ab 9:00 Uhr vor dem Gerichtsgeb\u00e4ude<\/i><\/p>\n<p><span style=\"text-decoration: underline;\"><i>Weitere Hinweise<span class=\"Apple-converted-space\">\u00a0<\/span><\/i><\/span><\/p>\n<ul>\n<li><i>Bericht von <a href=\"https:\/\/www.ardmediathek.de\/swr\/player\/Y3JpZDovL3N3ci5kZS9hZXgvbzExOTY5OTM\/atomwaffengegner-wegen-buechel-aktion-vor-gericht\">SWR Aktuell Rheinland-Pfalz am 4.2.2020<\/a> um 19:30 Uhr [Video verf\u00fcgbar bis 3.2.2021]<\/i><\/li>\n<li><i><a href=\"https:\/\/www.friedenkoeln.de\/wp-content\/uploads\/2020\/02\/Unterst\u00fctzung-Prozess-19.2.2020-Koblenz_Flyer_Widerst\u00e4ndige-Alte.pdf\">\u201eWir machen weiter\u201c \u2013 \u201eWiderst\u00e4ndige Alte\u201c vor Gericht \u2013 ziviler Ungehorsam bis zur atomaren Abr\u00fcstung. Flyer zum 2. Verhandlungstermin am 19.2.2020<\/a><\/i><br \/>\n<i><\/i><i><\/i><\/li>\n<li><a href=\"https:\/\/www.friedenkoeln.de\/wp-content\/uploads\/2020\/02\/Herbert-R\u00f6mpp_Einlassung-Landgericht-Koblenz_Ziviler-Ungehorsam-B\u00fcchel_20200204_Web-Redaktion_final.pdf\"><i>Herbert R\u00f6mpp, Hilpoltstein: Einlassung beim Landgericht Koblenz, 4.2.2020<\/i><\/a><br \/>\n<i><\/i><i><\/i><\/li>\n<li><a href=\"https:\/\/www.friedenkoeln.de\/wp-content\/uploads\/2020\/02\/Ernst-Ludwig-Iskenius_Einlassung-Landgericht-Koblenz_Ziviler-Ungehorsam-B\u00fcchel_20200204_Web-Redaktion_final.pdf\"><i>Ernst-Ludwig Iskenius, L\u00fcbtheen: Einlassung beim Landgericht Koblenz, 4.2.2020<\/i><\/a><br \/>\n<i><\/i><i><\/i><\/li>\n<li><a href=\"https:\/\/www.friedenkoeln.de\/wp-content\/uploads\/2020\/02\/Brigitte-Janus_Einlassung-Landgericht-Koblenz_Ziviler-Ungehorsam-B\u00fcchel_20200204_Web-Redaktion_final.pdf\"><i>Brigitte Janus, N\u00fcrnberg: Einlassung beim Landgericht Koblenz, 4.2.2020<\/i><\/a><\/li>\n<li><a href=\"https:\/\/www.friedenkoeln.de\/wp-content\/uploads\/2020\/02\/Susanne-Gro\u00dfmann_Einlassung-Landgericht-Koblenz_Ziviler-Ungehorsam-B\u00fcchel_20200204_Web-Redaktion_final.pdf\"><i>Susanne Gro\u00dfmann, Erlangen: Einlassung beim Landgericht Koblenz, 4.2.2020<\/i><\/a><br \/>\n<i><\/i><i><\/i><\/li>\n<li><a href=\"https:\/\/www.friedenkoeln.de\/wp-content\/uploads\/2020\/02\/Ariane-Dettloff_Einlassung-Landgericht-Koblenz_Ziviler-Ungehorsam-B\u00fcchel_20200204_Web-Redaktion_final.pdf\"><i>Ariane Dettloff, K\u00f6ln: Einlassung beim Landgericht Koblenz, 4.2.2020<\/i><\/a><\/li>\n<\/ul>\n<p><span style=\"text-decoration: underline;\"><i>Hintergrundinformationen<\/i><\/span><\/p>\n<p>Die Atomwaffengegner*innen hatten dem Gericht am 4.2.2020 im \u00fcberf\u00fcllten Verhandlungssaal erkl\u00e4rt, warum sie den Atomwaffen-\u00dcbungsbetrieb der Bundeswehr durch ihr \u201eGo-In\u201c auf die Startbahn des Flugplatzes B\u00fcchel (Eifel) am 23.7.2018 unterbrachen. Sie beriefen sich auf einen \u201erechtfertigenden Notstand\u201c bzw. \u201eNotwehr\u201c und wiesen insbesondere auch auf die Gefahr eines Atomkriegs aus Versehen hin, wie er beispielsweise durch Computerfehler leicht entstehen kann. Der Sachverst\u00e4ndige Prof. Dr. Karl Hans Bl\u00e4sius, Hochschule Trier, wurde allerdings vom Gericht nicht dazu geh\u00f6rt. Auch alle weiteren Beweisantr\u00e4ge lehnte die 16. kleine Strafkammer ab.<span class=\"Apple-converted-space\">\u00a0<\/span><\/p>\n<p>Die insgesamt sieben Friedensaktivist*innen hatten bundesweit Aufmerksamkeit erregt, als sie am 23.7.2018 die milit\u00e4rischen Sicherheitsanlagen des Bundeswehr-Flugplatzes \u00fcberwanden, auf der Startbahn musizierten und \u201eBlumensamen-Bomben statt Atombomben\u201c warfen. In B\u00fcchel werden nach \u00fcbereinstimmenden Presseberichten etwa zwanzig US-Atombomben B61 gelagert, die jeweils \u00fcber eine vielfache Sprengkraft der 1945 in Hiroshima und Nagasaki explodierten Bomben verf\u00fcgen. Im Kriegsfall sollen Bundeswehrpiloten die Bomben mit Tornado-Flugzeugen zu ihrem Ziel bringen und abwerfen. Deutschland hat sich im Atomwaffensperrvertrag allerdings verpflichtet, die Verf\u00fcgungsgewalt \u00fcber Atomwaffen \u201evon niemandem unmittelbar oder mittelbar anzunehmen\u201c.<\/p>\n<p>Aus Sicht der Angeklagten ist Ziviler Ungehorsam ein legales Mittel, um auf gravierende V\u00f6lkerrechtsverst\u00f6\u00dfe der Bundesrepublik Deutschland hinzuweisen. \u201eZiviler Ungehorsam, wie wir ihn praktiziert haben, l\u00f6st zwar einen Konflikt zwischen widerstreitenden Interessen aus, dieses dient aber dem Zweck, ein gr\u00f6\u00dferes Unrecht, eine Katastrophe zu verhindern\u201c, erl\u00e4utert der Arzt Ernst-Ludwig Iskenius, einer der Beklagten.<\/p>\n<p>Der K\u00f6lner Bundestagsabgeordnete Matthias Birkwald (Die Linke) erinnerte anl\u00e4sslich des Verfahrens in einem Brief daran, dass der Bundestag die Bundesregierung am 26.3.2010 aufgefordert hatte, f\u00fcr den Abtransport der US-Atombomben aus Deutschland zu sorgen: \u201eFriedlicher Protest gegen die atomare Bedrohung und der Einsatz f\u00fcr ein Land ohne Atomwaffen d\u00fcrfen nicht kriminalisiert werden. Eine Aktion, welche bei der Bundesregierung einen nicht umgesetzten Verhandlungsauftrag des Bundestages anmahnt, geh\u00f6rt erst recht nicht auf die Anklagebank.\u201c<\/p>\n<p>Die Angeklagten sind indirekt \u00fcber ihre Mitgliedschaften bei ICAN, IPPNW oder den Qu\u00e4kern Friedensnobelpreistr\u00e4ger*innen.<\/p>\n<p>Unterst\u00fctzer*innen begleiten die Beklagten nach Koblenz. Der \u00f6ffentlichen Verhandlung geht eine Mahnwache vor dem Gerichtsgeb\u00e4ude voraus.<span class=\"Apple-converted-space\">\u00a0<\/span><\/p>\n","protected":false},"excerpt":{"rendered":"<p>\u201eWiderst\u00e4ndige Alte\u201c mit Zivilem Ungehorsam f\u00fcr Abzug der US-Atomwaffen und Beitritt Deutschlands zum UN-Atomwaffenverbotsvertrag Berufungsprozess in Koblenz am 19.2.2020 ab 10:00 Uhr gegen f\u00fcnf Senior*innen wegen \u201eGo-In\u201c auf die Startbahn des Bundeswehr-Flugplatzes B\u00fcchel (Eifel)&#46;&#46;&#46;<\/p>\n","protected":false},"author":110,"featured_media":0,"comment_status":"open","ping_status":"open","sticky":false,"template":"","format":"standard","meta":{"footnotes":""},"categories":[87],"tags":[33,112,80,91,115],"class_list":["post-14635","post","type-post","status-publish","format-standard","hentry","category-pressemitteilung","tag-atomwaffen","tag-atomwaffenverbotsvertrag","tag-rechtsprechung","tag-voelkerrecht","tag-ziviler-ungehorsam"],"_links":{"self":[{"href":"https:\/\/www.friedenkoeln.de\/index.php?rest_route=\/wp\/v2\/posts\/14635","targetHints":{"allow":["GET"]}}],"collection":[{"href":"https:\/\/www.friedenkoeln.de\/index.php?rest_route=\/wp\/v2\/posts"}],"about":[{"href":"https:\/\/www.friedenkoeln.de\/index.php?rest_route=\/wp\/v2\/types\/post"}],"author":[{"embeddable":true,"href":"https:\/\/www.friedenkoeln.de\/index.php?rest_route=\/wp\/v2\/users\/110"}],"replies":[{"embeddable":true,"href":"https:\/\/www.friedenkoeln.de\/index.php?rest_route=%2Fwp%2Fv2%2Fcomments&post=14635"}],"version-history":[{"count":4,"href":"https:\/\/www.friedenkoeln.de\/index.php?rest_route=\/wp\/v2\/posts\/14635\/revisions"}],"predecessor-version":[{"id":14640,"href":"https:\/\/www.friedenkoeln.de\/index.php?rest_route=\/wp\/v2\/posts\/14635\/revisions\/14640"}],"wp:attachment":[{"href":"https:\/\/www.friedenkoeln.de\/index.php?rest_route=%2Fwp%2Fv2%2Fmedia&parent=14635"}],"wp:term":[{"taxonomy":"category","embeddable":true,"href":"https:\/\/www.friedenkoeln.de\/index.php?rest_route=%2Fwp%2Fv2%2Fcategories&post=14635"},{"taxonomy":"post_tag","embeddable":true,"href":"https:\/\/www.friedenkoeln.de\/index.php?rest_route=%2Fwp%2Fv2%2Ftags&post=14635"}],"curies":[{"name":"wp","href":"https:\/\/api.w.org\/{rel}","templated":true}]}}