{"id":14645,"date":"2020-02-16T17:36:31","date_gmt":"2020-02-16T15:36:31","guid":{"rendered":"https:\/\/www.friedenkoeln.de\/?p=14645"},"modified":"2020-02-16T17:37:34","modified_gmt":"2020-02-16T15:37:34","slug":"deutschlands-tuerkei-politik-teil-der-loesung-oder-teil-des-problems-diskussion-und-oeffentliche-erklaerung","status":"publish","type":"post","link":"https:\/\/www.friedenkoeln.de\/?p=14645","title":{"rendered":"Deutschlands T\u00fcrkei-Politik &#8211; Teil der L\u00f6sung oder Teil des Problems? Diskussion und \u00f6ffentliche Erkl\u00e4rung"},"content":{"rendered":"<p>Wir laden ein:<\/p>\n<p style=\"text-align: center;\"><strong>Diskussionsveranstaltung am Montag, 17. Februar 2020 um 18:30 Uhr in H\u00f6rsaal II im Hauptgeb\u00e4ude der Uni K\u00f6ln Albertus-Magnus-Platz, K\u00f6ln<span class=\"Apple-converted-space\">\u00a0<\/span><\/strong><\/p>\n<p>mit<\/p>\n<p style=\"text-align: center;\"><strong>Do\u011fan Akhanl\u0131, Schriftsteller<span class=\"Apple-converted-space\">\u00a0<\/span><\/strong><\/p>\n<p style=\"text-align: center;\"><strong>Sevim Da\u011fdelen, MdB, Die Linke<span class=\"Apple-converted-space\">\u00a0<\/span><\/strong><\/p>\n<p style=\"text-align: center;\"><strong>Volker L\u00f6sch, Regisseur der Oper \u201eFidelio\u201c in Bonn<span class=\"Apple-converted-space\">\u00a0<\/span><\/strong><\/p>\n<p style=\"text-align: center;\"><strong>Wolfgang Landgraeber, Journalist und Aktivist gegen Waffenexporte<span class=\"Apple-converted-space\">\u00a0<\/span><\/strong><\/p>\n<p style=\"text-align: center;\"><strong>Christian Johnsen, Pfarrer, Mitinitiator einer Klage gegen den Bundessicherheitsrat wegen Waffenexporten an die T\u00fcrkei<span class=\"Apple-converted-space\">\u00a0<\/span><\/strong><\/p>\n<p>Veranstalter: Plenum Frieden und Freiheit f\u00fcr die T\u00fcrkei und Kurdistan und zahlreiche weitere K\u00f6lner Organisationen.<\/p>\n<p><a href=\"https:\/\/www.friedenkoeln.de\/wp-content\/uploads\/2020\/02\/Ank\u00fcndigung-Veranstaltung-T\u00fcrkei.pdf\">Flyer zur Veranstaltung zum Download.<\/a><\/p>\n<hr \/>\n<p>Wir machen auf folgende\u00a0Petition zur T\u00fcrkei-\u00adPolitik der Bundesregierung aufmerksam:<span class=\"Apple-converted-space\">\u00a0<\/span><\/p>\n<p><b><i>Es liegt in unser aller Hand,\u00a0den Frieden m\u00f6glich zu machen<span class=\"Apple-converted-space\">\u00a0<\/span><\/i><\/b><\/p>\n<p>Am 18. Januar 2020 haben Pers\u00f6nlichkeiten des \u00f6ffentlichen Lebens eine Erkl\u00e4rung abgegeben, mit der sie sich gegen die Unterst\u00fctzung des Erdo\u011fan\u00adRe\u00ad gimes durch die Bundesregierung wenden und sich unter an derem f\u00fcr einen Stopp von Waffenexporten sowie einen Stopp von Abschiebungen in die T\u00fcrkei aussprechen.<span class=\"Apple-converted-space\">\u00a0<\/span><\/p>\n<p>Jede und jeder kann sich dieser Erkl\u00e4rung anschlie\u00dfen unter:<span class=\"Apple-converted-space\">\u00a0<\/span><\/p>\n<p><b><i>www.solidaritaetsbrief.org\/frieden<span class=\"Apple-converted-space\">\u00a0<\/span><\/i><\/b><\/p>\n<div id=\"attachment_14648\" style=\"width: 1000px\" class=\"wp-caption alignnone\"><img loading=\"lazy\" decoding=\"async\" aria-describedby=\"caption-attachment-14648\" class=\"size-full wp-image-14648\" src=\"https:\/\/www.friedenkoeln.de\/wp-content\/uploads\/2020\/02\/made_in_germany_kol_1.jpg\" alt=\"Bildf\u00fcllend steht ein Panzer vor einer am Horizont brennenden Stadt. Aus dem Ausguck fragt ein Soldat seinen Kollegen, der neben dem Panzer auf dem steinigen Boden steht.\" width=\"990\" height=\"691\" srcset=\"https:\/\/www.friedenkoeln.de\/wp-content\/uploads\/2020\/02\/made_in_germany_kol_1.jpg 990w, https:\/\/www.friedenkoeln.de\/wp-content\/uploads\/2020\/02\/made_in_germany_kol_1-150x105.jpg 150w, https:\/\/www.friedenkoeln.de\/wp-content\/uploads\/2020\/02\/made_in_germany_kol_1-768x536.jpg 768w\" sizes=\"auto, (max-width: 990px) 100vw, 990px\" \/><p id=\"caption-attachment-14648\" class=\"wp-caption-text\">&#8222;Ein Herr Maas aus Deutschland fragt an, ob wir vielleicht unauff\u00e4llig den Schriftzug dahinten \u00fcberpinseln k\u00f6nnten!&#8220; Karikatur: Klaus Stuttmann, 13.10.2019<\/p><\/div>\n","protected":false},"excerpt":{"rendered":"<p>Wir laden ein: Diskussionsveranstaltung am Montag, 17. Februar 2020 um 18:30 Uhr in H\u00f6rsaal II im Hauptgeb\u00e4ude der Uni K\u00f6ln Albertus-Magnus-Platz, K\u00f6ln\u00a0 mit Do\u011fan Akhanl\u0131, Schriftsteller\u00a0 Sevim Da\u011fdelen, MdB, Die Linke\u00a0 Volker L\u00f6sch, Regisseur&#46;&#46;&#46;<\/p>\n","protected":false},"author":110,"featured_media":0,"comment_status":"open","ping_status":"open","sticky":false,"template":"","format":"standard","meta":{"footnotes":""},"categories":[104],"tags":[118,99,37],"class_list":["post-14645","post","type-post","status-publish","format-standard","hentry","category-ankuendigung","tag-asyl","tag-menschenrechte","tag-ruestungsexporte"],"_links":{"self":[{"href":"https:\/\/www.friedenkoeln.de\/index.php?rest_route=\/wp\/v2\/posts\/14645","targetHints":{"allow":["GET"]}}],"collection":[{"href":"https:\/\/www.friedenkoeln.de\/index.php?rest_route=\/wp\/v2\/posts"}],"about":[{"href":"https:\/\/www.friedenkoeln.de\/index.php?rest_route=\/wp\/v2\/types\/post"}],"author":[{"embeddable":true,"href":"https:\/\/www.friedenkoeln.de\/index.php?rest_route=\/wp\/v2\/users\/110"}],"replies":[{"embeddable":true,"href":"https:\/\/www.friedenkoeln.de\/index.php?rest_route=%2Fwp%2Fv2%2Fcomments&post=14645"}],"version-history":[{"count":3,"href":"https:\/\/www.friedenkoeln.de\/index.php?rest_route=\/wp\/v2\/posts\/14645\/revisions"}],"predecessor-version":[{"id":14650,"href":"https:\/\/www.friedenkoeln.de\/index.php?rest_route=\/wp\/v2\/posts\/14645\/revisions\/14650"}],"wp:attachment":[{"href":"https:\/\/www.friedenkoeln.de\/index.php?rest_route=%2Fwp%2Fv2%2Fmedia&parent=14645"}],"wp:term":[{"taxonomy":"category","embeddable":true,"href":"https:\/\/www.friedenkoeln.de\/index.php?rest_route=%2Fwp%2Fv2%2Fcategories&post=14645"},{"taxonomy":"post_tag","embeddable":true,"href":"https:\/\/www.friedenkoeln.de\/index.php?rest_route=%2Fwp%2Fv2%2Ftags&post=14645"}],"curies":[{"name":"wp","href":"https:\/\/api.w.org\/{rel}","templated":true}]}}