{"id":14660,"date":"2020-02-23T15:09:23","date_gmt":"2020-02-23T13:09:23","guid":{"rendered":"https:\/\/www.friedenkoeln.de\/?p=14660"},"modified":"2020-02-26T00:49:16","modified_gmt":"2020-02-25T22:49:16","slug":"ziviler-ungehorsam-in-buechel-bleibt-verboten-landgericht-empfiehlt-mildere-mittel-gegen-atomwaffen-revision-eingelegt","status":"publish","type":"post","link":"https:\/\/www.friedenkoeln.de\/?p=14660","title":{"rendered":"Ziviler Ungehorsam in B\u00fcchel bleibt verboten &#8211; Landgericht empfiehlt &#8222;mildere Mittel&#8220; gegen Atomwaffen &#8211; Revision eingelegt"},"content":{"rendered":"<p style=\"text-align: left;\"><em>Es folgt die Pressemitteilung der \u201eWiderst\u00e4ndigen Alten\u201c f\u00fcr die Atomwaffenabr\u00fcstung vom 19.2.2020. Einige Beweisantr\u00e4ge und Schlussworte aus der Gerichtsverhandlung in Koblenz am 4.2. und 19.2. sind unter dem Text zum Download verlinkt. Informationen zum ersten Verhandlungstag, dem 4.2.2020, finden sich <a href=\"https:\/\/www.friedenkoeln.de\/?p=14635\">hier<\/a>.<\/em><\/p>\n<hr \/>\n<div class=\"layoutArea\">\n<div class=\"column\">\n<h4>\u201eWiderst\u00e4ndige Alte\u201c legen Revision gegen Verurteilung wegen Zivilen Ungehorsams gegen die Atomkriegs\u00fcbungen der Bundeswehr ein<\/h4>\n<\/div>\n<\/div>\n<h4>Landgericht Koblenz w\u00fcrdigt gesellschaftlich anerkannte ehrenwerte Ziele der Friedensaktivist*innen und empfiehlt \u201emildere Mittel\u201c<\/h4>\n<div class=\"layoutArea\">\n<div class=\"column\">\n<p><em>Koblenz, 19.2.2020.<\/em> Die 16. kleine Strafkammer des Landgerichts Koblenz lehnte am heutigen Mittwoch den Berufungsantrag von f\u00fcnf Friedensaktivist*innen im Alter zwischen 67 und 79 Jahren gegen eine Verurteilung wegen Hausfriedensbruchs auf dem Atombombenstandort B\u00fcchel (Eifel) ab. Das Gericht w\u00fcrdigte zwar die gesellschaftlich anerkannten ehrenwerten Ziele der Angeklagten, verwarf aber Zivilen Ungehorsam als \u201emildestes Mittel\u201c gegen die Atomwaffengefahren und verurteilte alle Angeklagten zu je 30 Tagess\u00e4tzen und die \u00dcbernahme der Gerichtskosten. Die Angeklagten legten dagegen Revision ein.<\/p>\n<div id=\"attachment_14665\" style=\"width: 2570px\" class=\"wp-caption alignnone\"><img loading=\"lazy\" decoding=\"async\" aria-describedby=\"caption-attachment-14665\" class=\"size-full wp-image-14665\" src=\"https:\/\/www.friedenkoeln.de\/wp-content\/uploads\/2020\/02\/DSC_0212-scaled.jpg\" alt=\"F\u00fcnf \u00e4ltere Menschen halten jeweils einen bunten Regenschirm hinter sich, w\u00e4hrend sie gemeinsam ein gro\u00dfes wei\u00dfes Tuchtransparent tragen, auf dem mit bunten Farben steht &quot;Widerst\u00e4ndige Alte klagen an: ATOMWAFFEN JETZT ABSCHAFFEN!\" width=\"2560\" height=\"1707\" srcset=\"https:\/\/www.friedenkoeln.de\/wp-content\/uploads\/2020\/02\/DSC_0212-scaled.jpg 2560w, https:\/\/www.friedenkoeln.de\/wp-content\/uploads\/2020\/02\/DSC_0212-150x100.jpg 150w, https:\/\/www.friedenkoeln.de\/wp-content\/uploads\/2020\/02\/DSC_0212-768x512.jpg 768w, https:\/\/www.friedenkoeln.de\/wp-content\/uploads\/2020\/02\/DSC_0212-1536x1024.jpg 1536w, https:\/\/www.friedenkoeln.de\/wp-content\/uploads\/2020\/02\/DSC_0212-2048x1365.jpg 2048w\" sizes=\"auto, (max-width: 2560px) 100vw, 2560px\" \/><p id=\"caption-attachment-14665\" class=\"wp-caption-text\">Die &#8222;Widerst\u00e4ndigen Alten&#8220; bei der Mahnwache vor dem Landgericht Koblenz am 19.2.2020 (v.l.n.r.): Ernst-Ludwig Iskenius, Susanne Gro\u00dfmann, Herbert R\u00f6mpp, Brigitte Janus, Ariane Dettloff. Foto: Stefanie Intveen<\/p><\/div>\n<p>Die Gruppe, die sich \u201eWiderst\u00e4ndige Alte\u201c nennt, hatte bundesweit f\u00fcr Aufsehen gesorgt, indem sie am 23.7.2018 die milit\u00e4rischen Sicherheitsanlagen des Bundeswehr-Flugplatzes \u00fcberwand, auf der Startbahn musizierte und \u201eBlumensamen-Bomben statt Atombomben\u201c warf.<\/p>\n<p>Das Landgericht lehnte s\u00e4mtliche Beweisantr\u00e4ge der Angeklagten ab, die ihren Zivilen Ungehorsam mit dem \u201erechtfertigenden Notstand\u201c begr\u00fcndeten, der sich aus dem fortgesetzten Bruch menschen- und v\u00f6lkerrechtlicher Normen durch die Bundesrepublik Deutschland erg\u00e4be.<\/p>\n<p>Der angeklagte Arzt Ernst-Ludwig Iskenius aus L\u00fcbtheen (Mecklenburg-Vorpommern) stellte fest, es seien viele Fragen offengeblieben: \u201eWas sollen wir denn noch tun, damit die Bundesregierung das V\u00f6lkerrecht achtet?\u201c Er appellierte an das Gericht, die W\u00e4chterfunktion der Judikative im demokratischen Staat wahrzunehmen.<\/p>\n<p>Auch die Frage des mitangeklagten Diakons Herbert R\u00f6mpp aus Hilpoltstein (Bayern), ob man die Verletzung von Grundrechten und V\u00f6lkerrecht durch die Bundesregierung einfach hinnehmen m\u00fcsse, blieb unbeantwortet.<\/p>\n<p>Die Angeklagten pl\u00e4dierten daf\u00fcr, das Gericht m\u00f6ge die grunds\u00e4tzlichen Fragen nach der Angemessenheit Zivilen Ungehorsams durch das Bundesverfassungsgericht kl\u00e4ren lassen. Das Gericht lehnte dies ab.<\/p>\n<p>Angeklagt waren: Ariane Dettloff, Journalistin aus K\u00f6ln; Susanne Gro\u00dfmann, Grundschullehrerin aus Erlangen; Brigitte Janus, \u00c4rztin aus N\u00fcrnberg; Herbert R\u00f6mpp, Diakon aus Hilpoltstein und Ernst Ludwig Iskenius, Arzt aus L\u00fcbtheen.<\/p>\n<div id=\"attachment_14667\" style=\"width: 2570px\" class=\"wp-caption alignnone\"><img loading=\"lazy\" decoding=\"async\" aria-describedby=\"caption-attachment-14667\" class=\"size-full wp-image-14667\" src=\"https:\/\/www.friedenkoeln.de\/wp-content\/uploads\/2020\/02\/DSC_0229-scaled.jpg\" alt=\"F\u00fcnf \u00e4ltere Menschen sitzen nebeneinander in einem Besprechungsraum an einer aneinanderger\u00fcckten Reihe Tische, auf denen sich Papiere befinden.\" width=\"2560\" height=\"1707\" srcset=\"https:\/\/www.friedenkoeln.de\/wp-content\/uploads\/2020\/02\/DSC_0229-scaled.jpg 2560w, https:\/\/www.friedenkoeln.de\/wp-content\/uploads\/2020\/02\/DSC_0229-150x100.jpg 150w, https:\/\/www.friedenkoeln.de\/wp-content\/uploads\/2020\/02\/DSC_0229-768x512.jpg 768w, https:\/\/www.friedenkoeln.de\/wp-content\/uploads\/2020\/02\/DSC_0229-1536x1024.jpg 1536w, https:\/\/www.friedenkoeln.de\/wp-content\/uploads\/2020\/02\/DSC_0229-2048x1365.jpg 2048w\" sizes=\"auto, (max-width: 2560px) 100vw, 2560px\" \/><p id=\"caption-attachment-14667\" class=\"wp-caption-text\">Die &#8222;Widerst\u00e4ndigen Alten&#8220; bei der Verhandlung im Landgericht Koblenz am 19.2.2020 (v.l.n.r.): Herbert R\u00f6mpp, Ariane Dettloff, Susanne Gro\u00dfmann, Brigitte Janus, Ernst-Ludwig Iskenius. Foto: Stefanie Intveen<\/p><\/div>\n<p>Pressekontakt:<br \/>\nStefanie Intveen, stefanie.intveen@web.de, 0151 56094920<br \/>\nAriane Dettloff, arianedettloff@ina-koeln.org, 0221 315783<\/p>\n<hr \/>\n<p><em>Pressemitteilung als <a href=\"https:\/\/www.friedenkoeln.de\/wp-content\/uploads\/2020\/02\/PM_Widerst\u00e4ndige-Alte_Atomwaffen_Landgericht-Koblenz_Urteil_20200219-korr-20200223.pdf\">pdf zum Download<\/a>.<\/em><\/p>\n<\/div>\n<p><i>Hinweise:<\/i><\/p>\n<\/div>\n<ul>\n<li><a href=\"https:\/\/www.friedenkoeln.de\/wp-content\/uploads\/2020\/02\/20200217-Beweisantrag-Kramp-Karrenbauer.pdf\"><em>Beweisantrag &#8222;Gefahr \/ V\u00f6lkerrechtsbruch etc. &#8211; Annegret Kramp-Karrenbauer&#8220;<\/em><\/a><\/li>\n<li><a href=\"https:\/\/www.friedenkoeln.de\/wp-content\/uploads\/2020\/02\/Beweisantrag_Ralf-Becker_Wirksamkeit-des-Zivilen-Ungehorsams_Landgericht-Koblenz_20200219.pdf\"><em>Beweisantrag &#8222;Wirksamkeit Zivilen Ungehorsams &#8211; Ralf Becker&#8220;<\/em><\/a><\/li>\n<li><a href=\"https:\/\/www.friedenkoeln.de\/wp-content\/uploads\/2020\/02\/Herbert-R\u00f6mpp_Schlusswort_Landgericht-Koblenz_20200219_-SW-neu-nach-m\u00fcndlichem-Vortrag_EF_21.2.2020-1208h.pdf\"><em>Herbert R\u00f6mpp: Schlusswort beim Landgericht Koblenz am 19.2.2020<\/em><\/a><\/li>\n<li><em><a href=\"https:\/\/www.friedenkoeln.de\/wp-content\/uploads\/2020\/02\/Ernst-Ludwig-Iskenius_Schlusswort-Landgericht-Koblenz_20200219.pdf\">Ernst-Ludwig Iskenius: Schlusswort beim Landgericht Koblenz am 19.2.2020<\/a><\/em><\/li>\n<li><a href=\"https:\/\/www.friedenkoeln.de\/wp-content\/uploads\/2020\/02\/Brigitte-Janus_Schlusswort-Landgericht-Koblenz_2020219_final.pdf\"><em>Brigitte Janus: Schlusswort beim Landgericht Koblenz am 19.2.2020<\/em><\/a><\/li>\n<li><a href=\"https:\/\/www.friedenkoeln.de\/wp-content\/uploads\/2020\/02\/Susanne-Gro\u00dfmann_Schlusswort_Landgericht-Koblenz_20200219_Susanne-19.2.20-endg\u00fcltig-1.pdf\"><em>Susanne Gro\u00dfmann: Schlusswort beim Landgericht Koblenz am 19.2.2020<\/em><\/a><\/li>\n<li><a href=\"https:\/\/www.friedenkoeln.de\/wp-content\/uploads\/2020\/02\/Ariane-Dettloff_Schlusswort-Amtsgericht-Cochem_20190626.pdf\"><em>Ariane Dettloff: Schlusswort beim Landgericht Koblenz am 19.2.2020<\/em><\/a><\/li>\n<\/ul>\n<p><em>\u00c4ltere Hinweise:<\/em><\/p>\n<div class=\"layoutArea\">\n<ul>\n<li><i>Bericht von <a href=\"https:\/\/www.ardmediathek.de\/swr\/player\/Y3JpZDovL3N3ci5kZS9hZXgvbzExOTY5OTM\/atomwaffengegner-wegen-buechel-aktion-vor-gericht\">SWR Aktuell Rheinland-Pfalz am 4.2.2020<\/a> um 19:30 Uhr [Video verf\u00fcgbar bis 3.2.2021]<\/i><\/li>\n<li><i><a href=\"https:\/\/www.friedenkoeln.de\/wp-content\/uploads\/2020\/02\/Unterst\u00fctzung-Prozess-19.2.2020-Koblenz_Flyer_Widerst\u00e4ndige-Alte.pdf\">\u201eWir machen weiter\u201c \u2013 \u201eWiderst\u00e4ndige Alte\u201c vor Gericht \u2013 ziviler Ungehorsam bis zur atomaren Abr\u00fcstung. Flyer zum 2. Verhandlungstermin am 19.2.2020<\/a><\/i><\/li>\n<li><a href=\"https:\/\/www.friedenkoeln.de\/wp-content\/uploads\/2020\/02\/Herbert-R\u00f6mpp_Einlassung-Landgericht-Koblenz_Ziviler-Ungehorsam-B\u00fcchel_20200204_Web-Redaktion_final.pdf\"><i>Herbert R\u00f6mpp, Hilpoltstein: Einlassung beim Landgericht Koblenz, 4.2.2020<\/i><\/a><\/li>\n<li><a href=\"https:\/\/www.friedenkoeln.de\/wp-content\/uploads\/2020\/02\/Ernst-Ludwig-Iskenius_Einlassung-Landgericht-Koblenz_Ziviler-Ungehorsam-B\u00fcchel_20200204_Web-Redaktion_final.pdf\"><i>Ernst-Ludwig Iskenius, L\u00fcbtheen: Einlassung beim Landgericht Koblenz, 4.2.2020<\/i><\/a><\/li>\n<li><a href=\"https:\/\/www.friedenkoeln.de\/wp-content\/uploads\/2020\/02\/Brigitte-Janus_Einlassung-Landgericht-Koblenz_Ziviler-Ungehorsam-B\u00fcchel_20200204_Web-Redaktion_final.pdf\"><i>Brigitte Janus, N\u00fcrnberg: Einlassung beim Landgericht Koblenz, 4.2.2020<\/i><\/a><\/li>\n<li><a href=\"https:\/\/www.friedenkoeln.de\/wp-content\/uploads\/2020\/02\/Susanne-Gro\u00dfmann_Einlassung-Landgericht-Koblenz_Ziviler-Ungehorsam-B\u00fcchel_20200204_Web-Redaktion_final.pdf\"><i>Susanne Gro\u00dfmann, Erlangen: Einlassung beim Landgericht Koblenz, 4.2.2020<\/i><\/a><\/li>\n<li><a href=\"https:\/\/www.friedenkoeln.de\/wp-content\/uploads\/2020\/02\/Ariane-Dettloff_Einlassung-Landgericht-Koblenz_Ziviler-Ungehorsam-B\u00fcchel_20200204_Web-Redaktion_final.pdf\"><i>Ariane Dettloff, K\u00f6ln: Einlassung beim Landgericht Koblenz, 4.2.2020<\/i><\/a><\/li>\n<\/ul>\n<p><em>Letzte Aktualisierung: 25.2.2020 (verlinkte Dokumente)<\/em><\/p>\n<\/div>\n","protected":false},"excerpt":{"rendered":"<p>Es folgt die Pressemitteilung der \u201eWiderst\u00e4ndigen Alten\u201c f\u00fcr die Atomwaffenabr\u00fcstung vom 19.2.2020. Einige Beweisantr\u00e4ge und Schlussworte aus der Gerichtsverhandlung in Koblenz am 4.2. und 19.2. sind unter dem Text zum Download verlinkt. Informationen zum&#46;&#46;&#46;<\/p>\n","protected":false},"author":110,"featured_media":14665,"comment_status":"open","ping_status":"open","sticky":false,"template":"","format":"standard","meta":{"footnotes":""},"categories":[87],"tags":[33,80,91,115],"class_list":["post-14660","post","type-post","status-publish","format-standard","has-post-thumbnail","hentry","category-pressemitteilung","tag-atomwaffen","tag-rechtsprechung","tag-voelkerrecht","tag-ziviler-ungehorsam"],"_links":{"self":[{"href":"https:\/\/www.friedenkoeln.de\/index.php?rest_route=\/wp\/v2\/posts\/14660","targetHints":{"allow":["GET"]}}],"collection":[{"href":"https:\/\/www.friedenkoeln.de\/index.php?rest_route=\/wp\/v2\/posts"}],"about":[{"href":"https:\/\/www.friedenkoeln.de\/index.php?rest_route=\/wp\/v2\/types\/post"}],"author":[{"embeddable":true,"href":"https:\/\/www.friedenkoeln.de\/index.php?rest_route=\/wp\/v2\/users\/110"}],"replies":[{"embeddable":true,"href":"https:\/\/www.friedenkoeln.de\/index.php?rest_route=%2Fwp%2Fv2%2Fcomments&post=14660"}],"version-history":[{"count":16,"href":"https:\/\/www.friedenkoeln.de\/index.php?rest_route=\/wp\/v2\/posts\/14660\/revisions"}],"predecessor-version":[{"id":14701,"href":"https:\/\/www.friedenkoeln.de\/index.php?rest_route=\/wp\/v2\/posts\/14660\/revisions\/14701"}],"wp:featuredmedia":[{"embeddable":true,"href":"https:\/\/www.friedenkoeln.de\/index.php?rest_route=\/wp\/v2\/media\/14665"}],"wp:attachment":[{"href":"https:\/\/www.friedenkoeln.de\/index.php?rest_route=%2Fwp%2Fv2%2Fmedia&parent=14660"}],"wp:term":[{"taxonomy":"category","embeddable":true,"href":"https:\/\/www.friedenkoeln.de\/index.php?rest_route=%2Fwp%2Fv2%2Fcategories&post=14660"},{"taxonomy":"post_tag","embeddable":true,"href":"https:\/\/www.friedenkoeln.de\/index.php?rest_route=%2Fwp%2Fv2%2Ftags&post=14660"}],"curies":[{"name":"wp","href":"https:\/\/api.w.org\/{rel}","templated":true}]}}