{"id":14684,"date":"2020-02-24T07:00:43","date_gmt":"2020-02-24T05:00:43","guid":{"rendered":"https:\/\/www.friedenkoeln.de\/?p=14684"},"modified":"2020-02-23T21:13:40","modified_gmt":"2020-02-23T19:13:40","slug":"gespraech-statt-gemetzel-karoline-caesar-berichtet-beim-dfg-vk-treffen-ueber-erfahrungen-mit-ziviler-konfliktbearbeitung-in-burundi","status":"publish","type":"post","link":"https:\/\/www.friedenkoeln.de\/?p=14684","title":{"rendered":"&#8222;Gespr\u00e4ch statt Gemetzel&#8220; &#8211; Karoline Caesar berichtet bei DFG-VK K\u00f6ln \u00fcber zivile Konfliktbearbeitung in Burundi"},"content":{"rendered":"<p>Bei unseren monatlichen Gruppentreffen schaffen wir es meist, ein inhaltliches Thema zu diskutieren. Dazu bereitet ein Gruppenmitglied einen kurzen Beitrag vor. Diskutiert haben wir beispielsweise \u00fcber die Situation zwischen Iran\/Irak\/USA, die Konfrontation zwischen NATO und Russland, das Konzept der gemeinsamen Sicherheit, den Bundestagsbeschluss \u00fcber den Bundeswehr-Einsatz im Syrienkrieg oder die zivil-milit\u00e4rische Zusammenarbeit der\u00a0REWE Group mit der Bundeswehr.<\/p>\n<p>Beim Treffen am 27.2.2020, 19:30 Uhr, im Friedensbildungswerk K\u00f6ln wird unser Gast <strong>Karoline Caesar, Mediatorin in Bonn<\/strong>, ein Thema zur Diskussion stellen. Sie berichtet \u00fcber ihre Erfahrungen in der <strong>zivilen Konfliktbearbeitung in Burundi: &#8222;Gespr\u00e4ch statt Gemetzel&#8220;<\/strong> (so der Titel eines aktuellen Artikels der Zeitschrift &#8222;brand eins&#8220; zum selben Thema).<\/p>\n<p>Wir bedanken uns und freuen uns auf ihr Kommen!<\/p>\n<hr \/>\n<p><em>Wer an unserem Gruppentreffen teilnehmen m\u00f6chte, ohne DFG-VK-Mitglied zu sein, ist dazu herzlich eingeladen. Wir bitten aber um vorherige Anmeldung per Email an kontakt@friedenkoeln.de.<\/em><\/p>\n<div id=\"attachment_14221\" style=\"width: 2058px\" class=\"wp-caption alignnone\"><img loading=\"lazy\" decoding=\"async\" aria-describedby=\"caption-attachment-14221\" class=\"size-full wp-image-14221\" src=\"https:\/\/www.friedenkoeln.de\/wp-content\/uploads\/2019\/09\/20190831_KRM_1120864.jpg\" alt=\"Ein dunkelblauer VW-Transporter mit einer Comic-Figur, die einen Sch\u00fcler darstellt.\" width=\"2048\" height=\"1234\" srcset=\"https:\/\/www.friedenkoeln.de\/wp-content\/uploads\/2019\/09\/20190831_KRM_1120864.jpg 2048w, https:\/\/www.friedenkoeln.de\/wp-content\/uploads\/2019\/09\/20190831_KRM_1120864-150x90.jpg 150w, https:\/\/www.friedenkoeln.de\/wp-content\/uploads\/2019\/09\/20190831_KRM_1120864-768x463.jpg 768w\" sizes=\"auto, (max-width: 2048px) 100vw, 2048px\" \/><p id=\"caption-attachment-14221\" class=\"wp-caption-text\">&#8222;Frieden schaffen ohne Waffen!&#8220; &#8211; Bulli der DFG-VK am 31.8.2019 auf dem Alter Markt, K\u00f6ln. Foto: Klaus Reinhard M\u00fcller (CC BY-SA 4.0)<\/p><\/div>\n","protected":false},"excerpt":{"rendered":"<p>Bei unseren monatlichen Gruppentreffen schaffen wir es meist, ein inhaltliches Thema zu diskutieren. Dazu bereitet ein Gruppenmitglied einen kurzen Beitrag vor. Diskutiert haben wir beispielsweise \u00fcber die Situation zwischen Iran\/Irak\/USA, die Konfrontation zwischen NATO&#46;&#46;&#46;<\/p>\n","protected":false},"author":110,"featured_media":14221,"comment_status":"open","ping_status":"open","sticky":false,"template":"","format":"standard","meta":{"footnotes":""},"categories":[104,102],"tags":[173,4,145],"class_list":["post-14684","post","type-post","status-publish","format-standard","has-post-thumbnail","hentry","category-ankuendigung","category-in-eigener-sache","tag-entwicklungszusammenarbeit","tag-zivile-konfliktloesung","tag-ziviler-friedensdienst"],"_links":{"self":[{"href":"https:\/\/www.friedenkoeln.de\/index.php?rest_route=\/wp\/v2\/posts\/14684","targetHints":{"allow":["GET"]}}],"collection":[{"href":"https:\/\/www.friedenkoeln.de\/index.php?rest_route=\/wp\/v2\/posts"}],"about":[{"href":"https:\/\/www.friedenkoeln.de\/index.php?rest_route=\/wp\/v2\/types\/post"}],"author":[{"embeddable":true,"href":"https:\/\/www.friedenkoeln.de\/index.php?rest_route=\/wp\/v2\/users\/110"}],"replies":[{"embeddable":true,"href":"https:\/\/www.friedenkoeln.de\/index.php?rest_route=%2Fwp%2Fv2%2Fcomments&post=14684"}],"version-history":[{"count":9,"href":"https:\/\/www.friedenkoeln.de\/index.php?rest_route=\/wp\/v2\/posts\/14684\/revisions"}],"predecessor-version":[{"id":14693,"href":"https:\/\/www.friedenkoeln.de\/index.php?rest_route=\/wp\/v2\/posts\/14684\/revisions\/14693"}],"wp:featuredmedia":[{"embeddable":true,"href":"https:\/\/www.friedenkoeln.de\/index.php?rest_route=\/wp\/v2\/media\/14221"}],"wp:attachment":[{"href":"https:\/\/www.friedenkoeln.de\/index.php?rest_route=%2Fwp%2Fv2%2Fmedia&parent=14684"}],"wp:term":[{"taxonomy":"category","embeddable":true,"href":"https:\/\/www.friedenkoeln.de\/index.php?rest_route=%2Fwp%2Fv2%2Fcategories&post=14684"},{"taxonomy":"post_tag","embeddable":true,"href":"https:\/\/www.friedenkoeln.de\/index.php?rest_route=%2Fwp%2Fv2%2Ftags&post=14684"}],"curies":[{"name":"wp","href":"https:\/\/api.w.org\/{rel}","templated":true}]}}