{"id":14710,"date":"2020-03-04T07:00:01","date_gmt":"2020-03-04T05:00:01","guid":{"rendered":"https:\/\/www.friedenkoeln.de\/?p=14710"},"modified":"2020-03-02T20:56:27","modified_gmt":"2020-03-02T18:56:27","slug":"miteinander-statt-uebereinander-reden-veteranenkultur-e-v-beim-naechsten-treffen-der-dfg-vk-gruppe-koeln","status":"publish","type":"post","link":"https:\/\/www.friedenkoeln.de\/?p=14710","title":{"rendered":"Miteinander statt \u00fcbereinander reden: &#8222;Veteranenkultur e. V.&#8220; beim n\u00e4chsten Treffen der DFG-VK Gruppe K\u00f6ln"},"content":{"rendered":"<p>Bei unseren monatlichen Gruppentreffen schaffen wir es meist, ein inhaltliches Thema zu diskutieren. Dazu bereitet ein Gruppenmitglied einen kurzen Beitrag vor. Manchmal laden wir auch G\u00e4ste dazu ein. Im Februar brachte uns Karoline Caesar, Mediatorin in Bonn, Respekt vor der Leistung Hunderter Mediator*innen bei, die es in Burundi in zahlreichen D\u00f6rfern immer wieder schaffen, Gewaltausbr\u00fcche zu verhindern oder einzud\u00e4mmen.<\/p>\n<p>Beim n\u00e4chsten Treffen am 26.3.2020, 19:30 Uhr, im Friedensbildungswerk K\u00f6ln freuen wir uns auf <strong>Mitglieder des 2018 gegr\u00fcndeten K\u00f6lner Vereins &#8222;Veteranenkultur e. V.&#8220;<\/strong> Der Verein vertritt die Interessen ehemaliger &#8222;Einsatzveteran*innen&#8220; der Bundeswehr.<\/p>\n<p>Wir bedanken uns und sind gespannt!<\/p>\n<div id=\"attachment_14713\" style=\"width: 2570px\" class=\"wp-caption aligncenter\"><img loading=\"lazy\" decoding=\"async\" aria-describedby=\"caption-attachment-14713\" class=\"size-full wp-image-14713\" src=\"https:\/\/www.friedenkoeln.de\/wp-content\/uploads\/2020\/03\/DSC_0189-scaled.jpg\" alt=\"Ein aufgeschlagenes Buch zeigt rechts eine Frau mit Sonnenbrille in blauer Bluse und Jeans, die an einem sonnigen Tag auf einem wei\u00dfen Gartenstuhl vor einem See sitzt. Links ist ihr Name - Jenni Bruns - und viel Text gedruckt.\" width=\"2560\" height=\"1707\" srcset=\"https:\/\/www.friedenkoeln.de\/wp-content\/uploads\/2020\/03\/DSC_0189-scaled.jpg 2560w, https:\/\/www.friedenkoeln.de\/wp-content\/uploads\/2020\/03\/DSC_0189-150x100.jpg 150w, https:\/\/www.friedenkoeln.de\/wp-content\/uploads\/2020\/03\/DSC_0189-768x512.jpg 768w, https:\/\/www.friedenkoeln.de\/wp-content\/uploads\/2020\/03\/DSC_0189-1536x1024.jpg 1536w, https:\/\/www.friedenkoeln.de\/wp-content\/uploads\/2020\/03\/DSC_0189-2048x1365.jpg 2048w\" sizes=\"auto, (max-width: 2560px) 100vw, 2560px\" \/><p id=\"caption-attachment-14713\" class=\"wp-caption-text\">Blick ins Buch: Roman Bracht: 80 mm. Einsatzveteranen der Bundeswehr, 2019. Foto: Stefanie Intveen<\/p><\/div>\n<hr \/>\n<p><em>Wer an unserem Gruppentreffen teilnehmen m\u00f6chte, ohne DFG-VK-Mitglied zu sein, ist dazu herzlich eingeladen. Wir bitten aber um vorherige Anmeldung per Email an kontakt@friedenkoeln.de.<\/em><\/p>\n","protected":false},"excerpt":{"rendered":"<p>Bei unseren monatlichen Gruppentreffen schaffen wir es meist, ein inhaltliches Thema zu diskutieren. Dazu bereitet ein Gruppenmitglied einen kurzen Beitrag vor. Manchmal laden wir auch G\u00e4ste dazu ein. Im Februar brachte uns Karoline Caesar,&#46;&#46;&#46;<\/p>\n","protected":false},"author":110,"featured_media":0,"comment_status":"open","ping_status":"open","sticky":false,"template":"","format":"standard","meta":{"footnotes":""},"categories":[104,102],"tags":[48],"class_list":["post-14710","post","type-post","status-publish","format-standard","hentry","category-ankuendigung","category-in-eigener-sache","tag-bundeswehr"],"_links":{"self":[{"href":"https:\/\/www.friedenkoeln.de\/index.php?rest_route=\/wp\/v2\/posts\/14710","targetHints":{"allow":["GET"]}}],"collection":[{"href":"https:\/\/www.friedenkoeln.de\/index.php?rest_route=\/wp\/v2\/posts"}],"about":[{"href":"https:\/\/www.friedenkoeln.de\/index.php?rest_route=\/wp\/v2\/types\/post"}],"author":[{"embeddable":true,"href":"https:\/\/www.friedenkoeln.de\/index.php?rest_route=\/wp\/v2\/users\/110"}],"replies":[{"embeddable":true,"href":"https:\/\/www.friedenkoeln.de\/index.php?rest_route=%2Fwp%2Fv2%2Fcomments&post=14710"}],"version-history":[{"count":3,"href":"https:\/\/www.friedenkoeln.de\/index.php?rest_route=\/wp\/v2\/posts\/14710\/revisions"}],"predecessor-version":[{"id":14714,"href":"https:\/\/www.friedenkoeln.de\/index.php?rest_route=\/wp\/v2\/posts\/14710\/revisions\/14714"}],"wp:attachment":[{"href":"https:\/\/www.friedenkoeln.de\/index.php?rest_route=%2Fwp%2Fv2%2Fmedia&parent=14710"}],"wp:term":[{"taxonomy":"category","embeddable":true,"href":"https:\/\/www.friedenkoeln.de\/index.php?rest_route=%2Fwp%2Fv2%2Fcategories&post=14710"},{"taxonomy":"post_tag","embeddable":true,"href":"https:\/\/www.friedenkoeln.de\/index.php?rest_route=%2Fwp%2Fv2%2Ftags&post=14710"}],"curies":[{"name":"wp","href":"https:\/\/api.w.org\/{rel}","templated":true}]}}