{"id":14721,"date":"2020-03-03T07:00:40","date_gmt":"2020-03-03T05:00:40","guid":{"rendered":"https:\/\/www.friedenkoeln.de\/?p=14721"},"modified":"2020-03-02T23:48:31","modified_gmt":"2020-03-02T21:48:31","slug":"soleimani-mord-ueber-ramstein-ferngesteuert-dfg-vk-gruppe-koeln-unterstuetzt-strafanzeige-gegen-mitglieder-der-bundesregierung","status":"publish","type":"post","link":"https:\/\/www.friedenkoeln.de\/?p=14721","title":{"rendered":"Soleimani-Mord \u00fcber Ramstein ferngesteuert? &#8211; DFG-VK Gruppe K\u00f6ln unterst\u00fctzt Strafanzeige gegen Mitglieder der Bundesregierung"},"content":{"rendered":"<div dir=\"auto\">\n<p><em><em>In einem Brief an die Bundestagsabgeordnete und Vorsitzende der Partei Die Linke Katja Kipping unterst\u00fctzen wir die <a href=\"https:\/\/neu-alexander.de\/files\/2020\/02\/27.2.2020-Strafanzeige-1.pdf\">Strafanzeige<\/a>, die acht Bundestagsabgeordnete derselben Partei am 27.2.2020 gegen Mitglieder der Bundesregierung wegen Beihilfe durch Unterlassen zur T\u00f6tung von Qassem Soleimani, Abu Mahdi al-Muhandis sowie weiteren Personen gestellt haben.<\/em><\/em><\/p>\n<hr \/>\n<\/div>\n<p>Frau Katja Kipping<br \/>\nMitglied des Deutschen Bundestages, Vorsitzende der Partei DIE LINKE Bundestagsb\u00fcro Berlin<br \/>\nPlatz der Republik 1<br \/>\n11011 Berlin<span class=\"Apple-converted-space\">\u00a0<\/span><\/p>\n<h4>Strafanzeige von MdB Dr. Alexander S. Neu u. a.<br \/>\ngegen Mitglieder der Bundesregierung vom 27.2.2020 \/ T\u00f6tung von u. a. Qassem Soleimani<span class=\"Apple-converted-space\">\u00a0<\/span><\/h4>\n<h4>Ihr Tweet vom 28.2.2020<span class=\"Apple-converted-space\">\u00a0<\/span><\/h4>\n<p>Sehr geehrte Frau Abgeordnete Kipping,<span class=\"Apple-converted-space\">\u00a0<\/span><\/p>\n<p>am 27.2.2020 haben acht Abgeordnete des Deutschen Bundestages &#8211; Mitglieder Ihrer Fraktion &#8211; beim Generalbundesanwalt Strafanzeige gegen Mitglieder der Bundesregierung und weitere Beteiligte wegen Beihilfe durch Unterlassen zur T\u00f6tung von Qassem Soleimani, Abu Mahdi al-Muhandis sowie weiteren Personen erstattet.<span class=\"Apple-converted-space\">\u00a0<\/span><\/p>\n<p>\u00dcber Twitter erkl\u00e4rten Sie am 28.2.2020:<\/p>\n<blockquote><p>Diese Aktionen von 8 einzelnen Abgeordneten halte ich f\u00fcr falsch. Sie war weder mit Fraktions- noch Parteispitze abgestimmt. Insofern ist es ausdr\u00fccklich KEINE Klage von @dieLinke.<\/p><\/blockquote>\n<p>Wir bitten Sie h\u00f6flich darum, die Strafanzeige zu unterst\u00fctzen und die m\u00f6glicherweise bestehenden Kommunikationsprobleme innerhalb von Partei und Fraktion getrennt davon zu behandeln.<span class=\"Apple-converted-space\">\u00a0<\/span><\/p>\n<div id=\"attachment_14731\" style=\"width: 538px\" class=\"wp-caption alignright\"><img loading=\"lazy\" decoding=\"async\" aria-describedby=\"caption-attachment-14731\" class=\" wp-image-14731\" src=\"https:\/\/www.friedenkoeln.de\/wp-content\/uploads\/2020\/03\/P2100849_1-1.jpg\" alt=\"\" width=\"528\" height=\"334\" srcset=\"https:\/\/www.friedenkoeln.de\/wp-content\/uploads\/2020\/03\/P2100849_1-1.jpg 2048w, https:\/\/www.friedenkoeln.de\/wp-content\/uploads\/2020\/03\/P2100849_1-1-150x95.jpg 150w, https:\/\/www.friedenkoeln.de\/wp-content\/uploads\/2020\/03\/P2100849_1-1-768x486.jpg 768w, https:\/\/www.friedenkoeln.de\/wp-content\/uploads\/2020\/03\/P2100849_1-1-1536x971.jpg 1536w, https:\/\/www.friedenkoeln.de\/wp-content\/uploads\/2020\/03\/P2100849_1-1-80x50.jpg 80w\" sizes=\"auto, (max-width: 528px) 100vw, 528px\" \/><p id=\"caption-attachment-14731\" class=\"wp-caption-text\">&#8222;Deutschland aktiv im Drohnenkrieg?&#8220; Veranstaltung mit Michael S\u00fcnner und L\u00fchr Henken (v. l. n. r.) am 14.9.2016 in der Lutherkirche S\u00fcdstadt, K\u00f6ln. Foto: Klaus M\u00fcller.<\/p><\/div>\n<p>Seit 2013 bekannt wurde, dass die USA einen geheimen Drohnenkrieg in mehreren L\u00e4ndern des Nahen und Mittleren Ostens und Afrikas unter Verletzung des humanit\u00e4ren V\u00f6lkerrechts f\u00fchren und dabei Anlagen, die auf dem Milit\u00e4rflughafen Ramstein \/ Rheinland-Pfalz gelegen sind, nutzen, haben wir mit zunehmender Besorgnis, ja mit Entsetzen und Abscheu feststellen m\u00fcssen, dass die Bundesregierung keine erkennbaren Ma\u00dfnahmen ergreift, um diesen menschenverachtenden, kriminellen Aktivit\u00e4ten ein Ende zu setzen.<\/p>\n<p>Wir teilen die im Grundgesetz verankerte und oft erkl\u00e4rte Auffassung der Bundesregierung: dass die W\u00fcrde des Menschen unantastbar sei, dass Menschenrechte zu achten seien, dass Rassismus, Antisemitismus und Menschenfeindlichkeit keinen Platz in Deutschland haben sollen. Auch deshalb haben wir kein Verst\u00e4ndnis daf\u00fcr, dass Mitglieder der Bundesregierung durch ihr Verhalten im Drohnenkrieg den Eindruck erwecken, als st\u00fcnden sie \u00fcber dem Gesetz.<span class=\"Apple-converted-space\">\u00a0<\/span><\/p>\n<p>Wir begr\u00fc\u00dfen die Strafanzeige auch, weil uns beunruhigt, dass die Bundesregierung das V\u00f6lkerrecht zuletzt nicht zur \u00f6ffentlichen Beurteilung und Beilegung eines Staatenkonfliktes herangezogen hat. Der K\u00f6lner V\u00f6lkerrechtler Claus Kre\u00df wies am 4.10.2019 im K\u00f6lner Stadtanzeiger anl\u00e4sslich des t\u00fcrkischen Angriffs auf Syrien darauf hin, dass weder die Bundesregierung noch eine andere NATO-Regierung die T\u00fcrkei \u00f6ffentlich aufgefordert h\u00e4tte,<\/p>\n<blockquote><p>der Welt\u00f6ffentlichkeit die Vereinbarkeit ihrer in Aussicht gestellten Milit\u00e4roperation mit dem V\u00f6lkerrecht nachpr\u00fcfbar zu begr\u00fcnden.<\/p><\/blockquote>\n<p>Kre\u00df warnte:<\/p>\n<blockquote><p>Der Internationale Gerichtshof bezeichnet das v\u00f6lkerrechtliche Gewaltverbot ganz zu Recht als einen Eckstein der internationalen Rechtsordnung. Ist kollektives v\u00f6lkerrechtliches Schweigen die Reaktion darauf, dass das Gewaltverbot im hellsten Licht der Welt\u00f6ffentlichkeit massiv in Frage gestellt wird, so droht der Eckstein ins Wanken zu geraten.<\/p><\/blockquote>\n<p>Wir bitten Sie daher, sich innerhalb der Fraktion und Partei DIE LINKE, wie auch fraktions- und partei\u00fcbergreifend f\u00fcr die Unterst\u00fctzung der Strafanzeige und aller folgenden Aktivit\u00e4ten und f\u00fcr die Achtung des Rechts und insbesondere des V\u00f6lkerrechts durch die Bundesregierung einzusetzen.<span class=\"Apple-converted-space\">\u00a0<\/span><\/p>\n<p>Bitte halten Sie uns \u00fcber Ihre n\u00e4chsten Schritte diesbez\u00fcglich informiert.<span class=\"Apple-converted-space\">\u00a0<\/span><\/p>\n<p>Vielen Dank.<span class=\"Apple-converted-space\">\u00a0<\/span><\/p>\n<p>Mit freundlichen Gr\u00fc\u00dfen,<span class=\"Apple-converted-space\">\u00a0<\/span><\/p>\n<p>Deutsche Friedensgesellschaft &#8211; Vereinigte KriegsdienstgegnerInnen e. V.<br \/>\nGruppe K\u00f6ln<span class=\"Apple-converted-space\">\u00a0<\/span><\/p>\n<hr \/>\n<div class=\"\" dir=\"auto\"><em>Unser Brief als <a href=\"https:\/\/www.friedenkoeln.de\/wp-content\/uploads\/2020\/03\/DFG-VK-Gruppe-K\u00f6ln-a-Katja-Kipping-LINKE_Strafanzeige-BuReg-w-T\u00f6tung-Soleimani_20200301_final.pdf\">pdf zum Download<\/a>.<\/em><\/div>\n","protected":false},"excerpt":{"rendered":"<p>In einem Brief an die Bundestagsabgeordnete und Vorsitzende der Partei Die Linke Katja Kipping unterst\u00fctzen wir die Strafanzeige, die acht Bundestagsabgeordnete derselben Partei am 27.2.2020 gegen Mitglieder der Bundesregierung wegen Beihilfe durch Unterlassen zur&#46;&#46;&#46;<\/p>\n","protected":false},"author":110,"featured_media":14731,"comment_status":"open","ping_status":"open","sticky":false,"template":"","format":"standard","meta":{"footnotes":""},"categories":[141],"tags":[174,99,80,91],"class_list":["post-14721","post","type-post","status-publish","format-standard","has-post-thumbnail","hentry","category-brief","tag-drohnenkrieg","tag-menschenrechte","tag-rechtsprechung","tag-voelkerrecht"],"_links":{"self":[{"href":"https:\/\/www.friedenkoeln.de\/index.php?rest_route=\/wp\/v2\/posts\/14721","targetHints":{"allow":["GET"]}}],"collection":[{"href":"https:\/\/www.friedenkoeln.de\/index.php?rest_route=\/wp\/v2\/posts"}],"about":[{"href":"https:\/\/www.friedenkoeln.de\/index.php?rest_route=\/wp\/v2\/types\/post"}],"author":[{"embeddable":true,"href":"https:\/\/www.friedenkoeln.de\/index.php?rest_route=\/wp\/v2\/users\/110"}],"replies":[{"embeddable":true,"href":"https:\/\/www.friedenkoeln.de\/index.php?rest_route=%2Fwp%2Fv2%2Fcomments&post=14721"}],"version-history":[{"count":10,"href":"https:\/\/www.friedenkoeln.de\/index.php?rest_route=\/wp\/v2\/posts\/14721\/revisions"}],"predecessor-version":[{"id":14734,"href":"https:\/\/www.friedenkoeln.de\/index.php?rest_route=\/wp\/v2\/posts\/14721\/revisions\/14734"}],"wp:featuredmedia":[{"embeddable":true,"href":"https:\/\/www.friedenkoeln.de\/index.php?rest_route=\/wp\/v2\/media\/14731"}],"wp:attachment":[{"href":"https:\/\/www.friedenkoeln.de\/index.php?rest_route=%2Fwp%2Fv2%2Fmedia&parent=14721"}],"wp:term":[{"taxonomy":"category","embeddable":true,"href":"https:\/\/www.friedenkoeln.de\/index.php?rest_route=%2Fwp%2Fv2%2Fcategories&post=14721"},{"taxonomy":"post_tag","embeddable":true,"href":"https:\/\/www.friedenkoeln.de\/index.php?rest_route=%2Fwp%2Fv2%2Ftags&post=14721"}],"curies":[{"name":"wp","href":"https:\/\/api.w.org\/{rel}","templated":true}]}}