{"id":14735,"date":"2020-03-05T16:22:10","date_gmt":"2020-03-05T14:22:10","guid":{"rendered":"https:\/\/www.friedenkoeln.de\/?p=14735"},"modified":"2020-03-05T16:22:10","modified_gmt":"2020-03-05T14:22:10","slug":"fortbildung-in-koeln-multiplikatorin-fuer-sicherheit-neu-denken","status":"publish","type":"post","link":"https:\/\/www.friedenkoeln.de\/?p=14735","title":{"rendered":"Fortbildung in K\u00f6ln: Multiplikator*in f\u00fcr &#8222;Sicherheit neu denken&#8220;!"},"content":{"rendered":"<h4>\u201eWir \u00fcbernehmen Verantwortung!\u201c<span class=\"Apple-converted-space\">\u00a0<\/span><\/h4>\n<h4>Multiplikator*innen-Schulung \u201eSicherheit neu denken\u201c<span class=\"Apple-converted-space\">\u00a0<\/span><\/h4>\n<p>Wir laden alle, die sich als Multiplikator*innen der Initiative &#8222;Sicherheit neu denken&#8220; engagieren m\u00f6chten, herzlich zur <a href=\"https:\/\/www.friedenkoeln.de\/wp-content\/uploads\/2020\/03\/Schulung-Sicherheit-neu-denken-K\u00f6ln.pdf\">zweit\u00e4gigen Schulung<\/a> ein:<\/p>\n<p style=\"text-align: center;\"><b>Freitag, 8. Mai 2020, 17:00 &#8211; 20:30 Uhr<\/b><\/p>\n<p style=\"text-align: center;\">(Bei Interesse: 21:00 Friedensoratorium \u201eLux et tenebris\u201c im K\u00f6lner Dom, bzw. Live-\u00dcbertragung auf der Domplatte)<\/p>\n<p style=\"text-align: center;\"><strong>Samstag, 9. Mai 2020, 9:30 &#8211; 17:00 Uhr <\/strong><\/p>\n<p style=\"text-align: center;\"><strong>Zentrum Gro\u00df St. Martin, An Gro\u00df St. Martin 9-11, 50667 K\u00f6ln<\/strong><\/p>\n<p style=\"text-align: center;\">mit <strong>Ralf Becker, Projektkoordinator Sicherheit neu denken<\/strong> (im Auftrag der Ev. Landeskirche Baden u.a.) und<br \/>\n<strong>Birgit Lehmann, Schulsozialarbeiterin<\/strong><\/p>\n<p style=\"text-align: left;\">Angesichts erneuter Aufr\u00fcstung setzt sich die Initiative \u201eSicherheit neu denken\u201c f\u00fcr die \u00dcberwindung milit\u00e4rischer Sicherheitspolitik ein.\u00a0Dazu hat die Evangelische Landeskirche in Baden 2018 ein Szenario f\u00fcr eine rein zivile Sicherheitspolitik vorgestellt. \u00c4hnlich dem inzwischen beschlossenen Ausstieg aus der Atomenergie und dem greifbaren Ausstieg aus der Kohleenergie strebt die Initiative einen Ausstieg aus der milit\u00e4rischen Sicherheitspolitik bis zum Jahr 2040 an.<span class=\"Apple-converted-space\">\u00a0<\/span><\/p>\n<p>Um das Szenario in Gemeinden, Eine-Welt-Gruppen, Gewerkschaften, Bildungseinrichtungen und bei sonstigen\u00a0Institutionen und Interessierten bekannter zu\u00a0machen, suchen wir Multiplikator*innen, die die Inhalte, das Konzept und die Vorgehensweise des Szenarios vorstellen k\u00f6nnen.\u00a0Dazu bieten wir eine zweit\u00e4gige Schulung an. Sie f\u00fchrt in praktische Methoden zur Vermittlung des Szenarios ein, gibt Hilfsmittel an die Hand und beantwortet auch inhaltliche Fragen.<span class=\"Apple-converted-space\">\u00a0<\/span><\/p>\n<p>Material:<span class=\"Apple-converted-space\">\u00a0<\/span><\/p>\n<p>Teilnehmer*innen erhalten mit der verbindlichen Anmeldung die Kurzfassung des \u201eSzenario Sicherheit neu denken\u201c zur Vorbereitung.<\/p>\n<p>Kosten:<span class=\"Apple-converted-space\">\u00a0<\/span><\/p>\n<p>Beitrag f\u00fcr Verpflegung wird vor Ort erbeten.<span class=\"Apple-converted-space\">\u00a0<\/span><\/p>\n<p>Anmeldung:<span class=\"Apple-converted-space\">\u00a0<\/span><\/p>\n<p>Katholisches Bildungswerk K\u00f6ln, Tunisstrasse 4, 50667 K\u00f6ln; Will@Bildungswerk-Koeln.de<span class=\"Apple-converted-space\">\u00a0<\/span><\/p>\n<p>Eine Kooperationsveranstaltung von:<span class=\"Apple-converted-space\">\u00a0<\/span><\/p>\n<p>DFG-VK Gruppe K\u00f6ln, Friedensbildungswerk K\u00f6ln, Katholisches Bildungswerk K\u00f6ln, Melanchthon-Akademie, Alois Stoff Bildungswerk der DFG-VK NRW, pax christi<span class=\"Apple-converted-space\"> <img loading=\"lazy\" decoding=\"async\" class=\"size-full wp-image-14744 aligncenter\" src=\"https:\/\/www.friedenkoeln.de\/wp-content\/uploads\/2020\/03\/Schulung-Sicherheit-neu-denken-K\u00f6ln-scaled.jpg\" alt=\"\" width=\"1810\" height=\"2560\" srcset=\"https:\/\/www.friedenkoeln.de\/wp-content\/uploads\/2020\/03\/Schulung-Sicherheit-neu-denken-K\u00f6ln-scaled.jpg 1810w, https:\/\/www.friedenkoeln.de\/wp-content\/uploads\/2020\/03\/Schulung-Sicherheit-neu-denken-K\u00f6ln-106x150.jpg 106w, https:\/\/www.friedenkoeln.de\/wp-content\/uploads\/2020\/03\/Schulung-Sicherheit-neu-denken-K\u00f6ln-768x1086.jpg 768w, https:\/\/www.friedenkoeln.de\/wp-content\/uploads\/2020\/03\/Schulung-Sicherheit-neu-denken-K\u00f6ln-1086x1536.jpg 1086w, https:\/\/www.friedenkoeln.de\/wp-content\/uploads\/2020\/03\/Schulung-Sicherheit-neu-denken-K\u00f6ln-1448x2048.jpg 1448w\" sizes=\"auto, (max-width: 1810px) 100vw, 1810px\" \/><\/span><\/p>\n","protected":false},"excerpt":{"rendered":"<p>\u201eWir \u00fcbernehmen Verantwortung!\u201c\u00a0 Multiplikator*innen-Schulung \u201eSicherheit neu denken\u201c\u00a0 Wir laden alle, die sich als Multiplikator*innen der Initiative &#8222;Sicherheit neu denken&#8220; engagieren m\u00f6chten, herzlich zur zweit\u00e4gigen Schulung ein: Freitag, 8. Mai 2020, 17:00 &#8211; 20:30 Uhr&#46;&#46;&#46;<\/p>\n","protected":false},"author":110,"featured_media":14744,"comment_status":"open","ping_status":"open","sticky":false,"template":"","format":"standard","meta":{"footnotes":""},"categories":[2,106,104],"tags":[144],"class_list":["post-14735","post","type-post","status-publish","format-standard","has-post-thumbnail","hentry","category-aktionen","category-analyse","category-ankuendigung","tag-sicherheitspolitik"],"_links":{"self":[{"href":"https:\/\/www.friedenkoeln.de\/index.php?rest_route=\/wp\/v2\/posts\/14735","targetHints":{"allow":["GET"]}}],"collection":[{"href":"https:\/\/www.friedenkoeln.de\/index.php?rest_route=\/wp\/v2\/posts"}],"about":[{"href":"https:\/\/www.friedenkoeln.de\/index.php?rest_route=\/wp\/v2\/types\/post"}],"author":[{"embeddable":true,"href":"https:\/\/www.friedenkoeln.de\/index.php?rest_route=\/wp\/v2\/users\/110"}],"replies":[{"embeddable":true,"href":"https:\/\/www.friedenkoeln.de\/index.php?rest_route=%2Fwp%2Fv2%2Fcomments&post=14735"}],"version-history":[{"count":9,"href":"https:\/\/www.friedenkoeln.de\/index.php?rest_route=\/wp\/v2\/posts\/14735\/revisions"}],"predecessor-version":[{"id":14746,"href":"https:\/\/www.friedenkoeln.de\/index.php?rest_route=\/wp\/v2\/posts\/14735\/revisions\/14746"}],"wp:featuredmedia":[{"embeddable":true,"href":"https:\/\/www.friedenkoeln.de\/index.php?rest_route=\/wp\/v2\/media\/14744"}],"wp:attachment":[{"href":"https:\/\/www.friedenkoeln.de\/index.php?rest_route=%2Fwp%2Fv2%2Fmedia&parent=14735"}],"wp:term":[{"taxonomy":"category","embeddable":true,"href":"https:\/\/www.friedenkoeln.de\/index.php?rest_route=%2Fwp%2Fv2%2Fcategories&post=14735"},{"taxonomy":"post_tag","embeddable":true,"href":"https:\/\/www.friedenkoeln.de\/index.php?rest_route=%2Fwp%2Fv2%2Ftags&post=14735"}],"curies":[{"name":"wp","href":"https:\/\/api.w.org\/{rel}","templated":true}]}}