{"id":14756,"date":"2020-03-15T23:23:45","date_gmt":"2020-03-15T21:23:45","guid":{"rendered":"https:\/\/www.friedenkoeln.de\/?p=14756"},"modified":"2020-03-15T23:23:45","modified_gmt":"2020-03-15T21:23:45","slug":"alle-veranstaltungen-bis-10-april-2020-wegen-der-corona-virus-pandemie-in-koeln-abgesagt","status":"publish","type":"post","link":"https:\/\/www.friedenkoeln.de\/?p=14756","title":{"rendered":"Alle Veranstaltungen bis 10. April 2020 wegen der Corona-Virus-Pandemie in K\u00f6ln abgesagt"},"content":{"rendered":"<p><em>In eigener Sache:<\/em><\/p>\n<p>Wir m\u00fcssen leider aufgrund der Corona-Virus-Pandemie alle Veranstaltungen, die im Stadtgebiet K\u00f6ln bis einschlie\u00dflich 10. April 2020 geplant waren, absagen. Das hat die <a href=\"https:\/\/www.stadt-koeln.de\/politik-und-verwaltung\/presse\/mitteilungen\/21567\/index.html\">Stadt K\u00f6ln am 14.3.2020 verf\u00fcgt<\/a>.<\/p>\n<p>Auch bei Veranstaltungen, die nach dem 10. April stattfinden sollen, wie zum Beispiel dem Ostermarsch am 11.4.2020, bitten wir alle unsere Leserinnen und Leser darum, vorher die Presse zu lesen, bzw. sich hier bei uns oder ggf. anderen Veranstaltern zu erkundigen, ob es aktuelle \u00c4nderungen gibt.<\/p>\n<p>Sobald es gelingt, neue Termine f\u00fcr die ausgefallenen Veranstaltungen zu finden, findet Ihr sie wie gewohnt hier unter <a href=\"https:\/\/www.friedenkoeln.de\/?page_id=8701\">Termine<\/a>.<\/p>\n<p>Wir w\u00fcnschen Euch allen gute Gesundheit und dass Euch die erzwungene &#8222;Entschleunigung&#8220; des Lebens nicht in wirtschaftliche oder sonstige Krisen st\u00fcrzt!<\/p>\n<div id=\"attachment_14757\" style=\"width: 2058px\" class=\"wp-caption alignnone\"><img loading=\"lazy\" decoding=\"async\" aria-describedby=\"caption-attachment-14757\" class=\"size-full wp-image-14757\" src=\"https:\/\/www.friedenkoeln.de\/wp-content\/uploads\/2020\/03\/2048px-COVID-19_2871.jpg\" alt=\"Eine gestochen scharfe kolorierte Aufnahme eines hellgrauen kugeligen Gegenstands mit lauter kleinen dreieckigen pilzartig aus der Kugel ragenden roten Erhebungen vor einem dunklen Hintergrund.\" width=\"2048\" height=\"1152\" srcset=\"https:\/\/www.friedenkoeln.de\/wp-content\/uploads\/2020\/03\/2048px-COVID-19_2871.jpg 2048w, https:\/\/www.friedenkoeln.de\/wp-content\/uploads\/2020\/03\/2048px-COVID-19_2871-150x84.jpg 150w, https:\/\/www.friedenkoeln.de\/wp-content\/uploads\/2020\/03\/2048px-COVID-19_2871-768x432.jpg 768w, https:\/\/www.friedenkoeln.de\/wp-content\/uploads\/2020\/03\/2048px-COVID-19_2871-1536x864.jpg 1536w\" sizes=\"auto, (max-width: 2048px) 100vw, 2048px\" \/><p id=\"caption-attachment-14757\" class=\"wp-caption-text\">Virus COVID-19 2871. Foto: CDC (Centers for Desease Control and Prevention, USA) 2020<\/p><\/div>\n<h4>Abgesagte Veranstaltungen:<\/h4>\n<p>13.3.2020 \u2013 Friedensgottesdienst<\/p>\n<p>16.3.2020 \u2013 Vortrag J\u00fcrgen Wagner \/ DEFENDER 2020<\/p>\n<p>17.3.2020 \u2013 Vortrag Ralf Willinger \/ Kindersoldat*innen<\/p>\n<p>23.3.2020 \u2013 Lesung Arun Gandhi \/ Sanftmut<\/p>\n<p>25.3.2020 &#8211; Vortrag Gabriele Krone-Schmalz \/ Russland<\/p>\n","protected":false},"excerpt":{"rendered":"<p>In eigener Sache: Wir m\u00fcssen leider aufgrund der Corona-Virus-Pandemie alle Veranstaltungen, die im Stadtgebiet K\u00f6ln bis einschlie\u00dflich 10. April 2020 geplant waren, absagen. Das hat die Stadt K\u00f6ln am 14.3.2020 verf\u00fcgt. Auch bei Veranstaltungen,&#46;&#46;&#46;<\/p>\n","protected":false},"author":110,"featured_media":0,"comment_status":"open","ping_status":"open","sticky":false,"template":"","format":"standard","meta":{"footnotes":""},"categories":[102],"tags":[147],"class_list":["post-14756","post","type-post","status-publish","format-standard","hentry","category-in-eigener-sache","tag-gesundheitswesen"],"_links":{"self":[{"href":"https:\/\/www.friedenkoeln.de\/index.php?rest_route=\/wp\/v2\/posts\/14756","targetHints":{"allow":["GET"]}}],"collection":[{"href":"https:\/\/www.friedenkoeln.de\/index.php?rest_route=\/wp\/v2\/posts"}],"about":[{"href":"https:\/\/www.friedenkoeln.de\/index.php?rest_route=\/wp\/v2\/types\/post"}],"author":[{"embeddable":true,"href":"https:\/\/www.friedenkoeln.de\/index.php?rest_route=\/wp\/v2\/users\/110"}],"replies":[{"embeddable":true,"href":"https:\/\/www.friedenkoeln.de\/index.php?rest_route=%2Fwp%2Fv2%2Fcomments&post=14756"}],"version-history":[{"count":3,"href":"https:\/\/www.friedenkoeln.de\/index.php?rest_route=\/wp\/v2\/posts\/14756\/revisions"}],"predecessor-version":[{"id":14760,"href":"https:\/\/www.friedenkoeln.de\/index.php?rest_route=\/wp\/v2\/posts\/14756\/revisions\/14760"}],"wp:attachment":[{"href":"https:\/\/www.friedenkoeln.de\/index.php?rest_route=%2Fwp%2Fv2%2Fmedia&parent=14756"}],"wp:term":[{"taxonomy":"category","embeddable":true,"href":"https:\/\/www.friedenkoeln.de\/index.php?rest_route=%2Fwp%2Fv2%2Fcategories&post=14756"},{"taxonomy":"post_tag","embeddable":true,"href":"https:\/\/www.friedenkoeln.de\/index.php?rest_route=%2Fwp%2Fv2%2Ftags&post=14756"}],"curies":[{"name":"wp","href":"https:\/\/api.w.org\/{rel}","templated":true}]}}