{"id":14762,"date":"2020-03-23T00:26:33","date_gmt":"2020-03-22T22:26:33","guid":{"rendered":"https:\/\/www.friedenkoeln.de\/?p=14762"},"modified":"2020-03-23T00:49:34","modified_gmt":"2020-03-22T22:49:34","slug":"wir-machen-weiter-dfg-vk-gruppe-koeln-trifft-sich-bei-videokonferenz","status":"publish","type":"post","link":"https:\/\/www.friedenkoeln.de\/?p=14762","title":{"rendered":"Wir machen weiter: DFG-VK Gruppe K\u00f6ln trifft sich zur Videokonferenz"},"content":{"rendered":"<p>Wie arbeiten wir in K\u00f6ln trotz Ausgangs- und Kontaktbeschr\u00e4nkungen?<\/p>\n<p>Die Corona-Krise (oder auch: die Krise des \u00f6ffentlichen Gesundheitssystems) hat dazu gef\u00fchrt, dass sowohl milit\u00e4rische als auch pazifistische Aktivit\u00e4ten stark gebremst wurden: das US-Kriegsman\u00f6ver &#8222;Defender 2020&#8220; wurde wegen der COVID-19-Pandemie abgesagt; auch die Demonstration dagegen wurde weitgehend in den virtuellen Raum verlegt (Reden siehe Facebook @nodef2020).<\/p>\n<p>Wir haben uns in K\u00f6ln an die neue Lage angepasst und treffen uns am 26.3.2020 erstmalig seit Gr\u00fcndung unserer Gruppe in einer Videokonferenz. Wir sind gespannt, ob die Technik planm\u00e4\u00dfig funktioniert und wie das neue &#8222;Diskussionsgef\u00fchl&#8220; sein wird. Und au\u00dferdem freuen wir uns auf unsere <a href=\"https:\/\/www.friedenkoeln.de\/?p=14710\">G\u00e4ste vom Verein &#8222;Veteranenkultur&#8220;, K\u00f6ln<\/a>.<\/p>\n<p>Der an das monatliche Gruppentreffen anschlie\u00dfende gemeinsame Gang in die n\u00e4chstgelegene Weinstube in der K\u00f6lner Altstadt muss leider entfallen.<\/p>\n<div id=\"attachment_14764\" style=\"width: 1000px\" class=\"wp-caption aligncenter\"><img loading=\"lazy\" decoding=\"async\" aria-describedby=\"caption-attachment-14764\" class=\"size-full wp-image-14764\" src=\"https:\/\/www.friedenkoeln.de\/wp-content\/uploads\/2020\/03\/genial_kol.jpg\" alt=\"Zwei sehr kleine M\u00e4nner stehen vor einer riesigen, etwas br\u00f6ckelnden Fassade.\" width=\"990\" height=\"691\" srcset=\"https:\/\/www.friedenkoeln.de\/wp-content\/uploads\/2020\/03\/genial_kol.jpg 990w, https:\/\/www.friedenkoeln.de\/wp-content\/uploads\/2020\/03\/genial_kol-150x105.jpg 150w, https:\/\/www.friedenkoeln.de\/wp-content\/uploads\/2020\/03\/genial_kol-768x536.jpg 768w\" sizes=\"auto, (max-width: 990px) 100vw, 990px\" \/><p id=\"caption-attachment-14764\" class=\"wp-caption-text\">&#8222;Wir hatten gezielt durch den Abbau von Kapazit\u00e4ten eine Menge Geld eingespart! Was uns jetzt in die gl\u00fcckliche Lage versetzt, mit diesem Geld den aktuellen Wiederaufbau dieser Kapazit\u00e4ten problemlos finanzieren zu k\u00f6nnen!&#8220; &#8211; &#8222;Genial!!&#8220;. Karikatur (19.3.2020): Klaus Stuttmann.<\/p><\/div>\n","protected":false},"excerpt":{"rendered":"<p>Wie arbeiten wir in K\u00f6ln trotz Ausgangs- und Kontaktbeschr\u00e4nkungen? Die Corona-Krise (oder auch: die Krise des \u00f6ffentlichen Gesundheitssystems) hat dazu gef\u00fchrt, dass sowohl milit\u00e4rische als auch pazifistische Aktivit\u00e4ten stark gebremst wurden: das US-Kriegsman\u00f6ver &#8222;Defender&#46;&#46;&#46;<\/p>\n","protected":false},"author":110,"featured_media":14764,"comment_status":"open","ping_status":"open","sticky":false,"template":"","format":"standard","meta":{"footnotes":""},"categories":[102],"tags":[63,171,29],"class_list":["post-14762","post","type-post","status-publish","format-standard","has-post-thumbnail","hentry","category-in-eigener-sache","tag-informatik","tag-kommunikation","tag-solidaritat"],"_links":{"self":[{"href":"https:\/\/www.friedenkoeln.de\/index.php?rest_route=\/wp\/v2\/posts\/14762","targetHints":{"allow":["GET"]}}],"collection":[{"href":"https:\/\/www.friedenkoeln.de\/index.php?rest_route=\/wp\/v2\/posts"}],"about":[{"href":"https:\/\/www.friedenkoeln.de\/index.php?rest_route=\/wp\/v2\/types\/post"}],"author":[{"embeddable":true,"href":"https:\/\/www.friedenkoeln.de\/index.php?rest_route=\/wp\/v2\/users\/110"}],"replies":[{"embeddable":true,"href":"https:\/\/www.friedenkoeln.de\/index.php?rest_route=%2Fwp%2Fv2%2Fcomments&post=14762"}],"version-history":[{"count":7,"href":"https:\/\/www.friedenkoeln.de\/index.php?rest_route=\/wp\/v2\/posts\/14762\/revisions"}],"predecessor-version":[{"id":14770,"href":"https:\/\/www.friedenkoeln.de\/index.php?rest_route=\/wp\/v2\/posts\/14762\/revisions\/14770"}],"wp:featuredmedia":[{"embeddable":true,"href":"https:\/\/www.friedenkoeln.de\/index.php?rest_route=\/wp\/v2\/media\/14764"}],"wp:attachment":[{"href":"https:\/\/www.friedenkoeln.de\/index.php?rest_route=%2Fwp%2Fv2%2Fmedia&parent=14762"}],"wp:term":[{"taxonomy":"category","embeddable":true,"href":"https:\/\/www.friedenkoeln.de\/index.php?rest_route=%2Fwp%2Fv2%2Fcategories&post=14762"},{"taxonomy":"post_tag","embeddable":true,"href":"https:\/\/www.friedenkoeln.de\/index.php?rest_route=%2Fwp%2Fv2%2Ftags&post=14762"}],"curies":[{"name":"wp","href":"https:\/\/api.w.org\/{rel}","templated":true}]}}