{"id":14771,"date":"2020-03-25T23:44:47","date_gmt":"2020-03-25T21:44:47","guid":{"rendered":"https:\/\/www.friedenkoeln.de\/?p=14771"},"modified":"2020-03-25T23:44:47","modified_gmt":"2020-03-25T21:44:47","slug":"unser-filmtipp-meister-des-todes-1-am-27-3-2020-und-ard-themenabend-mit-meister-des-todes-2-am-1-4-2020","status":"publish","type":"post","link":"https:\/\/www.friedenkoeln.de\/?p=14771","title":{"rendered":"Unser Filmtipp: &#8222;Meister des Todes 1&#8220; am 27.3.2020 und ARD-Themenabend mit &#8222;Meister des Todes 2&#8220; am 1.4.2020"},"content":{"rendered":"<h4>Brisanter ARD-Themenabend mit Spielfilm und Dokumentation von Daniel Harrich zu illegalem Waffenhandel mit Mexiko<\/h4>\n<p>27.3.2020, 22:00 Uhr: Spielfilm &#8222;Meister des Todes 1&#8220; (2015, 90 Min. in der ARD \/ <a href=\"https:\/\/www.daserste.de\/unterhaltung\/film\/themenabend-waffenexporte\/videos\/meister-des-todes-video-100.html\">in Mediathek bis 27.6.2020<\/a>)<\/p>\n<p>1.4.2020, 20:15 Uhr: Spielfilm <em>\u201eMeister des Todes 2\u201c<\/em> (90 Min.) in der ARD mit Veronica Ferres, Katharina Wackernagel und Heiner Lauterbach<\/p>\n<p>1.4.2020, 21:45 Uhr: Dokumentation <em>\u201eT\u00f6dliche Exporte 2 \u2013 R\u00fcstungsmanager vor Gericht\u201c<\/em> (30 Min.) in der ARD<\/p>\n<p>1.4.2020, 23:30 Uhr: Dokumentation <em>\u201eT\u00f6dliche Exporte 2 \u2013 R\u00fcstungsmanager vor Gericht\u201c<\/em> (60-min\u00fctige Langfassung) im SWR-Fernsehen<\/p>\n<p>Die ARD sendet am 1. April ab 20:15 Uhr einen Themenabend zum Waffenhandel mit Spielfilm und Dokumentation, und am sp\u00e4teren Abend zeigt das SWR-Fernsehen die Langfassung der Dokumentation. In allen F\u00e4llen ist Daniel Harrich von Diwafilm in M\u00fcnchen der Regisseur.<\/p>\n<p>Die Dokumentation zeigt auch die \u201eKampagne Aktion Aufschrei \u2013 Stoppt den Waffenhandel!\u201c mit Rechtsanwalt Holger Rothbauer und unserem Bundessprecher J\u00fcrgen Gr\u00e4sslin. Dieser hat (f\u00fcr das R\u00fcstungsInformationsB\u00fcro, RIB e.V.)\u00a0Strafanzeige gegen Heckler &amp; Koch erstattet, die Rechtsanwalt Rothbauer im April 2010 bei der Staatsanwaltschaft Stuttgart eingebracht und 2012 um alle Verantwortlichen in den staatlichen R\u00fcstungsexport-Kontrollbeh\u00f6rden erweitert hat.<\/p>\n<p>Umfassende Hintergrundinformationen zum Strafprozess gegen Heckler &amp; Koch:<\/p>\n<ul>\n<li>&#8222;<a href=\"http:\/\/www.aufschrei-waffenhandel.de\/\">Aktion Aufschrei &#8211; Stoppt den Waffenhandel!<\/a>&#8220;\u00a0und<\/li>\n<li><a href=\"http:\/\/www.gn-stat.org\/\">GLOBAL NET \u2013 STOP THE ARMS TRADE<\/a> (in Deutsch, Englisch, Spanisch, Portugiesisch und Russisch): CASE 02 (\u201eG36 in Mexiko\u201c und \u201eG36 Prozessbeobachtung\u201c).<\/li>\n<\/ul>\n<p><u>Zusatzinformationen zu den neuen Filmen:<\/u><\/p>\n<p><strong>Der Film \u201eMeister des Todes 2\u201c ist <\/strong>Fortf\u00fchrung des investigativen Spielfilms \u201eMeister des Todes\u201c \u00fcber die illegalen Exporte eines R\u00fcstungsunternehmens, dessen Protagonisten nun vor Gericht stehen. Mit \u201eMeister des Todes\u201c erz\u00e4hlte Autor und Regisseur Daniel Harrich eine brisante Whistleblower-Geschichte um Waffenexporte der fiktiven Firma HSW in nicht genehmigungsf\u00e4hige Gebiete in Mexiko. Angeklagt wegen Verst\u00f6\u00dfen gegen das Au\u00dfenwirtschaftsgesetz und das Kriegswaffenkontrollgesetz versuchen im zweiten Teil \u201eMeister des Todes 2\u201c die Manager von HSW, sich aus dem Prozess zu winden, w\u00e4hrend ihre Gegenspieler in Mexiko nach Beweisen suchen. Denn wenn die Verstrickung von HSW in das Verschwinden von 43 Studenten nachgewiesen w\u00fcrde, k\u00f6nnte das den Prozess wesentlich beeinflussen.<\/p>\n<p>Die Dokumentation <strong>\u201eT\u00f6dliche Exporte \u2013 R\u00fcstungsmanager vor Gericht\u201c<\/strong> zeigt die Wirklichkeit hinter der Fiktion des Spielfilms und beleuchtet einen der wichtigsten Gerichtsprozesse um Exporte deutscher Kriegswaffen. Filmemacher Daniel Harrich hat die Verhandlung am Landgericht Stuttgart genau beobachtet und analysiert in der Dokumentation deren Verlauf. Zudem fragt er nach der moralischen Mitverantwortung deutscher Regierungsbeh\u00f6rden: Wie konnten die Sturmgewehre von Heckler &amp; Koch unter der Aufsicht deutscher R\u00fcstungsexport-Kontrolleure in vier mexikanische Unruheprovinzen gelangen, f\u00fcr die es keine Ausfuhrgenehmigungen gab? Seine Recherchen nach den Schwachstellen der deutschen Exportkontrolle st\u00fctzt Harrich auf eine Vielzahl von Unterlagen sowie auf Aussagen von ehemaligen Mitarbeitern und Insidern. Daneben erhellt die Dokumentation auch das Umfeld des Gerichtsverfahrens in Deutschland und Mexiko.<\/p>\n<p>Website zum Themenabend: <a href=\"https:\/\/www.daserste.de\/unterhaltung\/film\/themenabend-waffenexporte\/index.html\">https:\/\/www.daserste.de\/unterhaltung\/film\/themenabend-waffenexporte\/index.html<\/a><\/p>\n<p>Trailer zum Film und Teaser zur Dokumentation: <a href=\"https:\/\/www.swr.de\/unternehmen\/kommunikation\/pressemeldungen\/daserste-meister-des-todes-100.html\">https:\/\/www.swr.de\/unternehmen\/kommunikation\/pressemeldungen\/daserste-meister-des-todes-100.html<\/a><\/p>\n<div id=\"attachment_14777\" style=\"width: 1007px\" class=\"wp-caption alignnone\"><img loading=\"lazy\" decoding=\"async\" aria-describedby=\"caption-attachment-14777\" class=\"size-full wp-image-14777\" src=\"https:\/\/www.friedenkoeln.de\/wp-content\/uploads\/2020\/03\/ARD_Themenabend-Waffenhandel_202003270401.jpeg\" alt=\"ARD Themenabend Waffenhandel. Bildschirmfoto der Ank\u00fcndigung der ARD mit Filmausschnitten, darunter Veronica Ferres und Heiner Lauterbach.\" width=\"997\" height=\"643\" srcset=\"https:\/\/www.friedenkoeln.de\/wp-content\/uploads\/2020\/03\/ARD_Themenabend-Waffenhandel_202003270401.jpeg 997w, https:\/\/www.friedenkoeln.de\/wp-content\/uploads\/2020\/03\/ARD_Themenabend-Waffenhandel_202003270401-150x97.jpeg 150w, https:\/\/www.friedenkoeln.de\/wp-content\/uploads\/2020\/03\/ARD_Themenabend-Waffenhandel_202003270401-768x495.jpeg 768w\" sizes=\"auto, (max-width: 997px) 100vw, 997px\" \/><p id=\"caption-attachment-14777\" class=\"wp-caption-text\">ARD: Themenabend Waffenhandel. Bildschirmfoto vom 25.3.2020.<\/p><\/div>\n","protected":false},"excerpt":{"rendered":"<p>Brisanter ARD-Themenabend mit Spielfilm und Dokumentation von Daniel Harrich zu illegalem Waffenhandel mit Mexiko 27.3.2020, 22:00 Uhr: Spielfilm &#8222;Meister des Todes 1&#8220; (2015, 90 Min. in der ARD \/ in Mediathek bis 27.6.2020) 1.4.2020,&#46;&#46;&#46;<\/p>\n","protected":false},"author":110,"featured_media":14777,"comment_status":"open","ping_status":"open","sticky":false,"template":"","format":"standard","meta":{"footnotes":""},"categories":[104],"tags":[99,37,71],"class_list":["post-14771","post","type-post","status-publish","format-standard","has-post-thumbnail","hentry","category-ankuendigung","tag-menschenrechte","tag-ruestungsexporte","tag-waffenhandel"],"_links":{"self":[{"href":"https:\/\/www.friedenkoeln.de\/index.php?rest_route=\/wp\/v2\/posts\/14771","targetHints":{"allow":["GET"]}}],"collection":[{"href":"https:\/\/www.friedenkoeln.de\/index.php?rest_route=\/wp\/v2\/posts"}],"about":[{"href":"https:\/\/www.friedenkoeln.de\/index.php?rest_route=\/wp\/v2\/types\/post"}],"author":[{"embeddable":true,"href":"https:\/\/www.friedenkoeln.de\/index.php?rest_route=\/wp\/v2\/users\/110"}],"replies":[{"embeddable":true,"href":"https:\/\/www.friedenkoeln.de\/index.php?rest_route=%2Fwp%2Fv2%2Fcomments&post=14771"}],"version-history":[{"count":6,"href":"https:\/\/www.friedenkoeln.de\/index.php?rest_route=\/wp\/v2\/posts\/14771\/revisions"}],"predecessor-version":[{"id":14778,"href":"https:\/\/www.friedenkoeln.de\/index.php?rest_route=\/wp\/v2\/posts\/14771\/revisions\/14778"}],"wp:featuredmedia":[{"embeddable":true,"href":"https:\/\/www.friedenkoeln.de\/index.php?rest_route=\/wp\/v2\/media\/14777"}],"wp:attachment":[{"href":"https:\/\/www.friedenkoeln.de\/index.php?rest_route=%2Fwp%2Fv2%2Fmedia&parent=14771"}],"wp:term":[{"taxonomy":"category","embeddable":true,"href":"https:\/\/www.friedenkoeln.de\/index.php?rest_route=%2Fwp%2Fv2%2Fcategories&post=14771"},{"taxonomy":"post_tag","embeddable":true,"href":"https:\/\/www.friedenkoeln.de\/index.php?rest_route=%2Fwp%2Fv2%2Ftags&post=14771"}],"curies":[{"name":"wp","href":"https:\/\/api.w.org\/{rel}","templated":true}]}}