{"id":14786,"date":"2020-03-31T07:00:32","date_gmt":"2020-03-31T05:00:32","guid":{"rendered":"https:\/\/www.friedenkoeln.de\/?p=14786"},"modified":"2020-03-29T19:07:04","modified_gmt":"2020-03-29T17:07:04","slug":"neue-ausgabe-der-zivilcourage-online-lesefutter-gegen-die-verwirrung","status":"publish","type":"post","link":"https:\/\/www.friedenkoeln.de\/?p=14786","title":{"rendered":"Neue Ausgabe der &#8222;ZivilCourage&#8220; online: Lesefutter gegen die Verwirrung"},"content":{"rendered":"<p>Die neue Ausgabe der DFG-VK-Verbandszeitschrift &#8222;ZivilCourage&#8220; ist online. Ihr Chefredakteur Stefan Philipp schreibt darin mit Bezug auf die Corona-Pandemie und ihre weltweiten Folgen:<\/p>\n<blockquote><p>(&#8230;) vieles und viele scheinen verwirrt. Kein Wunder, wenn der Boden, auf dem wir sicher zu stehen glaubten, ins Wanken ger\u00e4t. Und so gilt es, in der Unsicherheit Haltepunkte zu gewinnen (&#8230;). Als alte Organisation, gegr\u00fcndet zu einer Zeit, als das Staatsoberhaupt Kaiser Wilhelm II. war, haben wir Geschichte erlebt, erlitten und mitgestaltet, die reich war an Katastrophen. Was \u00fcber die Zeiten gleich blieb, war unsere \u00dcberzeugung, dass Krieg nicht sein darf, dass er ein Verbrechen an der Menschheit ist. Was sollte das Corona-Virus an dieser Grund\u00fcberzeugung \u00e4ndern? Nichts!<\/p><\/blockquote>\n<p>Und in diesem Sinne bietet die aktuelle Ausgabe neben Texten zum Pandemie-bedingten &#8222;geregelten Ausnahmezustand&#8220; auch Artikel zu Themen, die nichts damit zu tun haben, beispielsweise folgende:<\/p>\n<ul>\n<li>der Historiker Wolfram Wette ruft zur partei\u00fcbergreifenden Zusammenarbeit gegen die AfD auf und begr\u00fcndet das mit den Entwicklungen in der Weimarer Republik,<\/li>\n<li>die Campaignerin Sarah Gr\u00e4ber stellt die 2019 gestartete Kampagne &#8222;Unter 18 Nie! Keine Minderj\u00e4hrigen in der Bundeswehr!&#8220; vor,<\/li>\n<li>unser Vertreter bei den War Resisters International, David Scheuing, berichtet \u00fcber (illegale) R\u00fcstungsexporte,<\/li>\n<li>Gloria Anonyma beschreibt antimilitaristische Aktionen zur satirischen Verf\u00e4lschung von Werbeplakaten der Bundeswehr (&#8222;Adbusting&#8220;) und wundert sich dar\u00fcber, dass das &#8222;Gemeinsame Extremismus- und Terrorismusabwehrzentrum von Bund und L\u00e4ndern&#8220; (GETZ) mehrfach Zeit hatte, sich damit zu besch\u00e4ftigen,<\/li>\n<li>Ralf Buchterkirchen erkl\u00e4rt in einem Symposiumsbericht, was die Mehrfach-Diskriminierung von Menschen anhand ihrer ethnischen, geschlechtlichen und sozialen Zugeh\u00f6rigkeiten (&#8222;Intersektionalit\u00e4t&#8220;) mit Krieg und Frieden zu tun hat,<\/li>\n<li>die Bundestagsabgeordnete Kathrin Vogler macht sich Gedanken \u00fcber die Bundeswehrsoldat*innen, die nun als &#8222;wandelnde Litfasss\u00e4ulen&#8220; kostenlos bahnfahren sollen, und \u00fcber Ministerin Kramp-Karrenbauer, die die neue Kleiderordnung nicht ganz durchschaut,<\/li>\n<li>Dagmar Henn erl\u00e4utert, wie es dazu kam, dass die M\u00fcnchener Friedenskonferenz abgesagt wurde, welche seit Jahren die j\u00e4hrliche sogenannte M\u00fcnchener Sicherheitskonferenz kritisch begleitet, und<\/li>\n<li>Horst-Albert Jung erinnert an eine abenteuerliche Reise der DFG-VK 1978 zu den Vereinten Nationen in Genf und New York.<\/li>\n<\/ul>\n<p>Das <a href=\"https:\/\/www.dfg-vk.de\/files\/zivilcourage\/ZC-0220\/ZC-0220-DIGITAL-ES-01.pdf\">pdf der Gesamtausgabe eignet sich am besten zum Lesen auf Ger\u00e4ten mit gr\u00f6\u00dferen Bildschirmen<\/a> (also nicht so gut auf einem Smartphone).<\/p>\n<p>Einzelne Beitr\u00e4ge aus der Zeitschrift werden nach und nach auch in f\u00fcr Smartphones bequem lesbare Formate gebracht; die Dateien k\u00f6nnen <a href=\"https:\/\/www.dfg-vk.de\/verbandszeitung\">hier<\/a> einzeln ge\u00f6ffnet werden.<\/p>\n<p><img loading=\"lazy\" decoding=\"async\" class=\"size-full wp-image-14796 aligncenter\" src=\"https:\/\/www.friedenkoeln.de\/wp-content\/uploads\/2020\/03\/ZivilCourage-Titelblatt_2020_02-scaled.jpg\" alt=\"\" width=\"1809\" height=\"2560\" srcset=\"https:\/\/www.friedenkoeln.de\/wp-content\/uploads\/2020\/03\/ZivilCourage-Titelblatt_2020_02-scaled.jpg 1809w, https:\/\/www.friedenkoeln.de\/wp-content\/uploads\/2020\/03\/ZivilCourage-Titelblatt_2020_02-106x150.jpg 106w, https:\/\/www.friedenkoeln.de\/wp-content\/uploads\/2020\/03\/ZivilCourage-Titelblatt_2020_02-768x1087.jpg 768w, https:\/\/www.friedenkoeln.de\/wp-content\/uploads\/2020\/03\/ZivilCourage-Titelblatt_2020_02-1085x1536.jpg 1085w, https:\/\/www.friedenkoeln.de\/wp-content\/uploads\/2020\/03\/ZivilCourage-Titelblatt_2020_02-1447x2048.jpg 1447w\" sizes=\"auto, (max-width: 1809px) 100vw, 1809px\" \/><\/p>\n","protected":false},"excerpt":{"rendered":"<p>Die neue Ausgabe der DFG-VK-Verbandszeitschrift &#8222;ZivilCourage&#8220; ist online. Ihr Chefredakteur Stefan Philipp schreibt darin mit Bezug auf die Corona-Pandemie und ihre weltweiten Folgen: (&#8230;) vieles und viele scheinen verwirrt. Kein Wunder, wenn der Boden,&#46;&#46;&#46;<\/p>\n","protected":false},"author":110,"featured_media":0,"comment_status":"open","ping_status":"open","sticky":false,"template":"","format":"standard","meta":{"footnotes":""},"categories":[105],"tags":[],"class_list":["post-14786","post","type-post","status-publish","format-standard","hentry","category-bericht"],"_links":{"self":[{"href":"https:\/\/www.friedenkoeln.de\/index.php?rest_route=\/wp\/v2\/posts\/14786","targetHints":{"allow":["GET"]}}],"collection":[{"href":"https:\/\/www.friedenkoeln.de\/index.php?rest_route=\/wp\/v2\/posts"}],"about":[{"href":"https:\/\/www.friedenkoeln.de\/index.php?rest_route=\/wp\/v2\/types\/post"}],"author":[{"embeddable":true,"href":"https:\/\/www.friedenkoeln.de\/index.php?rest_route=\/wp\/v2\/users\/110"}],"replies":[{"embeddable":true,"href":"https:\/\/www.friedenkoeln.de\/index.php?rest_route=%2Fwp%2Fv2%2Fcomments&post=14786"}],"version-history":[{"count":9,"href":"https:\/\/www.friedenkoeln.de\/index.php?rest_route=\/wp\/v2\/posts\/14786\/revisions"}],"predecessor-version":[{"id":14797,"href":"https:\/\/www.friedenkoeln.de\/index.php?rest_route=\/wp\/v2\/posts\/14786\/revisions\/14797"}],"wp:attachment":[{"href":"https:\/\/www.friedenkoeln.de\/index.php?rest_route=%2Fwp%2Fv2%2Fmedia&parent=14786"}],"wp:term":[{"taxonomy":"category","embeddable":true,"href":"https:\/\/www.friedenkoeln.de\/index.php?rest_route=%2Fwp%2Fv2%2Fcategories&post=14786"},{"taxonomy":"post_tag","embeddable":true,"href":"https:\/\/www.friedenkoeln.de\/index.php?rest_route=%2Fwp%2Fv2%2Ftags&post=14786"}],"curies":[{"name":"wp","href":"https:\/\/api.w.org\/{rel}","templated":true}]}}