{"id":14799,"date":"2020-03-30T07:00:48","date_gmt":"2020-03-30T05:00:48","guid":{"rendered":"https:\/\/www.friedenkoeln.de\/?p=14799"},"modified":"2020-03-29T20:53:04","modified_gmt":"2020-03-29T18:53:04","slug":"offener-brief-der-drohnen-kampagne-an-bundestagsabgeordnete-keine-entscheidung-zur-bewaffnung-von-drohnen-waehrend-der-coronavirus-krise","status":"publish","type":"post","link":"https:\/\/www.friedenkoeln.de\/?p=14799","title":{"rendered":"Offener Brief der Drohnen-Kampagne an Bundestagsabgeordnete: Keine Entscheidung zur Bewaffnung von Drohnen w\u00e4hrend der Coronavirus-Krise!"},"content":{"rendered":"<p><em>Die &#8222;Drohnen-Kampagne&#8220; hat am 23. M\u00e4rz 2020 folgenden Offenen Brief an alle Abgeordnete des Deutschen Bundestages geschrieben.<\/em><\/p>\n<hr \/>\n<p>Sehr geehrte Damen und Herren,<\/p>\n<p>wie Sie wissen, darf laut dem geltenden Koalitionsvertrag eine parlamentarische Entscheidung \u00fcber eine m\u00f6gliche Bewaffnung von Drohnen erst nach \u201eausf\u00fchrlicher v\u00f6lkerrechtlicher, verfassungsrechtlicher und ethischer W\u00fcrdigung\u201d [so der Wortlaut im geltenden Koalitionsvertrag &#8211; d. Red.] stattfinden. Das Bundesministerium der Verteidigung [BMVg &#8211; d. Red.] hat neulich beteuert, dass die Diskussion dieser Fragen \u201eeine breite gesellschaftliche Debatte&#8220; beinhaltet.<\/p>\n<p>Mit guten Gr\u00fcnden sind wir besorgt, dass das BMVg diese wichtige und schon lang versprochene \u201egesellschaftliche Debatte&#8220; nur hinter verschlossenen T\u00fcren und weitgehend unter Ausschluss der \u00d6ffentlichkeit f\u00fchren will.<\/p>\n<p>Angeblich um \u201eeine offene Debatte \u00fcber eine m\u00f6gliche Bewaffnung der durch die Bundeswehr eingesetzten Drohnen anzusto\u00dfen&#8220; hatte am 2. M\u00e4rz das BMVg alle Bundestagsfraktionsvorsitzende zu einer Podiumsdiskussion (\u201eBewaffnete Drohnen &#8211; politische, ethische und rechtliche Aspekte&#8220;) f\u00fcr den 24. M\u00e4rz in das Verteidigungsministerium eingeladen. \u00dcber diese Einladung gab es keine Berichte in den Leitmedien.<\/p>\n<p>In einem weiteren Brief vom 6. M\u00e4rz an eine Arbeitsgruppe der SPD-Bundestagsfraktion hat das BMVg seine sehr bedenklichen weiteren Pl\u00e4ne skizziert. \u00a0Innerhalb von nur drei Monaten nach der o. g. Podiumsdiskussion soll im Verteidigungsministerium ein \u201eDiskussionspapier&#8220; stehen, das nach \u201efinaler Abstimmung&#8220; mit den Bundestagsfraktionen an den Bundestag versandt werden soll. Erst danach soll \u201edie weitere Behandlung des Themas in den Gremien des Deutschen Bundestags&#8220; beginnen.<\/p>\n<div id=\"attachment_8384\" style=\"width: 448px\" class=\"wp-caption alignright\"><img loading=\"lazy\" decoding=\"async\" aria-describedby=\"caption-attachment-8384\" class=\" wp-image-8384\" src=\"https:\/\/www.friedenkoeln.de\/wp-content\/uploads\/2015\/05\/drohnen15b-e1432758080557.jpeg\" alt=\"Mehrere Personen zeigen Banner, Transparente und Fahnen gegen den Drohnenkrieg.\" width=\"438\" height=\"328\" srcset=\"https:\/\/www.friedenkoeln.de\/wp-content\/uploads\/2015\/05\/drohnen15b-e1432758080557.jpeg 640w, https:\/\/www.friedenkoeln.de\/wp-content\/uploads\/2015\/05\/drohnen15b-e1432758080557-320x240.jpeg 320w\" sizes=\"auto, (max-width: 438px) 100vw, 438px\" \/><p id=\"caption-attachment-8384\" class=\"wp-caption-text\">Mahnwache K\u00f6lner Friedensgruppen vor dem Verwaltungsgericht K\u00f6ln (Appellhofplatz) am 27.5.2015. Foto: privat.<\/p><\/div>\n<p>Die Bundestagsfraktionen sollen unter F\u00fchrung des BMVg und im Haus des BMVg die wesentlichen Entscheidungen treffen? Wo bleibt hier die \u201ebreite gesellschaftliche Debatte&#8220;? \u00a0Wie kann die Bev\u00f6lkerung sich \u00fcber den Verlauf informieren und einbringen?<\/p>\n<p>Wird das Verteidigungsministerium etwa seine T\u00fcren f\u00fcr die deutsche Bev\u00f6lkerung \u00f6ffnen, damit sie sich an der Diskussion beteiligen darf? Werden alle Journalistinnen und Journalisten eingeladen, die sich melden? Werden die Diskussionen, die im Verteidigungsministerium stattfinden, aufgezeichnet und auf der Webseite des Bundestags gepostet wie bei parlamentarischen Debatten \u00fcblich?<\/p>\n<p>Die geplante Podiumsdiskussion am 24. M\u00e4rz wurde zwar am 17. M\u00e4rz durch einen Brief des Verteidigungsministeriums wegen \u201eder anhaltenden COVID-19 Pandemie&#8220; vertagt, jedoch will das BMVg \u201edieses Format als offenen Dialog baldm\u00f6glichst&#8220; nachholen.<\/p>\n<p>Die schwerwiegende Entscheidung des Bundestags f\u00fcr oder gegen die Bewaffnung von Drohnen f\u00fcr die Bundeswehr darf aus guten Gr\u00fcnden nur nach einer breiten gesellschaftlichen Debatte stattfinden. Als Pr\u00e4zedenzfall wird diese Entscheidung bis weit in die Zukunft alle bewaffnungsf\u00e4higen Drohnen der Bundeswehr betreffen: ob Heron TP, \u201eEurodrohne\u201c oder auch weitere Drohnen, darunter eventuell in der Zukunft auch autonome Drohnen. Eine Entscheidung f\u00fcr bewaffnete Drohnen w\u00fcrde diese umstrittene Waffe in die H\u00e4nde von auch zuk\u00fcnftigen deutschen Regierungen geben, welche Politik auch immer sie verfolgen.<\/p>\n<p>Deswegen fordern wir alle Bundestagsfraktionen dazu auf,<\/p>\n<ol>\n<li>alle Pl\u00e4ne, Drohnen f\u00fcr die Bundeswehr zu bewaffnen, bis nach der Beendigung der Coronavirus-Krise zu stornieren, um die \u201egesellschaftliche Debatte&#8220; zu erm\u00f6glichen; und<\/li>\n<li>konkrete Vorstellungen der Fraktion dazu, wie eine breite gesellschaftliche Debatte vor einer parlamentarischen Entscheidung \u00fcber die Bewaffnung von Drohnen f\u00fcr die Bundeswehr gestaltet werden kann, umgehend zu ver\u00f6ffentlichen.<\/li>\n<\/ol>\n<p>Mit freundlichen Gr\u00fc\u00dfen<\/p>\n<p>L\u00fchr Henken, Sprecher des Bundesausschuss Friedensratschlag<br \/>\nElsa Rassbach, Sprecherin CODEPINK Germany, AGs Kampfdrohnen in Attac und DFG-VK<br \/>\nLaura von Wimmersperg, Moderatorin der Berliner Friedenskoordination<\/p>\n<p>i. A. der Drohnen-Kampagne<\/p>\n<hr \/>\n<p><em>Die 2013 gegr\u00fcndete \u201eDrohnen-Kampagne&#8220; hat am 20. Dezember 2019 ihren\u00a0<a href=\"https:\/\/drohnen-kampagne.de\/appell-12-2019\/\">zweiten Appell, \u201eKeine Kampfdrohnen!&#8220;<\/a>, ver\u00f6ffentlicht.<\/em><\/p>\n<p><a href=\"https:\/\/www.friedenkoeln.de\/wp-content\/uploads\/2020\/03\/Drohnen-Kampagne-a-MdBs_Zur-m\u00f6glichen-Bewaffnung-von-Drohnen-f\u00fcr-die-BW_20200323.pdf\"><em>Brief als pdf zum Download.<\/em><\/a><\/p>\n","protected":false},"excerpt":{"rendered":"<p>Die &#8222;Drohnen-Kampagne&#8220; hat am 23. M\u00e4rz 2020 folgenden Offenen Brief an alle Abgeordnete des Deutschen Bundestages geschrieben. Sehr geehrte Damen und Herren, wie Sie wissen, darf laut dem geltenden Koalitionsvertrag eine parlamentarische Entscheidung \u00fcber&#46;&#46;&#46;<\/p>\n","protected":false},"author":110,"featured_media":0,"comment_status":"open","ping_status":"open","sticky":false,"template":"","format":"standard","meta":{"footnotes":""},"categories":[141],"tags":[177,49,48,44],"class_list":["post-14799","post","type-post","status-publish","format-standard","hentry","category-brief","tag-autonome-waffen","tag-bundestag","tag-bundeswehr","tag-drohnen"],"_links":{"self":[{"href":"https:\/\/www.friedenkoeln.de\/index.php?rest_route=\/wp\/v2\/posts\/14799","targetHints":{"allow":["GET"]}}],"collection":[{"href":"https:\/\/www.friedenkoeln.de\/index.php?rest_route=\/wp\/v2\/posts"}],"about":[{"href":"https:\/\/www.friedenkoeln.de\/index.php?rest_route=\/wp\/v2\/types\/post"}],"author":[{"embeddable":true,"href":"https:\/\/www.friedenkoeln.de\/index.php?rest_route=\/wp\/v2\/users\/110"}],"replies":[{"embeddable":true,"href":"https:\/\/www.friedenkoeln.de\/index.php?rest_route=%2Fwp%2Fv2%2Fcomments&post=14799"}],"version-history":[{"count":6,"href":"https:\/\/www.friedenkoeln.de\/index.php?rest_route=\/wp\/v2\/posts\/14799\/revisions"}],"predecessor-version":[{"id":14806,"href":"https:\/\/www.friedenkoeln.de\/index.php?rest_route=\/wp\/v2\/posts\/14799\/revisions\/14806"}],"wp:attachment":[{"href":"https:\/\/www.friedenkoeln.de\/index.php?rest_route=%2Fwp%2Fv2%2Fmedia&parent=14799"}],"wp:term":[{"taxonomy":"category","embeddable":true,"href":"https:\/\/www.friedenkoeln.de\/index.php?rest_route=%2Fwp%2Fv2%2Fcategories&post=14799"},{"taxonomy":"post_tag","embeddable":true,"href":"https:\/\/www.friedenkoeln.de\/index.php?rest_route=%2Fwp%2Fv2%2Ftags&post=14799"}],"curies":[{"name":"wp","href":"https:\/\/api.w.org\/{rel}","templated":true}]}}