{"id":14814,"date":"2020-04-01T00:57:22","date_gmt":"2020-03-31T22:57:22","guid":{"rendered":"https:\/\/www.friedenkoeln.de\/?p=14814"},"modified":"2020-04-01T00:57:22","modified_gmt":"2020-03-31T22:57:22","slug":"angebot-bundeswehr-bringt-friedensbewegte-rheinmetall-aktionaerinnen-zur-hauptversammlung-nach-berlin","status":"publish","type":"post","link":"https:\/\/www.friedenkoeln.de\/?p=14814","title":{"rendered":"Angebot: Bundeswehr bringt friedensbewegte Rheinmetall-Aktion\u00e4r*innen zur Hauptversammlung nach Berlin"},"content":{"rendered":"<p><em>K\u00f6ln, 1. April 2020.\u00a0<\/em>Friedensbewegte, <a href=\"https:\/\/www.kritischeaktionaere.de\/rheinmetall\/ruestungskonzern-wurde-entwaffnet\/\">kritische Aktion\u00e4r*innen aus K\u00f6ln<\/a> und Umgebung haben die M\u00f6glichkeit, kostenfrei in einem Jet der Bundeswehr von K\u00f6ln-Wahn nach Berlin zur Hauptversammlung des R\u00fcstungskonzerns Rheinmetall AG zu fliegen, die am 5.5.2020 um 10:00 Uhr im Maritim Hotel Berlin, Stauffenbergstra\u00dfe 26, stattfinden wird. Dieses ungew\u00f6hnliche Angebot macht den hiesigen Aktivist*innen <span class=\"address__title\">Oberst i.G. Dr.<\/span> Thorsten Weber, der\u00a0Leiter des Presse- und Informationszentrums der Luftwaffe.<\/p>\n<p>Das in <a href=\"https:\/\/www.bundeswehr.de\/de\/organisation\/luftwaffe\/organisation-\/kommando-luftwaffe\">Berlin und K\u00f6ln-Wahn ans\u00e4ssige Luftwaffenkommando<\/a> soll gem\u00e4\u00df einem <a href=\"https:\/\/augengeradeaus.net\/2020\/03\/bundeswehr-und-coronavirus-pandemie-vorbereiten-auf-eine-lange-krise\/\">Bericht des Journalisten Thomas Wiegold im Blog &#8222;Augen geradeaus!&#8220; vom 27.3.2020<\/a>\u00a0im Zusammenhang mit der Corona-Krise &#8222;Amtshilfe&#8220; im Inland gem\u00e4\u00df Grundgesetz Artikel 35 leisten; dazu k\u00f6nnte auch die Absicherung der Rheinmetall-Hauptversammlung geh\u00f6ren.<\/p>\n<p>Wie Wiegold erl\u00e4utert, erh\u00e4lt das Luftwaffenkommando zur Vorbereitung der geplanten Inlandseins\u00e4tze von insgesamt bis zu 15.000 Soldat*innen\u00a0die zus\u00e4tzliche Funktion des &#8222;Regionalen F\u00fchrungsstabs Ost f\u00fcr Berlin und Brandenburg&#8220;. Als einer von vier regionalen F\u00fchrungsst\u00e4ben wird es dem ebenfalls in Berlin ans\u00e4ssigen &#8222;Kommando Territoriale Aufgaben&#8220; unterstellt, das durch den &#8222;Nationalen Territorialen Befehlshaber&#8220; in Person des Inspekteurs der Streitkr\u00e4ftebasis (SKB), Martin Schelleis, kommandiert wird.<\/p>\n<p>Wiegold weiter:<\/p>\n<blockquote><p>Mit der neuen Krisenstruktur werden k\u00fcnftig neue Organisations- und F\u00fchrungsstr\u00e4nge eingezogen. (&#8230;) W\u00e4hrend (&#8230;) SKB-Inspekteur Martin Schelleis die direkte Kontrolle \u00fcber Feldj\u00e4ger und Einheiten der ABC-Abwehr beh\u00e4lt, werden den vier regionalen F\u00fchrungsst\u00e4ben Soldaten f\u00fcr die logistische Unterst\u00fctzung und zur Absicherung unterstellt \u2013 letztere sind f\u00fcr <em>Raum- und Objektschutz, Schutz kritischer Infrastrukturen und Sicherung vorgesehen.<\/em><\/p><\/blockquote>\n<p>Wie der Pressechef Thorsten Weber in einem Gespr\u00e4ch erl\u00e4uterte, rechnet die Berliner Polizei damit, Anfang Mai durch Corona-F\u00e4lle in den eigenen Reihen und die Bewachung der wegen der Pandemie gesperrten Spielpl\u00e4tze \u00fcberlastet zu sein. Da die Rheinmetall AG sich nicht habe davon abbringen lassen, ihre Hauptversammlung am 5.5.2020 stattfinden zu lassen, und Aktivist*innen <a href=\"https:\/\/rheinmetall-hauptversammlung.org\/aufruf-ungehorsamer-aktionaere-die-rheinmetall-hauptversammlung-stoeren\/\">\u00f6ffentlich zum &#8222;Rebellischen B\u00fchnensturm&#8220; und zum St\u00f6ren der Hauptversammlung eingeladen h\u00e4tten<\/a>, werde das Land Berlin die Bundeswehr voraussichtlich um Amtshilfe beim Schutz der Hauptversammlung bitten.<\/p>\n<p>Die Bundeswehr werde dabei spezifisch milit\u00e4rische Waffen nur in besonderen Ausnahmef\u00e4llen und auf Weisung der Bundesministerin einsetzen. Damit es erst gar nicht zu gewaltsamen Zwischenf\u00e4llen mit Friedensaktivist*innen und kritischen Aktion\u00e4r*innen k\u00e4me, habe das Luftwaffenkommando entschieden, auf zivilmilit\u00e4rische Einsatzerfahrungen aus Afghanistan zur\u00fcckzugreifen und von vornherein den direkten Kontakt zu den mutma\u00dflichen St\u00f6rer*innen der Rheinmetall-HV zu suchen. Wer von der Bundeswehr kostenfrei zum Aktionsort geflogen wird, wird entspannter protestieren, so das Kalk\u00fcl.<\/p>\n<div id=\"attachment_14829\" style=\"width: 746px\" class=\"wp-caption aligncenter\"><img loading=\"lazy\" decoding=\"async\" aria-describedby=\"caption-attachment-14829\" class=\"size-full wp-image-14829\" src=\"https:\/\/www.friedenkoeln.de\/wp-content\/uploads\/2020\/04\/ostermarsch-rheinland-duesseldorf_003.jpg\" alt=\"Mehrere Frauen in aufgeblasenen knallroten Ballonkost\u00fcmen und knallroten Per\u00fccken demonstrieren zwischen anderen dicht gedr\u00e4ngt gegen Rheinmetall.\" width=\"736\" height=\"1031\" srcset=\"https:\/\/www.friedenkoeln.de\/wp-content\/uploads\/2020\/04\/ostermarsch-rheinland-duesseldorf_003.jpg 736w, https:\/\/www.friedenkoeln.de\/wp-content\/uploads\/2020\/04\/ostermarsch-rheinland-duesseldorf_003-107x150.jpg 107w\" sizes=\"auto, (max-width: 736px) 100vw, 736px\" \/><p id=\"caption-attachment-14829\" class=\"wp-caption-text\">&#8222;Wir infizieren Rheinmetall mit Frieden!&#8220;. Die Linken Bazillen beim beim Ostermarsch Rhein-Ruhr in D\u00fcsseldorf, 31.3.2018. Foto: Bodo P. Schmitz, www.mutbuergerdokus.de .<\/p><\/div>\n<hr \/>\n<p><em>Die DFG-VK Gruppe K\u00f6ln hat &#8211; auch wegen der klimasch\u00e4digenden Wirkung des Milit\u00e4r-Jets &#8211; kontrovers \u00fcber dieses Angebot diskutiert und konnte sich nicht zu einer gemeinsamen Position durchringen. Wir ver\u00f6ffentlichen das Angebot daher ohne eigene Handlungsempfehlung und bitten alle, die sich daf\u00fcr interessieren, uns von ihren Erfahrungen zu berichten!<\/em><\/p>\n<p><em>Interessent*innen melden sich bitte bei kontakt@friedenkoeln.de.<\/em><\/p>\n<p><em>Es werden f\u00fcnf Pl\u00e4tze f\u00fcr Friedensaktivist*innen in der Reihenfolge der Anmeldung bis\u00a0sp\u00e4testens zum 24.4.2020, 18:00 Uhr, reserviert. Ein Mund-Nasen-Schutz zur Infektionsvermeidung wird gestellt. Bei einer Absage, bzw. Verschiebung der Hauptversammlung entf\u00e4llt der Flug. Ein Rechtsanspruch besteht nicht. Der Abflug ist am 5.5.2020 um 7:25 Uhr im milit\u00e4rischen Teil des Flughafen K\u00f6ln-Bonn. Wegen der Sicherheitskontrollen ist es ratsam, sich um 5:25 Uhr einzufinden. N\u00e4heres wird den Flugg\u00e4sten direkt mitgeteilt.<\/em><\/p>\n","protected":false},"excerpt":{"rendered":"<p>K\u00f6ln, 1. April 2020.\u00a0Friedensbewegte, kritische Aktion\u00e4r*innen aus K\u00f6ln und Umgebung haben die M\u00f6glichkeit, kostenfrei in einem Jet der Bundeswehr von K\u00f6ln-Wahn nach Berlin zur Hauptversammlung des R\u00fcstungskonzerns Rheinmetall AG zu fliegen, die am 5.5.2020&#46;&#46;&#46;<\/p>\n","protected":false},"author":110,"featured_media":0,"comment_status":"open","ping_status":"open","sticky":false,"template":"","format":"standard","meta":{"footnotes":""},"categories":[104,172],"tags":[48,37,130,175,179],"class_list":["post-14814","post","type-post","status-publish","format-standard","hentry","category-ankuendigung","category-satire","tag-bundeswehr","tag-ruestungsexporte","tag-ruestungsindustrie","tag-verfassung","tag-zivil-militaerische-zusammenarbeit"],"_links":{"self":[{"href":"https:\/\/www.friedenkoeln.de\/index.php?rest_route=\/wp\/v2\/posts\/14814","targetHints":{"allow":["GET"]}}],"collection":[{"href":"https:\/\/www.friedenkoeln.de\/index.php?rest_route=\/wp\/v2\/posts"}],"about":[{"href":"https:\/\/www.friedenkoeln.de\/index.php?rest_route=\/wp\/v2\/types\/post"}],"author":[{"embeddable":true,"href":"https:\/\/www.friedenkoeln.de\/index.php?rest_route=\/wp\/v2\/users\/110"}],"replies":[{"embeddable":true,"href":"https:\/\/www.friedenkoeln.de\/index.php?rest_route=%2Fwp%2Fv2%2Fcomments&post=14814"}],"version-history":[{"count":17,"href":"https:\/\/www.friedenkoeln.de\/index.php?rest_route=\/wp\/v2\/posts\/14814\/revisions"}],"predecessor-version":[{"id":14832,"href":"https:\/\/www.friedenkoeln.de\/index.php?rest_route=\/wp\/v2\/posts\/14814\/revisions\/14832"}],"wp:attachment":[{"href":"https:\/\/www.friedenkoeln.de\/index.php?rest_route=%2Fwp%2Fv2%2Fmedia&parent=14814"}],"wp:term":[{"taxonomy":"category","embeddable":true,"href":"https:\/\/www.friedenkoeln.de\/index.php?rest_route=%2Fwp%2Fv2%2Fcategories&post=14814"},{"taxonomy":"post_tag","embeddable":true,"href":"https:\/\/www.friedenkoeln.de\/index.php?rest_route=%2Fwp%2Fv2%2Ftags&post=14814"}],"curies":[{"name":"wp","href":"https:\/\/api.w.org\/{rel}","templated":true}]}}